{"id":67091,"date":"2025-04-15T19:00:14","date_gmt":"2025-04-15T18:00:14","guid":{"rendered":"https:\/\/www.entroncamentoonline.pt\/portal\/?p=67091"},"modified":"2025-04-15T19:00:14","modified_gmt":"2025-04-15T18:00:14","slug":"entroncamento-nova-longa-metragem-de-pedro-cabeleira-seleccionada-para-a-seccao-acid-do-festival-de-cannes","status":"publish","type":"post","link":"https:\/\/www.entroncamentoonline.pt\/portal\/entroncamento-nova-longa-metragem-de-pedro-cabeleira-seleccionada-para-a-seccao-acid-do-festival-de-cannes\/","title":{"rendered":"Entroncamento: Nova longa-metragem de Pedro Cabeleira seleccionada para a sec\u00e7\u00e3o ACID do Festival de Cannes"},"content":{"rendered":"<p align=\"left\"><em><span style=\"color: #000000;\"><span style=\"font-family: Arial, sans-serif;\"><span style=\"font-size: medium;\"><span lang=\"pt-PT\">A<\/span><\/span><\/span><\/span><\/em><span style=\"color: #000000;\"><span style=\"font-family: Arial, sans-serif;\"><span style=\"font-size: medium;\"><span lang=\"pt-PT\"> mais recente longa-metragem de Pedro Cabeleira, realizador natural do Entroncamento \u2013 produzida pela OPTEC, e distribu\u00edda em Portugal por Magenta\/Uma Pedra no Sapato &#8211; est\u00e1 seleccionada para a 33.\u00aa do ACID, a sec\u00e7\u00e3o paralela do Festival de Cannes, que decorre de 13 a 24 de Maio.<\/span><\/span><\/span><\/span><\/p>\n<p align=\"left\"><span style=\"color: #000000;\"><span style=\"font-family: Arial, sans-serif;\"><span style=\"font-size: medium;\"><span lang=\"pt-PT\">Esta \u00e9 a s<\/span><\/span><\/span><\/span><span style=\"color: #000000;\"><span style=\"font-family: Arial, sans-serif;\"><span style=\"font-size: medium;\"><span lang=\"pt-PT\">egunda longa-metragem realizada por Pedro Cabeleira <\/span><\/span><\/span><\/span><span style=\"color: #000000;\"><span style=\"font-family: Arial, sans-serif;\"><span style=\"font-size: medium;\"><span lang=\"pt-PT\">e<\/span><\/span><\/span><\/span> <span style=\"color: #000000;\"><span style=\"font-family: Arial, sans-serif;\"><span style=\"font-size: medium;\"><span lang=\"pt-PT\">conta com as interpreta\u00e7\u00f5es de Ana Vila\u00e7a, Cleo Di\u00e1ra, Rafael Morais, Tiago Costa, S\u00e9rgio Coragem, Andr\u00e9 Sim\u00f5es e o estreante Henrique Barbosa.<\/span><\/span><\/span><\/span><\/p>\n<p align=\"left\"><span style=\"color: #000000;\"><span style=\"font-family: Arial, sans-serif;\"><span style=\"font-size: medium;\">Esta fic\u00e7\u00e3o &#8211; filmada na cidade natal do realizador &#8211; conta a hist\u00f3ria de Laura que, em fuga de um passado turbulento, refugia-se no Entroncamento para reconstruir a sua vida. Dividida entre um emprego honesto e os esquemas do pequeno crime, cruza-se com uma juventude desencantada n\u00e3o muito diferente de si. Nas ruas da cidade ferrovi\u00e1ria sobressaem as lealdades, a gan\u00e2ncia, a viol\u00eancia e a m\u00e1 sorte \u2014 onde toda a gente s\u00f3 quer uma vida melhor.<\/span><\/span><\/span><\/p>\n<p align=\"left\"><span style=\"color: #000000;\"><span style=\"font-family: Arial, sans-serif;\"><span style=\"font-size: medium;\">O argumento \u00e9 assinado por Diogo Figueira e Pedro Cabeleira e a direc\u00e7\u00e3o de fotografia \u00e9 de Leonor Teles.<\/span><\/span><\/span><\/p>\n<p align=\"left\"><span style=\"color: #000000;\"><span style=\"font-family: Arial, sans-serif;\"><span style=\"font-size: medium;\"><span lang=\"pt-PT\">Esta \u00e9 a terceira estreia mundial de filmes assinados por Pedro Cabeleira, depois de \u201c<\/span><\/span><\/span><\/span><em><span style=\"color: #000000;\"><span style=\"font-family: Arial, sans-serif;\"><span style=\"font-size: medium;\"><span lang=\"pt-PT\">Ver\u00e3o Danado\u201d <\/span><\/span><\/span><\/span><\/em><span style=\"color: #000000;\"><span style=\"font-family: Arial, sans-serif;\"><span style=\"font-size: medium;\"><span lang=\"pt-PT\">(2017), no festival de Locarno, onde recebeu uma Men\u00e7\u00e3o Especial do J\u00fari, e de \u201c<\/span><\/span><\/span><\/span><em><span style=\"color: #000000;\"><span style=\"font-family: Arial, sans-serif;\"><span style=\"font-size: medium;\"><span lang=\"pt-PT\">By Fl\u00e1vio\u201d <\/span><\/span><\/span><\/span><\/em><span style=\"color: #000000;\"><span style=\"font-family: Arial, sans-serif;\"><span style=\"font-size: medium;\"><span lang=\"pt-PT\">(2022), no festival de Berlim.<\/span><\/span><\/span><\/span><\/p>\n<p align=\"left\"><span style=\"font-family: Arial, sans-serif;\"><span style=\"font-size: medium;\"><span style=\"color: #000000;\">Considerada um verdadeiro laborat\u00f3rio de filmes audaciosos, o ACID \u00e9 uma sec\u00e7\u00e3o n\u00e3o competitiva e a \u00fanica sec\u00e7\u00e3o de Cannes cujos filmes s\u00e3o selecionados apenas por cineastas.<\/span><\/span><\/span><\/p>\n<p align=\"left\"><strong><span style=\"font-family: Arial, sans-serif;\"><span style=\"font-size: medium;\"><span lang=\"pt-PT\"><b>Sobre Pedro Cabeleira<\/b><\/span><\/span><\/span><\/strong><span style=\"font-family: Arial, sans-serif;\"><span style=\"font-size: medium;\"><span lang=\"pt-PT\"><br \/>\n<\/span><\/span><\/span><span style=\"color: #000000;\"><span style=\"font-family: Arial, sans-serif;\"><span style=\"font-size: medium;\"><span lang=\"pt-PT\">Pedro Cabeleira nasceu em 1992, no Entroncamento &#8211; Portugal. Depois de se licenciar em Realiza\u00e7\u00e3o na Escola Superior de Teatro e Cinema de Lisboa, come\u00e7ou a filmar a sua primeira longa-metragem sem or\u00e7amento e trabalhando com jovens actores e uma jovem equipa que conheceu durante a escola de cinema. Filmado ao longo de um ano e com um per\u00edodo de p\u00f3s-produ\u00e7\u00e3o de tr\u00eas anos, <\/span><\/span><\/span><\/span><em><span style=\"color: #000000;\"><span style=\"font-family: Arial, sans-serif;\"><span style=\"font-size: medium;\"><span lang=\"pt-PT\">Ver\u00e3o Danado <\/span><\/span><\/span><\/span><\/em><span style=\"color: #000000;\"><span style=\"font-family: Arial, sans-serif;\"><span style=\"font-size: medium;\"><span lang=\"pt-PT\">estreou em 2017 no Festival de Locarno (Men\u00e7\u00e3o Especial do J\u00fari). O filme foi depois selecionado para v\u00e1rios festivais internacionais de cinema, incluindo Mar del Plata, Torino, Tiblisi, Vilnius e Cannes (na sec\u00e7\u00e3o paralela ACID TRIP). Em 2018, realizou a curta-metragem <\/span><\/span><\/span><\/span><em><span style=\"color: #000000;\"><span style=\"font-family: Arial, sans-serif;\"><span style=\"font-size: medium;\"><span lang=\"pt-PT\">Filomena<\/span><\/span><\/span><\/span><\/em><span style=\"color: #000000;\"><span style=\"font-family: Arial, sans-serif;\"><span style=\"font-size: medium;\"><span lang=\"pt-PT\">, encomendada pela Trienal de Arquitectura de Lisboa, para integrar a exposi\u00e7\u00e3o itinerante <\/span><\/span><\/span><\/span><em><span style=\"color: #000000;\"><span style=\"font-family: Arial, sans-serif;\"><span style=\"font-size: medium;\"><span lang=\"pt-PT\">Lisbon Acts<\/span><\/span><\/span><\/span><\/em><span style=\"color: #000000;\"><span style=\"font-family: Arial, sans-serif;\"><span style=\"font-size: medium;\"><span lang=\"pt-PT\">, com estreia tamb\u00e9m no IndieLisboa 2019. Estreou a curta-metragem <\/span><\/span><\/span><\/span><em><span style=\"color: #000000;\"><span style=\"font-family: Arial, sans-serif;\"><span style=\"font-size: medium;\"><span lang=\"pt-PT\">By Fl\u00e1vio<\/span><\/span><\/span><\/span><\/em><span style=\"color: #000000;\"><span style=\"font-family: Arial, sans-serif;\"><span style=\"font-size: medium;\"><span lang=\"pt-PT\">, em 2022, na competi\u00e7\u00e3o oficial da Berlinale, com a qual venceu o Pr\u00e9mio Sophia para Melhor Curta-Metragem de Fic\u00e7\u00e3o (Academia Portuguesa de Cinema). <\/span><\/span><\/span><\/span><em><span style=\"color: #000000;\"><span style=\"font-family: Arial, sans-serif;\"><span style=\"font-size: medium;\"><span lang=\"pt-PT\">Entroncamento<\/span><\/span><\/span><\/span><\/em><span style=\"color: #000000;\"><span style=\"font-family: Arial, sans-serif;\"><span style=\"font-size: medium;\"><span lang=\"pt-PT\">, a sua segunda longa-metragem, foi filmado na sua cidade natal e estrear\u00e1 no Festival de Cannes em 2025, na sec\u00e7\u00e3o ACID.<\/span><\/span><\/span><\/span><\/p>\n<div class=\"fb-background-color\">\n\t\t\t  <div \n\t\t\t  \tclass = \"fb-comments\" \n\t\t\t  \tdata-href = \"https:\/\/www.entroncamentoonline.pt\/portal\/entroncamento-nova-longa-metragem-de-pedro-cabeleira-seleccionada-para-a-seccao-acid-do-festival-de-cannes\/\"\n\t\t\t  \tdata-numposts = \"10\"\n\t\t\t  \tdata-lazy = \"true\"\n\t\t\t\tdata-colorscheme = \"light\"\n\t\t\t\tdata-order-by = \"social\"\n\t\t\t\tdata-mobile=true>\n\t\t\t  <\/div><\/div>\n\t\t  <style>\n\t\t    .fb-background-color {\n\t\t\t\tbackground:  !important;\n\t\t\t}\n\t\t\t.fb_iframe_widget_fluid_desktop iframe {\n\t\t\t    width: 100% !important;\n\t\t\t}\n\t\t  <\/style>\n\t\t  ","protected":false},"excerpt":{"rendered":"<p>A mais recente longa-metragem de Pedro Cabeleira, realizador natural do Entroncamento \u2013 produzida pela OPTEC, e distribu\u00edda em Portugal por Magenta\/Uma Pedra no Sapato &#8211; est\u00e1 seleccionada para a 33.\u00aa do ACID, a sec\u00e7\u00e3o paralela do Festival de Cannes, que decorre de 13 a 24 de Maio. Esta \u00e9 a segunda longa-metragem realizada por Pedro [&hellip;]<\/p>\n","protected":false},"author":43,"featured_media":67092,"comment_status":"open","ping_status":"closed","sticky":false,"template":"","format":"standard","meta":{"_acf_changed":false,"footnotes":""},"categories":[56,54,26,32],"tags":[],"class_list":{"0":"post-67091","1":"post","2":"type-post","3":"status-publish","4":"format-standard","5":"has-post-thumbnail","7":"category-1apagina","8":"category-cultura","9":"category-entroncamento","10":"category-noticias"},"acf":[],"_links":{"self":[{"href":"https:\/\/www.entroncamentoonline.pt\/portal\/wp-json\/wp\/v2\/posts\/67091","targetHints":{"allow":["GET"]}}],"collection":[{"href":"https:\/\/www.entroncamentoonline.pt\/portal\/wp-json\/wp\/v2\/posts"}],"about":[{"href":"https:\/\/www.entroncamentoonline.pt\/portal\/wp-json\/wp\/v2\/types\/post"}],"author":[{"embeddable":true,"href":"https:\/\/www.entroncamentoonline.pt\/portal\/wp-json\/wp\/v2\/users\/43"}],"replies":[{"embeddable":true,"href":"https:\/\/www.entroncamentoonline.pt\/portal\/wp-json\/wp\/v2\/comments?post=67091"}],"version-history":[{"count":0,"href":"https:\/\/www.entroncamentoonline.pt\/portal\/wp-json\/wp\/v2\/posts\/67091\/revisions"}],"wp:featuredmedia":[{"embeddable":true,"href":"https:\/\/www.entroncamentoonline.pt\/portal\/wp-json\/wp\/v2\/media\/67092"}],"wp:attachment":[{"href":"https:\/\/www.entroncamentoonline.pt\/portal\/wp-json\/wp\/v2\/media?parent=67091"}],"wp:term":[{"taxonomy":"category","embeddable":true,"href":"https:\/\/www.entroncamentoonline.pt\/portal\/wp-json\/wp\/v2\/categories?post=67091"},{"taxonomy":"post_tag","embeddable":true,"href":"https:\/\/www.entroncamentoonline.pt\/portal\/wp-json\/wp\/v2\/tags?post=67091"}],"curies":[{"name":"wp","href":"https:\/\/api.w.org\/{rel}","templated":true}]}}