{"id":66629,"date":"2025-03-22T17:32:10","date_gmt":"2025-03-22T17:32:10","guid":{"rendered":"https:\/\/www.entroncamentoonline.pt\/portal\/?p=66629"},"modified":"2025-04-01T12:09:52","modified_gmt":"2025-04-01T11:09:52","slug":"a-cronica-de-evelina-gaspar-a-associacao","status":"publish","type":"post","link":"https:\/\/www.entroncamentoonline.pt\/portal\/a-cronica-de-evelina-gaspar-a-associacao\/","title":{"rendered":"A Cr\u00f3nica de Evelina Gaspar: &#8220;A Associa\u00e7\u00e3o&#8221;"},"content":{"rendered":"<p align=\"justify\"><a name=\"_GoBack\"><\/a> <span style=\"font-family: Arial, sans-serif;\"><span style=\"font-size: medium;\">O meu amigo Filipe come\u00e7ou a colaborar com a Associa\u00e7\u00e3o h\u00e1 tr\u00eas anos, pouco depois de a Raquel lhe partir o cora\u00e7\u00e3o. H\u00e1 dores t\u00e3o profundas que s\u00e3o uma rosa de sangue a desabrochar no peito. Os homens assim, nesta condi\u00e7\u00e3o, por onde quer que andem, apresentam-se sempre endomingados, de flor na lapela. O grande desgosto no fundo a ser uma esp\u00e9cie de sofistica\u00e7\u00e3o com que se veste o cora\u00e7\u00e3o para frequentar a festa da vida. \u00c9 mais desconfort\u00e1vel do que a vestimenta casual, l\u00e1 isso \u00e9, mas diferencia aquele que assim se apresenta. Quem sofre uma dor de alma torna-se distinto, ganha densidade; ascende a um patamar que n\u00e3o est\u00e1 reservado a todos. A alma do homem, que em segredo se oculta sob as vestes, a parecer-se com o ferro na forja, no qual h\u00e1 que malhar com for\u00e7a para dar a forma certa. O ferreiro fabrica instrumentos, e estes, para cumprirem o seu prop\u00f3sito, t\u00eam de ser bem forjados. E sem fornalha e sem bigorna, nada feito. A fornalha para o Filipe foi a paix\u00e3o incendi\u00e1ria pela Raquel e a bigorna o facto de ela ter-lhe dado com os p\u00e9s, e logo para ficar com o Z\u00e9 Miguel, seu primo e melhor amigo.<\/span><\/span><\/p>\n<p align=\"justify\"><span style=\"font-family: Arial, sans-serif;\"><span style=\"font-size: medium;\">Nos primeiros tempos, logo ao despertar, as l\u00e1grimas afloravam aos olhos do meu amigo antes mesmo de ele os abrir, ao recordar-se, na cama ainda, do rosto dela. E \u00e0 noite, s\u00f3 depois de ter regado o travesseiro com um choro fundo e silencioso \u00e9 que adormecia, j\u00e1 de madrugada. De manh\u00e3 \u00e0 noite, trazia o Filipe o peito em carne viva.<\/span><\/span><\/p>\n<p align=\"justify\"><span style=\"font-family: Arial, sans-serif;\"><span style=\"font-size: medium;\">At\u00e9 que um dia viu um an\u00fancio a pedir volunt\u00e1rios, e sem saber porqu\u00ea escutou um clique qualquer, muito discreto, a dar sinal dentro de si. Contactou a Associa\u00e7\u00e3o e ofereceu-se para colaborar. Eles agradeceram, toda a ajuda \u00e9 bem-vinda, disseram-lhe. A partir de ent\u00e3o, duas noites por semana, quem quiser encontrar o Filipe em Lisboa \u00e9 ir ao Campo das Cebolas, onde topam com ele a distribuir sopa pelos mais desventurados. De in\u00edcio a mis\u00e9ria chocou-o. Aquele cortejo de maltrapilhos, fam\u00e9licos e malcheirosos causou-lhe arrepios. Mas \u00e0 noite, ao deitar a cabe\u00e7a no travesseiro, tinha a mente t\u00e3o povoada de semblantes desoladores, que Raquel sentia agora dificuldades para se imiscuir por entre os rostos que passaram a frequentar o pensamento de Filipe. Ela t\u00e3o loura e luminosa, com os seus perfeitos dentes brancos, fugia de se misturar com aquela trupe de enjeitados encardidos, e h\u00e1 medida que o tempo foi passando as suas apari\u00e7\u00f5es no pensar de Filipe foram-se espa\u00e7ando cada vez mais.<\/span><\/span><\/p>\n<p align=\"justify\"><span style=\"font-family: Arial, sans-serif;\"><span style=\"font-size: medium;\">Como a mancha difusa que vai ganhado contornos precisos na justa medida em que o nosso olhar se aproxima, Filipe foi conhecendo as hist\u00f3rias de vida por tr\u00e1s de cada rosto na fila diante da carrinha da Associa\u00e7\u00e3o. De uma vis\u00e3o de grupo, Filipe passou a descortinar indiv\u00edduos. A Mariana caiu na rua por causa do alcoolismo, o Jacinto ficou desempregado e deixou de poder pagar a renda, o M\u00e1rio foi expulso de casa quando a fam\u00edlia descobriu que era homossexual, \u00e0 Kiara deitaram-lhe abaixo a barraca com um buld\u00f3zer\u2026 Cada rosto, uma hist\u00f3ria. <\/span><\/span><\/p>\n<p align=\"justify\"><span style=\"font-family: Arial, sans-serif;\"><span style=\"font-size: medium;\">Com isto o Filipe pensa agora cada vez menos na Raquel. E em certas alturas os tra\u00e7os exactos do seu rosto de serafim esfumam-se quase completamente. A parecer que se passaram muitos anos. No \u00faltimo Natal encontrou o Z\u00e9 Miguel em casa da tia e surpreendeu-se a estender-lhe a m\u00e3o, como se n\u00e3o fosse ele seu inimigo jurado. <\/span><span style=\"font-size: medium;\"><i>A vida continua<\/i><\/span><span style=\"font-size: medium;\">, ouviu a tia, aliviada, segredar ao tio. <\/span><\/span><\/p>\n<p align=\"justify\"><span style=\"font-family: Arial, sans-serif;\"><span style=\"font-size: medium;\">Na semana passada a fila para a sopa no Campo das Cebolas teve uma novidade. Com surpresa, dentre os fregueses do costume, Filipe reparou num casal muito bem-posto, com uma eleg\u00e2ncia que fazia vivo contraste com os restantes membros da fila. Ele vestia cal\u00e7as de ganga, camisa \u00e0s riscas e blus\u00e3o de camur\u00e7a, e ela saia preta e uma parka quentinha. O meu amigo quis conhecer a hist\u00f3ria deles, pois n\u00e3o tinham ar de sem-abrigo. Descobriu que efectivamente n\u00e3o viviam na rua. Pelo menos por enquanto. Tinham emprego e casa, mas haviam sido excepcionalmente aceites a n\u00edvel tempor\u00e1rio no programa de distribui\u00e7\u00e3o alimentar, porque desde a subida das taxas de juro e com a infla\u00e7\u00e3o o ordenado de ambos dava-lhes apenas para pagar o empr\u00e9stimo ao banco, n\u00e3o chegando para prover \u00e0 alimenta\u00e7\u00e3o. No fundo estavam a ser ajudados para evitar que amanh\u00e3 estivessem na mesma situa\u00e7\u00e3o que os restantes, ou seja na condi\u00e7\u00e3o de sem-tecto. Quem v\u00ea caras realmente n\u00e3o v\u00ea cora\u00e7\u00f5es. Passando por este casal na rua, ningu\u00e9m imagina que duas vezes por semana eles se apresentam na fila da sopa. E no entanto\u2026 <\/span><\/span><\/p>\n<p align=\"justify\"><span style=\"font-family: Arial, sans-serif;\"><span style=\"font-size: medium;\">Apesar de parecerem diferentes, diante da carrinha da Associa\u00e7\u00e3o, todos se assemelham de alguma maneira. Assemelham-se ao Filipe tamb\u00e9m. Apresentam-se todos adornados com uma rosa de sangue ao peito. O que ser\u00e1 que ir\u00e3o fazer com ela?<\/span><\/span><\/p>\n<p align=\"justify\"><em>Evelina Gaspar<\/em><\/p>\n<p align=\"justify\">\n<div class=\"fb-background-color\">\n\t\t\t  <div \n\t\t\t  \tclass = \"fb-comments\" \n\t\t\t  \tdata-href = \"https:\/\/www.entroncamentoonline.pt\/portal\/a-cronica-de-evelina-gaspar-a-associacao\/\"\n\t\t\t  \tdata-numposts = \"10\"\n\t\t\t  \tdata-lazy = \"true\"\n\t\t\t\tdata-colorscheme = \"light\"\n\t\t\t\tdata-order-by = \"social\"\n\t\t\t\tdata-mobile=true>\n\t\t\t  <\/div><\/div>\n\t\t  <style>\n\t\t    .fb-background-color {\n\t\t\t\tbackground:  !important;\n\t\t\t}\n\t\t\t.fb_iframe_widget_fluid_desktop iframe {\n\t\t\t    width: 100% !important;\n\t\t\t}\n\t\t  <\/style>\n\t\t  ","protected":false},"excerpt":{"rendered":"<p>O meu amigo Filipe come\u00e7ou a colaborar com a Associa\u00e7\u00e3o h\u00e1 tr\u00eas anos, pouco depois de a Raquel lhe partir o cora\u00e7\u00e3o. H\u00e1 dores t\u00e3o profundas que s\u00e3o uma rosa de sangue a desabrochar no peito. Os homens assim, nesta condi\u00e7\u00e3o, por onde quer que andem, apresentam-se sempre endomingados, de flor na lapela. O grande [&hellip;]<\/p>\n","protected":false},"author":48,"featured_media":66302,"comment_status":"open","ping_status":"closed","sticky":false,"template":"","format":"standard","meta":{"_acf_changed":false,"footnotes":""},"categories":[55,139,206],"tags":[],"class_list":{"0":"post-66629","1":"post","2":"type-post","3":"status-publish","4":"format-standard","5":"has-post-thumbnail","7":"category-cronica","8":"category-cronica-eol","9":"category-evelina-gaspar"},"acf":[],"_links":{"self":[{"href":"https:\/\/www.entroncamentoonline.pt\/portal\/wp-json\/wp\/v2\/posts\/66629","targetHints":{"allow":["GET"]}}],"collection":[{"href":"https:\/\/www.entroncamentoonline.pt\/portal\/wp-json\/wp\/v2\/posts"}],"about":[{"href":"https:\/\/www.entroncamentoonline.pt\/portal\/wp-json\/wp\/v2\/types\/post"}],"author":[{"embeddable":true,"href":"https:\/\/www.entroncamentoonline.pt\/portal\/wp-json\/wp\/v2\/users\/48"}],"replies":[{"embeddable":true,"href":"https:\/\/www.entroncamentoonline.pt\/portal\/wp-json\/wp\/v2\/comments?post=66629"}],"version-history":[{"count":0,"href":"https:\/\/www.entroncamentoonline.pt\/portal\/wp-json\/wp\/v2\/posts\/66629\/revisions"}],"wp:featuredmedia":[{"embeddable":true,"href":"https:\/\/www.entroncamentoonline.pt\/portal\/wp-json\/wp\/v2\/media\/66302"}],"wp:attachment":[{"href":"https:\/\/www.entroncamentoonline.pt\/portal\/wp-json\/wp\/v2\/media?parent=66629"}],"wp:term":[{"taxonomy":"category","embeddable":true,"href":"https:\/\/www.entroncamentoonline.pt\/portal\/wp-json\/wp\/v2\/categories?post=66629"},{"taxonomy":"post_tag","embeddable":true,"href":"https:\/\/www.entroncamentoonline.pt\/portal\/wp-json\/wp\/v2\/tags?post=66629"}],"curies":[{"name":"wp","href":"https:\/\/api.w.org\/{rel}","templated":true}]}}