{"id":66516,"date":"2025-03-18T11:04:19","date_gmt":"2025-03-18T11:04:19","guid":{"rendered":"https:\/\/www.entroncamentoonline.pt\/portal\/?p=66516"},"modified":"2025-03-18T11:04:19","modified_gmt":"2025-03-18T11:04:19","slug":"necrologia-maria-antonia-heitor-entroncamento","status":"publish","type":"post","link":"https:\/\/www.entroncamentoonline.pt\/portal\/necrologia-maria-antonia-heitor-entroncamento\/","title":{"rendered":"Necrologia: Maria Ant\u00f3nia Heitor &#8211; Entroncamento"},"content":{"rendered":"<p align=\"left\"><span style=\"color: #2c363a;\"><span style=\"font-family: Verdana, Geneva, sans-serif;\"><span style=\"font-size: small;\"><span style=\"font-family: Arial, sans-serif;\"><span style=\"font-size: medium;\">Faleceu Maria Ant\u00f3nia Heitor, de 96 anos, que residia na <\/span><\/span><span style=\"font-family: Arial, sans-serif;\"><span style=\"font-size: medium;\">Rua da Esperan\u00e7a \u2013 Entroncamento.<\/span><\/span><\/span><\/span><\/span><\/p>\n<p align=\"left\"><span style=\"color: #2c363a;\"><span style=\"font-family: Arial, sans-serif;\"><span style=\"font-size: medium;\">O seu funeral realizar-se-\u00e1 no dia 18 de mar\u00e7o de 2025 (ter\u00e7a-feira), saindo da Capela<br \/>\nMortu\u00e1ria da Sagrada Fam\u00edlia &#8211; Entroncamento pelas 10:00 horas, com destino ao<br \/>\nCemit\u00e9rio do Entroncamento, onde ser\u00e3o celebradas as respetivas cerim\u00f3nias f\u00fanebres<br \/>\npelas 10:30 horas.<\/span><\/span><\/span><\/p>\n<p align=\"left\"><em>Ag\u00eancia Funer\u00e1ria Rainho<\/em><\/p>\n<div class=\"fb-background-color\">\n\t\t\t  <div \n\t\t\t  \tclass = \"fb-comments\" \n\t\t\t  \tdata-href = \"https:\/\/www.entroncamentoonline.pt\/portal\/necrologia-maria-antonia-heitor-entroncamento\/\"\n\t\t\t  \tdata-numposts = \"10\"\n\t\t\t  \tdata-lazy = \"true\"\n\t\t\t\tdata-colorscheme = \"light\"\n\t\t\t\tdata-order-by = \"social\"\n\t\t\t\tdata-mobile=true>\n\t\t\t  <\/div><\/div>\n\t\t  <style>\n\t\t    .fb-background-color {\n\t\t\t\tbackground:  !important;\n\t\t\t}\n\t\t\t.fb_iframe_widget_fluid_desktop iframe {\n\t\t\t    width: 100% !important;\n\t\t\t}\n\t\t  <\/style>\n\t\t  ","protected":false},"excerpt":{"rendered":"<p>Faleceu Maria Ant\u00f3nia Heitor, de 96 anos, que residia na Rua da Esperan\u00e7a \u2013 Entroncamento. O seu funeral realizar-se-\u00e1 no dia 18 de mar\u00e7o de 2025 (ter\u00e7a-feira), saindo da Capela Mortu\u00e1ria da Sagrada Fam\u00edlia &#8211; Entroncamento pelas 10:00 horas, com destino ao Cemit\u00e9rio do Entroncamento, onde ser\u00e3o celebradas as respetivas cerim\u00f3nias f\u00fanebres pelas 10:30 horas. [&hellip;]<\/p>\n","protected":false},"author":43,"featured_media":66517,"comment_status":"open","ping_status":"closed","sticky":false,"template":"","format":"standard","meta":{"_acf_changed":false,"footnotes":""},"categories":[41],"tags":[],"class_list":{"0":"post-66516","1":"post","2":"type-post","3":"status-publish","4":"format-standard","5":"has-post-thumbnail","7":"category-necrologia"},"acf":[],"_links":{"self":[{"href":"https:\/\/www.entroncamentoonline.pt\/portal\/wp-json\/wp\/v2\/posts\/66516","targetHints":{"allow":["GET"]}}],"collection":[{"href":"https:\/\/www.entroncamentoonline.pt\/portal\/wp-json\/wp\/v2\/posts"}],"about":[{"href":"https:\/\/www.entroncamentoonline.pt\/portal\/wp-json\/wp\/v2\/types\/post"}],"author":[{"embeddable":true,"href":"https:\/\/www.entroncamentoonline.pt\/portal\/wp-json\/wp\/v2\/users\/43"}],"replies":[{"embeddable":true,"href":"https:\/\/www.entroncamentoonline.pt\/portal\/wp-json\/wp\/v2\/comments?post=66516"}],"version-history":[{"count":0,"href":"https:\/\/www.entroncamentoonline.pt\/portal\/wp-json\/wp\/v2\/posts\/66516\/revisions"}],"wp:featuredmedia":[{"embeddable":true,"href":"https:\/\/www.entroncamentoonline.pt\/portal\/wp-json\/wp\/v2\/media\/66517"}],"wp:attachment":[{"href":"https:\/\/www.entroncamentoonline.pt\/portal\/wp-json\/wp\/v2\/media?parent=66516"}],"wp:term":[{"taxonomy":"category","embeddable":true,"href":"https:\/\/www.entroncamentoonline.pt\/portal\/wp-json\/wp\/v2\/categories?post=66516"},{"taxonomy":"post_tag","embeddable":true,"href":"https:\/\/www.entroncamentoonline.pt\/portal\/wp-json\/wp\/v2\/tags?post=66516"}],"curies":[{"name":"wp","href":"https:\/\/api.w.org\/{rel}","templated":true}]}}