{"id":66385,"date":"2025-03-12T11:14:39","date_gmt":"2025-03-12T11:14:39","guid":{"rendered":"https:\/\/www.entroncamentoonline.pt\/portal\/?p=66385"},"modified":"2025-03-12T11:14:39","modified_gmt":"2025-03-12T11:14:39","slug":"necrologia-vitor-manuel-martins-mateus-fortaleza-brasil","status":"publish","type":"post","link":"https:\/\/www.entroncamentoonline.pt\/portal\/necrologia-vitor-manuel-martins-mateus-fortaleza-brasil\/","title":{"rendered":"Necrologia: V\u00edtor Manuel Martins Mateus \u2013 Fortaleza (Brasil)"},"content":{"rendered":"<p align=\"left\"><span style=\"color: #2c363a;\"><span style=\"font-family: Verdana, Geneva, sans-serif;\"><span style=\"font-size: small;\"><span style=\"font-family: Arial, sans-serif;\"><span style=\"font-size: medium;\">Faleceu V\u00edtor Manuel Martins Mateus, de 60 anos, de <\/span><\/span><span style=\"font-family: Arial, sans-serif;\"><span style=\"font-size: medium;\">Fortaleza &#8211; Brasil<\/span><\/span><\/span><\/span><\/span><\/p>\n<p align=\"left\"><span style=\"color: #2c363a;\"><span style=\"font-family: Arial, sans-serif;\"><span style=\"font-size: medium;\">Sua esposa, filha, m\u00e3e, irm\u00e3os e restante fam\u00edlia, participam o seu falecimento.<\/span><\/span><\/span><\/p>\n<p align=\"left\"><em>Ag\u00eancia Funer\u00e1ria Rainho<\/em><\/p>\n<div class=\"fb-background-color\">\n\t\t\t  <div \n\t\t\t  \tclass = \"fb-comments\" \n\t\t\t  \tdata-href = \"https:\/\/www.entroncamentoonline.pt\/portal\/necrologia-vitor-manuel-martins-mateus-fortaleza-brasil\/\"\n\t\t\t  \tdata-numposts = \"10\"\n\t\t\t  \tdata-lazy = \"true\"\n\t\t\t\tdata-colorscheme = \"light\"\n\t\t\t\tdata-order-by = \"social\"\n\t\t\t\tdata-mobile=true>\n\t\t\t  <\/div><\/div>\n\t\t  <style>\n\t\t    .fb-background-color {\n\t\t\t\tbackground:  !important;\n\t\t\t}\n\t\t\t.fb_iframe_widget_fluid_desktop iframe {\n\t\t\t    width: 100% !important;\n\t\t\t}\n\t\t  <\/style>\n\t\t  ","protected":false},"excerpt":{"rendered":"<p>Faleceu V\u00edtor Manuel Martins Mateus, de 60 anos, de Fortaleza &#8211; Brasil Sua esposa, filha, m\u00e3e, irm\u00e3os e restante fam\u00edlia, participam o seu falecimento. Ag\u00eancia Funer\u00e1ria Rainho<\/p>\n","protected":false},"author":43,"featured_media":66386,"comment_status":"open","ping_status":"closed","sticky":false,"template":"","format":"standard","meta":{"_acf_changed":false,"footnotes":""},"categories":[1],"tags":[],"class_list":{"0":"post-66385","1":"post","2":"type-post","3":"status-publish","4":"format-standard","5":"has-post-thumbnail","7":"category-sem-categoria"},"acf":[],"_links":{"self":[{"href":"https:\/\/www.entroncamentoonline.pt\/portal\/wp-json\/wp\/v2\/posts\/66385","targetHints":{"allow":["GET"]}}],"collection":[{"href":"https:\/\/www.entroncamentoonline.pt\/portal\/wp-json\/wp\/v2\/posts"}],"about":[{"href":"https:\/\/www.entroncamentoonline.pt\/portal\/wp-json\/wp\/v2\/types\/post"}],"author":[{"embeddable":true,"href":"https:\/\/www.entroncamentoonline.pt\/portal\/wp-json\/wp\/v2\/users\/43"}],"replies":[{"embeddable":true,"href":"https:\/\/www.entroncamentoonline.pt\/portal\/wp-json\/wp\/v2\/comments?post=66385"}],"version-history":[{"count":0,"href":"https:\/\/www.entroncamentoonline.pt\/portal\/wp-json\/wp\/v2\/posts\/66385\/revisions"}],"wp:featuredmedia":[{"embeddable":true,"href":"https:\/\/www.entroncamentoonline.pt\/portal\/wp-json\/wp\/v2\/media\/66386"}],"wp:attachment":[{"href":"https:\/\/www.entroncamentoonline.pt\/portal\/wp-json\/wp\/v2\/media?parent=66385"}],"wp:term":[{"taxonomy":"category","embeddable":true,"href":"https:\/\/www.entroncamentoonline.pt\/portal\/wp-json\/wp\/v2\/categories?post=66385"},{"taxonomy":"post_tag","embeddable":true,"href":"https:\/\/www.entroncamentoonline.pt\/portal\/wp-json\/wp\/v2\/tags?post=66385"}],"curies":[{"name":"wp","href":"https:\/\/api.w.org\/{rel}","templated":true}]}}