{"id":66376,"date":"2025-03-11T17:26:02","date_gmt":"2025-03-11T17:26:02","guid":{"rendered":"https:\/\/www.entroncamentoonline.pt\/portal\/?p=66376"},"modified":"2025-03-11T13:23:47","modified_gmt":"2025-03-11T13:23:47","slug":"a-cronica-semanal-de-sandra-may-entre-mudancas-e-conexoes-nem-tudo-o-que-doi-ensina","status":"publish","type":"post","link":"https:\/\/www.entroncamentoonline.pt\/portal\/a-cronica-semanal-de-sandra-may-entre-mudancas-e-conexoes-nem-tudo-o-que-doi-ensina\/","title":{"rendered":"A Cr\u00f3nica semanal de Sandra May &#8211; Entre Mudan\u00e7as e conex\u00f5es: &#8220;Nem tudo o que d\u00f3i ensina&#8221;"},"content":{"rendered":"<p align=\"justify\"><span style=\"font-family: Arial, sans-serif;\"><span style=\"font-size: medium;\"><b>N\u00e3o consigo confiar em quem afirma que n\u00e3o tem arrependimentos.<\/b> E tudo piora se disser a famosa frase: \u201cPorque se n\u00e3o o fizesse, n\u00e3o seria quem sou hoje, ou n\u00e3o chegaria onde estou.\u201d<\/span><\/span><\/p>\n<p align=\"justify\"><span style=\"font-family: Arial, sans-serif;\"><span style=\"font-size: medium;\"><b>\u00c9 uma afirma\u00e7\u00e3o perigosa.<\/b><\/span><\/span><\/p>\n<p align=\"justify\"><span style=\"font-family: Arial, sans-serif;\"><span style=\"font-size: medium;\">N\u00e3o t\u00eam arrependimentos? Nem um? Pe\u00e7o desculpa se quem l\u00ea isto \u00e9 uma dessas pessoas, mas lamento informar: n\u00e3o acredito. A vida \u00e9 feita de remendos, recome\u00e7os e arrependimentos. Muitos.<\/span><\/span><\/p>\n<p align=\"justify\"><span style=\"font-family: Arial, sans-serif;\"><span style=\"font-size: medium;\"><b>O arrependimento \u00e9 o fio invis\u00edvel que nos cose \u00e0 consci\u00eancia.<\/b> Ele pesa, por vezes aperta, m\u00f3i nos dias mais cinzentos, mas tamb\u00e9m molda. Quem nunca sentiu o travo amargo de um <i>e se? <\/i>talvez n\u00e3o tenha olhado para tr\u00e1s com aten\u00e7\u00e3o suficiente.<\/span><\/span><\/p>\n<p align=\"justify\"><span style=\"font-family: Arial, sans-serif;\"><span style=\"font-size: medium;\">Porque h\u00e1 escolhas que nunca deviam ter sido feitas. Palavras que n\u00e3o deviam ter sido ditas. Caminhos que nos desviaram do essencial. E n\u00e3o h\u00e1 problema em admitir isso. <b>O problema est\u00e1 em romantizar cada erro como se fosse um degrau inevit\u00e1vel para o \u201csucesso\u201d.<\/b> Seja l\u00e1 o que isso for.<\/span><\/span><\/p>\n<p align=\"justify\"><span style=\"font-family: Arial, sans-serif;\"><span style=\"font-size: medium;\">Nem tudo o que fizemos foi necess\u00e1rio para chegarmos onde estamos. Algumas coisas foram apenas pedras desnecess\u00e1rias no caminho, trope\u00e7\u00f5es evit\u00e1veis, desvios que custaram caro.<\/span><\/span><\/p>\n<p align=\"justify\"><span style=\"font-family: Arial, sans-serif;\"><span style=\"font-size: medium;\">Eu sei o quanto custaram os meus. E ainda me recupero de alguns.<\/span><\/span><\/p>\n<p align=\"justify\"><span style=\"font-family: Arial, sans-serif;\"><span style=\"font-size: medium;\">Mas vivemos numa era em que admitir que err\u00e1mos \u00e9 quase um pecado mortal.<b> Como se o fracasso e a m\u00e1 decis\u00e3o tivessem sempre de ser reciclados em grandes li\u00e7\u00f5es de vida.<\/b> Como se ningu\u00e9m pudesse simplesmente dizer: &#8220;Sim, estraguei tudo. Foi est\u00fapido. E se pudesse, faria diferente.&#8221; ou \u201cSe pudesse, voltava atr\u00e1s.\u201d<\/span><\/span><\/p>\n<p align=\"justify\"><span style=\"font-family: Arial, sans-serif;\"><span style=\"font-size: medium;\">\u00c9s capaz de ler isto e dizer: \u201cComigo nunca aconteceu isso\u201d?<\/span><\/span><\/p>\n<p align=\"justify\"><span style=\"font-family: Arial, sans-serif;\"><span style=\"font-size: medium;\">Isso n\u00e3o \u00e9 humano.<\/span><\/span><\/p>\n<p align=\"justify\"><span style=\"font-family: Arial, sans-serif;\"><span style=\"font-size: medium;\">N\u00e3o tens mesmo aquele momento que, se pudesses apagar, apagavas?<\/span><\/span><\/p>\n<p align=\"justify\"><span style=\"font-family: Arial, sans-serif;\"><span style=\"font-size: medium;\">N\u00e3o. Claro que n\u00e3o tens.<\/span><\/span><\/p>\n<p align=\"justify\"><span style=\"font-family: Arial, sans-serif;\"><span style=\"font-size: medium;\">Preferimos continuar a criar narrativas bonitas para os nossos pr\u00f3prios desastres. <b>Embelezamos a queda, metemos uns filtros na desgra\u00e7a e chamamos-lhe experi\u00eancia.<\/b> \u00c0s vezes, s\u00f3 para n\u00e3o lidar com o inc\u00f3modo de saber que t\u00ednhamos capacidade para ter sido melhores, e simplesmente escolhemos n\u00e3o ser.<\/span><\/span><\/p>\n<p align=\"justify\"><span style=\"font-family: Arial, sans-serif;\"><span style=\"font-size: medium;\"><b>E isso d\u00f3i.<\/b><\/span><\/span><\/p>\n<p align=\"justify\"><span style=\"font-family: Arial, sans-serif;\"><span style=\"font-size: medium;\">Ou para lidar com aquele arrependimento de n\u00e3o ter vivido um momento por medo das consequ\u00eancias. Porque metemos na cabe\u00e7a que a nossa vida \u00e9 de toda a gente menos nossa. Que estamos sob julgamento constante, <b>quando o \u00fanico tribunal que existe vive dentro da nossa cabe\u00e7a.<\/b><\/span><\/span><\/p>\n<p align=\"justify\"><span style=\"font-family: Arial, sans-serif;\"><span style=\"font-size: medium;\">Sim, h\u00e1 arrependimentos leves. Como aquele corte de cabelo que nos fez parecer um cogumelo deprimido. Ou aquela mensagem que n\u00e3o dev\u00edamos ter enviado depois da terceira ta\u00e7a de vinho. Ou aquele beijo que n\u00e3o tivemos coragem para avan\u00e7ar.<\/span><\/span><\/p>\n<p align=\"justify\"><span style=\"font-family: Arial, sans-serif;\"><span style=\"font-size: medium;\">Mas tamb\u00e9m h\u00e1 os outros. Os pesados. Os que n\u00e3o se desvanecem com o tempo. Os que carregamos como um casaco demasiado apertado.<\/span><\/span><\/p>\n<p align=\"justify\"><span style=\"font-family: Arial, sans-serif;\"><span style=\"font-size: medium;\">E nem vale a pena dar exemplos. N\u00f3s sabemos exatamente quais s\u00e3o.<\/span><\/span><\/p>\n<p align=\"justify\"><span style=\"font-family: Arial, sans-serif;\"><span style=\"font-size: medium;\">Por isso, n\u00e3o me venham dizer que n\u00e3o t\u00eam arrependimentos. Digam antes que aprenderam a viver com eles. Que os transformaram noutra coisa. <b>Mas que os t\u00eam.<\/b><\/span><\/span><\/p>\n<p align=\"justify\"><span style=\"font-family: Arial, sans-serif;\"><span style=\"font-size: medium;\">Porque n\u00e3o h\u00e1 nada mais humano do que olhar para tr\u00e1s e perceber que, em certos momentos, pod\u00edamos ter escolhido outro caminho, provado outro sabor, vivido outra vida.<\/span><\/span><\/p>\n<p align=\"justify\"><span style=\"font-family: Arial, sans-serif;\"><span style=\"font-size: medium;\">Mas n\u00e3o o fizemos.<\/span><\/span><\/p>\n<p align=\"justify\"><span style=\"font-family: Arial, sans-serif;\"><span style=\"font-size: medium;\">E a verdade disto tudo? <b>H\u00e1 arrependimentos que n\u00e3o nos ensinam nada.<\/b> Apenas nos lembram, dia ap\u00f3s dia, que nunca teremos uma segunda oportunidade para os corrigir.<\/span><\/span><\/p>\n<p align=\"justify\"><span style=\"font-family: Arial, sans-serif;\"><span style=\"font-size: medium;\"><b>E esse \u00e9 o tipo de arrependimento que n\u00e3o se recicla, n\u00e3o se fabrica, n\u00e3o se apaga.<\/b><\/span><\/span><\/p>\n<p><span style=\"font-family: Arial, sans-serif;\"><span style=\"font-size: medium;\">SANDRA MAY<\/span><\/span><\/p>\n<p><span style=\"font-family: Arial, sans-serif;\"><span style=\"font-size: medium;\"><i>Acompanha o trabalho da autora em:<br \/>\n<\/i><\/span><\/span><a href=\"https:\/\/www.instagram.com\/saandramay\/\"><span style=\"color: #467886;\"><span style=\"font-family: Arial, sans-serif;\"><span style=\"font-size: medium;\"><i><u>https:\/\/www.instagram.com\/saandramay\/<\/u><\/i><\/span><\/span><\/span><\/a><span style=\"font-family: Arial, sans-serif;\"><span style=\"font-size: medium;\"><i><br \/>\n<\/i><\/span><\/span><a href=\"https:\/\/www.facebook.com\/saandramay\/\"><span style=\"color: #467886;\"><span style=\"font-family: Arial, sans-serif;\"><span style=\"font-size: medium;\"><i><u>https:\/\/www.facebook.com\/saandramay\/<\/u><\/i><\/span><\/span><\/span><\/a><\/p>\n<p>&nbsp;<\/p>\n<div class=\"fb-background-color\">\n\t\t\t  <div \n\t\t\t  \tclass = \"fb-comments\" \n\t\t\t  \tdata-href = \"https:\/\/www.entroncamentoonline.pt\/portal\/a-cronica-semanal-de-sandra-may-entre-mudancas-e-conexoes-nem-tudo-o-que-doi-ensina\/\"\n\t\t\t  \tdata-numposts = \"10\"\n\t\t\t  \tdata-lazy = \"true\"\n\t\t\t\tdata-colorscheme = \"light\"\n\t\t\t\tdata-order-by = \"social\"\n\t\t\t\tdata-mobile=true>\n\t\t\t  <\/div><\/div>\n\t\t  <style>\n\t\t    .fb-background-color {\n\t\t\t\tbackground:  !important;\n\t\t\t}\n\t\t\t.fb_iframe_widget_fluid_desktop iframe {\n\t\t\t    width: 100% !important;\n\t\t\t}\n\t\t  <\/style>\n\t\t  ","protected":false},"excerpt":{"rendered":"<p>N\u00e3o consigo confiar em quem afirma que n\u00e3o tem arrependimentos. E tudo piora se disser a famosa frase: \u201cPorque se n\u00e3o o fizesse, n\u00e3o seria quem sou hoje, ou n\u00e3o chegaria onde estou.\u201d \u00c9 uma afirma\u00e7\u00e3o perigosa. N\u00e3o t\u00eam arrependimentos? Nem um? Pe\u00e7o desculpa se quem l\u00ea isto \u00e9 uma dessas pessoas, mas lamento informar: [&hellip;]<\/p>\n","protected":false},"author":50,"featured_media":66377,"comment_status":"open","ping_status":"closed","sticky":false,"template":"","format":"standard","meta":{"_acf_changed":false,"footnotes":""},"categories":[1],"tags":[],"class_list":{"0":"post-66376","1":"post","2":"type-post","3":"status-publish","4":"format-standard","5":"has-post-thumbnail","7":"category-sem-categoria"},"acf":[],"_links":{"self":[{"href":"https:\/\/www.entroncamentoonline.pt\/portal\/wp-json\/wp\/v2\/posts\/66376","targetHints":{"allow":["GET"]}}],"collection":[{"href":"https:\/\/www.entroncamentoonline.pt\/portal\/wp-json\/wp\/v2\/posts"}],"about":[{"href":"https:\/\/www.entroncamentoonline.pt\/portal\/wp-json\/wp\/v2\/types\/post"}],"author":[{"embeddable":true,"href":"https:\/\/www.entroncamentoonline.pt\/portal\/wp-json\/wp\/v2\/users\/50"}],"replies":[{"embeddable":true,"href":"https:\/\/www.entroncamentoonline.pt\/portal\/wp-json\/wp\/v2\/comments?post=66376"}],"version-history":[{"count":0,"href":"https:\/\/www.entroncamentoonline.pt\/portal\/wp-json\/wp\/v2\/posts\/66376\/revisions"}],"wp:featuredmedia":[{"embeddable":true,"href":"https:\/\/www.entroncamentoonline.pt\/portal\/wp-json\/wp\/v2\/media\/66377"}],"wp:attachment":[{"href":"https:\/\/www.entroncamentoonline.pt\/portal\/wp-json\/wp\/v2\/media?parent=66376"}],"wp:term":[{"taxonomy":"category","embeddable":true,"href":"https:\/\/www.entroncamentoonline.pt\/portal\/wp-json\/wp\/v2\/categories?post=66376"},{"taxonomy":"post_tag","embeddable":true,"href":"https:\/\/www.entroncamentoonline.pt\/portal\/wp-json\/wp\/v2\/tags?post=66376"}],"curies":[{"name":"wp","href":"https:\/\/api.w.org\/{rel}","templated":true}]}}