{"id":66317,"date":"2025-03-10T09:37:26","date_gmt":"2025-03-10T09:37:26","guid":{"rendered":"https:\/\/www.entroncamentoonline.pt\/portal\/?p=66317"},"modified":"2025-03-10T09:37:26","modified_gmt":"2025-03-10T09:37:26","slug":"necrologia-jose-faisca-cavaca-pousos","status":"publish","type":"post","link":"https:\/\/www.entroncamentoonline.pt\/portal\/necrologia-jose-faisca-cavaca-pousos\/","title":{"rendered":"Necrologia: Jos\u00e9 Fa\u00edsca Cavaca &#8211; Pousos"},"content":{"rendered":"<p><span style=\"font-family: Arial, sans-serif;\">Faleceu Jos\u00e9 Fa\u00edsca cavaca, de 63 anos, que residia na Rua S\u00e3o Sebasti\u00e3o \u2013 Pousos.<\/span><\/p>\n<p><span style=\"font-family: Arial, sans-serif;\">O seu vel\u00f3rio ser\u00e1 realizado na Capela dos Pousos, dia 11 de mar\u00e7o de 2025, a partir das 10:30 horas.<\/span><\/p>\n<p><span style=\"font-family: Arial, sans-serif;\">O seu funeral realizar-se-\u00e1 no dia 11 de mar\u00e7o de 2025 (ter\u00e7a-feira), na Capela dos<br \/>\nPousos, onde ser\u00e3o celebradas as respetivas cerim\u00f3nias f\u00fanebres pelas 14:30 horas,<br \/>\nseguindo para o cemit\u00e9rio do Pa\u00e7o.<\/span><\/p>\n<p><em>Ag\u00eancia Funer\u00e1ria Rainho<\/em><\/p>\n<div class=\"fb-background-color\">\n\t\t\t  <div \n\t\t\t  \tclass = \"fb-comments\" \n\t\t\t  \tdata-href = \"https:\/\/www.entroncamentoonline.pt\/portal\/necrologia-jose-faisca-cavaca-pousos\/\"\n\t\t\t  \tdata-numposts = \"10\"\n\t\t\t  \tdata-lazy = \"true\"\n\t\t\t\tdata-colorscheme = \"light\"\n\t\t\t\tdata-order-by = \"social\"\n\t\t\t\tdata-mobile=true>\n\t\t\t  <\/div><\/div>\n\t\t  <style>\n\t\t    .fb-background-color {\n\t\t\t\tbackground:  !important;\n\t\t\t}\n\t\t\t.fb_iframe_widget_fluid_desktop iframe {\n\t\t\t    width: 100% !important;\n\t\t\t}\n\t\t  <\/style>\n\t\t  ","protected":false},"excerpt":{"rendered":"<p>Faleceu Jos\u00e9 Fa\u00edsca cavaca, de 63 anos, que residia na Rua S\u00e3o Sebasti\u00e3o \u2013 Pousos. O seu vel\u00f3rio ser\u00e1 realizado na Capela dos Pousos, dia 11 de mar\u00e7o de 2025, a partir das 10:30 horas. O seu funeral realizar-se-\u00e1 no dia 11 de mar\u00e7o de 2025 (ter\u00e7a-feira), na Capela dos Pousos, onde ser\u00e3o celebradas as [&hellip;]<\/p>\n","protected":false},"author":43,"featured_media":0,"comment_status":"open","ping_status":"closed","sticky":false,"template":"","format":"standard","meta":{"_acf_changed":false,"footnotes":""},"categories":[41],"tags":[],"class_list":{"0":"post-66317","1":"post","2":"type-post","3":"status-publish","4":"format-standard","6":"category-necrologia"},"acf":[],"_links":{"self":[{"href":"https:\/\/www.entroncamentoonline.pt\/portal\/wp-json\/wp\/v2\/posts\/66317","targetHints":{"allow":["GET"]}}],"collection":[{"href":"https:\/\/www.entroncamentoonline.pt\/portal\/wp-json\/wp\/v2\/posts"}],"about":[{"href":"https:\/\/www.entroncamentoonline.pt\/portal\/wp-json\/wp\/v2\/types\/post"}],"author":[{"embeddable":true,"href":"https:\/\/www.entroncamentoonline.pt\/portal\/wp-json\/wp\/v2\/users\/43"}],"replies":[{"embeddable":true,"href":"https:\/\/www.entroncamentoonline.pt\/portal\/wp-json\/wp\/v2\/comments?post=66317"}],"version-history":[{"count":0,"href":"https:\/\/www.entroncamentoonline.pt\/portal\/wp-json\/wp\/v2\/posts\/66317\/revisions"}],"wp:attachment":[{"href":"https:\/\/www.entroncamentoonline.pt\/portal\/wp-json\/wp\/v2\/media?parent=66317"}],"wp:term":[{"taxonomy":"category","embeddable":true,"href":"https:\/\/www.entroncamentoonline.pt\/portal\/wp-json\/wp\/v2\/categories?post=66317"},{"taxonomy":"post_tag","embeddable":true,"href":"https:\/\/www.entroncamentoonline.pt\/portal\/wp-json\/wp\/v2\/tags?post=66317"}],"curies":[{"name":"wp","href":"https:\/\/api.w.org\/{rel}","templated":true}]}}