{"id":66304,"date":"2025-03-08T10:47:43","date_gmt":"2025-03-08T10:47:43","guid":{"rendered":"https:\/\/www.entroncamentoonline.pt\/portal\/?p=66304"},"modified":"2025-03-08T10:47:43","modified_gmt":"2025-03-08T10:47:43","slug":"necrologia-maria-de-lurdes-dos-santos-matos-limeiras","status":"publish","type":"post","link":"https:\/\/www.entroncamentoonline.pt\/portal\/necrologia-maria-de-lurdes-dos-santos-matos-limeiras\/","title":{"rendered":"Necrologia: Maria de Lurdes dos Santos \u2013 Matos, Limeiras"},"content":{"rendered":"<p align=\"left\"><span style=\"color: #2c363a;\"><span style=\"font-family: Arial, sans-serif;\"><span style=\"font-size: medium;\">Faleceu Maria de Lurdes dos Santos, de 95 anos, que residia na Rua da Sagrada Fam\u00edlia \u2013 Matos.<\/span><\/span><\/span><\/p>\n<p align=\"left\"><span style=\"color: #2c363a;\"><span style=\"font-family: Arial, sans-serif;\"><span style=\"font-size: medium;\">O seu vel\u00f3rio ser\u00e1 realizado na Capela da Confer\u00eancia S\u00e3o Vicente Paulo &#8211; Limeiras.<\/span><\/span><\/span><\/p>\n<p align=\"left\"><span style=\"color: #2c363a;\"><span style=\"font-family: Arial, sans-serif;\"><span style=\"font-size: medium;\">O seu funeral realizar-se-\u00e1 no dia 08 de mar\u00e7o de 2025 (s\u00e1bado), saindo da Capela da<br \/>\nConfer\u00eancia S\u00e3o Vicente Paulo &#8211; Limeiras pelas 15:00 horas, com destino \u00e0 Igreja das<br \/>\nLimeiras, onde ser\u00e1 realizada missa de corpo presente pelas 15:30 horas, seguindo para<br \/>\no cemit\u00e9rio das Limeiras.<\/span><\/span><\/span><\/p>\n<p align=\"left\"><em>Ag\u00eancia Funer\u00e1ria Rainho<\/em><\/p>\n<div class=\"fb-background-color\">\n\t\t\t  <div \n\t\t\t  \tclass = \"fb-comments\" \n\t\t\t  \tdata-href = \"https:\/\/www.entroncamentoonline.pt\/portal\/necrologia-maria-de-lurdes-dos-santos-matos-limeiras\/\"\n\t\t\t  \tdata-numposts = \"10\"\n\t\t\t  \tdata-lazy = \"true\"\n\t\t\t\tdata-colorscheme = \"light\"\n\t\t\t\tdata-order-by = \"social\"\n\t\t\t\tdata-mobile=true>\n\t\t\t  <\/div><\/div>\n\t\t  <style>\n\t\t    .fb-background-color {\n\t\t\t\tbackground:  !important;\n\t\t\t}\n\t\t\t.fb_iframe_widget_fluid_desktop iframe {\n\t\t\t    width: 100% !important;\n\t\t\t}\n\t\t  <\/style>\n\t\t  ","protected":false},"excerpt":{"rendered":"<p>Faleceu Maria de Lurdes dos Santos, de 95 anos, que residia na Rua da Sagrada Fam\u00edlia \u2013 Matos. O seu vel\u00f3rio ser\u00e1 realizado na Capela da Confer\u00eancia S\u00e3o Vicente Paulo &#8211; Limeiras. O seu funeral realizar-se-\u00e1 no dia 08 de mar\u00e7o de 2025 (s\u00e1bado), saindo da Capela da Confer\u00eancia S\u00e3o Vicente Paulo &#8211; Limeiras pelas [&hellip;]<\/p>\n","protected":false},"author":43,"featured_media":66305,"comment_status":"open","ping_status":"closed","sticky":false,"template":"","format":"standard","meta":{"_acf_changed":false,"footnotes":""},"categories":[41],"tags":[],"class_list":{"0":"post-66304","1":"post","2":"type-post","3":"status-publish","4":"format-standard","5":"has-post-thumbnail","7":"category-necrologia"},"acf":[],"_links":{"self":[{"href":"https:\/\/www.entroncamentoonline.pt\/portal\/wp-json\/wp\/v2\/posts\/66304","targetHints":{"allow":["GET"]}}],"collection":[{"href":"https:\/\/www.entroncamentoonline.pt\/portal\/wp-json\/wp\/v2\/posts"}],"about":[{"href":"https:\/\/www.entroncamentoonline.pt\/portal\/wp-json\/wp\/v2\/types\/post"}],"author":[{"embeddable":true,"href":"https:\/\/www.entroncamentoonline.pt\/portal\/wp-json\/wp\/v2\/users\/43"}],"replies":[{"embeddable":true,"href":"https:\/\/www.entroncamentoonline.pt\/portal\/wp-json\/wp\/v2\/comments?post=66304"}],"version-history":[{"count":0,"href":"https:\/\/www.entroncamentoonline.pt\/portal\/wp-json\/wp\/v2\/posts\/66304\/revisions"}],"wp:featuredmedia":[{"embeddable":true,"href":"https:\/\/www.entroncamentoonline.pt\/portal\/wp-json\/wp\/v2\/media\/66305"}],"wp:attachment":[{"href":"https:\/\/www.entroncamentoonline.pt\/portal\/wp-json\/wp\/v2\/media?parent=66304"}],"wp:term":[{"taxonomy":"category","embeddable":true,"href":"https:\/\/www.entroncamentoonline.pt\/portal\/wp-json\/wp\/v2\/categories?post=66304"},{"taxonomy":"post_tag","embeddable":true,"href":"https:\/\/www.entroncamentoonline.pt\/portal\/wp-json\/wp\/v2\/tags?post=66304"}],"curies":[{"name":"wp","href":"https:\/\/api.w.org\/{rel}","templated":true}]}}