{"id":66261,"date":"2025-03-06T14:05:54","date_gmt":"2025-03-06T14:05:54","guid":{"rendered":"https:\/\/www.entroncamentoonline.pt\/portal\/?p=66261"},"modified":"2025-03-06T09:56:42","modified_gmt":"2025-03-06T09:56:42","slug":"necrologia-julio-martins-da-silva-entroncamento","status":"publish","type":"post","link":"https:\/\/www.entroncamentoonline.pt\/portal\/necrologia-julio-martins-da-silva-entroncamento\/","title":{"rendered":"Necrologia: J\u00falio Martins da Silva &#8211; Entroncamento"},"content":{"rendered":"<p align=\"left\"><span style=\"font-family: Arial, sans-serif;\"><span style=\"font-size: medium;\"><span style=\"color: #2c363a;\">Faleceu J\u00falio Martins da Silva , de <\/span><span style=\"color: #2c363a;\">84<\/span><span style=\"color: #2c363a;\"> anos, <\/span><span style=\"color: #2c363a;\">que residia na <\/span><span style=\"color: #2c363a;\">Rua Engenheiro M\u00e1rio Costa &#8211; Entroncamento<\/span> <\/span><\/span><\/p>\n<p align=\"left\"><span style=\"color: #2c363a;\"><span style=\"font-family: Arial, sans-serif;\"><span style=\"font-size: medium;\">O seu vel\u00f3rio ser\u00e1 realizado na Capela Mortu\u00e1ria da Sagrada Fam\u00edlia &#8211; Entroncamento, dia 06 de mar\u00e7o de 2025, a partir das<br \/>\n17:00 horas.<\/span><\/span><\/span><\/p>\n<p align=\"left\"><span style=\"color: #2c363a;\"><span style=\"font-family: Arial, sans-serif;\"><span style=\"font-size: medium;\">O seu funeral realizar-se-\u00e1 no dia 07 de mar\u00e7o de 2025 (sexta-feira), saindo da Capela<br \/>\nMortu\u00e1ria da Sagrada Fam\u00edlia &#8211; Entroncamento pelas 09:30 horas, com destino ao<br \/>\nCremat\u00f3rio do Entroncamento, onde ser\u00e3o celebradas as respetivas cerim\u00f3nias<br \/>\nf\u00fanebres pelas 10:00 horas.<\/span><\/span><\/span><\/p>\n<p align=\"left\"><em><span style=\"color: #2c363a;\"><span style=\"font-family: Arial, sans-serif;\"><span style=\"font-size: medium;\">Ag\u00eancia Funer\u00e1ria Rainho<\/span><\/span><\/span><\/em><\/p>\n<div class=\"fb-background-color\">\n\t\t\t  <div \n\t\t\t  \tclass = \"fb-comments\" \n\t\t\t  \tdata-href = \"https:\/\/www.entroncamentoonline.pt\/portal\/necrologia-julio-martins-da-silva-entroncamento\/\"\n\t\t\t  \tdata-numposts = \"10\"\n\t\t\t  \tdata-lazy = \"true\"\n\t\t\t\tdata-colorscheme = \"light\"\n\t\t\t\tdata-order-by = \"social\"\n\t\t\t\tdata-mobile=true>\n\t\t\t  <\/div><\/div>\n\t\t  <style>\n\t\t    .fb-background-color {\n\t\t\t\tbackground:  !important;\n\t\t\t}\n\t\t\t.fb_iframe_widget_fluid_desktop iframe {\n\t\t\t    width: 100% !important;\n\t\t\t}\n\t\t  <\/style>\n\t\t  ","protected":false},"excerpt":{"rendered":"<p>Faleceu J\u00falio Martins da Silva , de 84 anos, que residia na Rua Engenheiro M\u00e1rio Costa &#8211; Entroncamento O seu vel\u00f3rio ser\u00e1 realizado na Capela Mortu\u00e1ria da Sagrada Fam\u00edlia &#8211; Entroncamento, dia 06 de mar\u00e7o de 2025, a partir das 17:00 horas. O seu funeral realizar-se-\u00e1 no dia 07 de mar\u00e7o de 2025 (sexta-feira), saindo [&hellip;]<\/p>\n","protected":false},"author":43,"featured_media":66262,"comment_status":"open","ping_status":"closed","sticky":false,"template":"","format":"standard","meta":{"_acf_changed":false,"footnotes":""},"categories":[41],"tags":[],"class_list":{"0":"post-66261","1":"post","2":"type-post","3":"status-publish","4":"format-standard","5":"has-post-thumbnail","7":"category-necrologia"},"acf":[],"_links":{"self":[{"href":"https:\/\/www.entroncamentoonline.pt\/portal\/wp-json\/wp\/v2\/posts\/66261","targetHints":{"allow":["GET"]}}],"collection":[{"href":"https:\/\/www.entroncamentoonline.pt\/portal\/wp-json\/wp\/v2\/posts"}],"about":[{"href":"https:\/\/www.entroncamentoonline.pt\/portal\/wp-json\/wp\/v2\/types\/post"}],"author":[{"embeddable":true,"href":"https:\/\/www.entroncamentoonline.pt\/portal\/wp-json\/wp\/v2\/users\/43"}],"replies":[{"embeddable":true,"href":"https:\/\/www.entroncamentoonline.pt\/portal\/wp-json\/wp\/v2\/comments?post=66261"}],"version-history":[{"count":0,"href":"https:\/\/www.entroncamentoonline.pt\/portal\/wp-json\/wp\/v2\/posts\/66261\/revisions"}],"wp:featuredmedia":[{"embeddable":true,"href":"https:\/\/www.entroncamentoonline.pt\/portal\/wp-json\/wp\/v2\/media\/66262"}],"wp:attachment":[{"href":"https:\/\/www.entroncamentoonline.pt\/portal\/wp-json\/wp\/v2\/media?parent=66261"}],"wp:term":[{"taxonomy":"category","embeddable":true,"href":"https:\/\/www.entroncamentoonline.pt\/portal\/wp-json\/wp\/v2\/categories?post=66261"},{"taxonomy":"post_tag","embeddable":true,"href":"https:\/\/www.entroncamentoonline.pt\/portal\/wp-json\/wp\/v2\/tags?post=66261"}],"curies":[{"name":"wp","href":"https:\/\/api.w.org\/{rel}","templated":true}]}}