{"id":66121,"date":"2025-02-28T11:30:55","date_gmt":"2025-02-28T11:30:55","guid":{"rendered":"https:\/\/www.entroncamentoonline.pt\/portal\/?p=66121"},"modified":"2025-02-28T09:57:06","modified_gmt":"2025-02-28T09:57:06","slug":"tomar-linhaceira-preparada-para-festejar-o-carnaval","status":"publish","type":"post","link":"https:\/\/www.entroncamentoonline.pt\/portal\/tomar-linhaceira-preparada-para-festejar-o-carnaval\/","title":{"rendered":"Tomar: Linhaceira preparada para festejar o Carnaval"},"content":{"rendered":"<p align=\"left\"><span style=\"color: #000000;\"><span style=\"font-family: AAAAAB+Helvetica-Bold, serif;\"><span style=\"font-size: medium;\"><span style=\"color: #2c363a;\"><span style=\"font-family: Arial, sans-serif;\">O 33.\u00ba carnaval da Linhaceira, concelho de Tomar, realiza-se de 1 a 4 de mar\u00e7o e neste s\u00e1bado haver\u00e1 baile \u00e0s 22h00, apresenta\u00e7\u00e3o do Rei e da Rainha do Carnaval (00h30) ao que se segue uma madrugada ao som de um DJ.<\/span><\/span><\/span><\/span><\/span><\/p>\n<p align=\"left\"><span style=\"color: #2c2f34;\"><span style=\"font-family: Arial, sans-serif;\"><span style=\"font-size: medium;\">J\u00e1 no domingo, dia 2, realiza-se o Grande Corso Carnavalesco, a partir das 14h30, ao som da banda Drama e Bei\u00e7o. \u00c0s 22h00 h\u00e1 baile e \u00e0s 00h30 a elei\u00e7\u00e3o do melhor mascarado. <\/span><\/span><\/span><\/p>\n<p align=\"left\"><span style=\"font-family: Arial, sans-serif;\"><span style=\"font-size: medium;\"><span style=\"color: #112b48;\">Na segunda feira, dia 3, h\u00e1 novamente baile, \u00e0s 22h00 com a \u201c\u00c9lsio Nunes Band\u201d e as suas bailarinas. <\/span><\/span><\/span><\/p>\n<p align=\"left\"><span style=\"color: #2c363a;\"><span style=\"font-family: Arial, sans-serif;\"><span style=\"font-size: medium;\">O \u00faltimo dia de celebra\u00e7\u00e3o \u00e9 o dia da Grande Porcalhada (15h00), seguido de matin\u00e9 com \u201cFrancesco\u201d, 33.\u00ba concurso de fatos de papel (19h00) e o grande final com o Enterro do Carnaval. <\/span><\/span><\/span><\/p>\n<div class=\"fb-background-color\">\n\t\t\t  <div \n\t\t\t  \tclass = \"fb-comments\" \n\t\t\t  \tdata-href = \"https:\/\/www.entroncamentoonline.pt\/portal\/tomar-linhaceira-preparada-para-festejar-o-carnaval\/\"\n\t\t\t  \tdata-numposts = \"10\"\n\t\t\t  \tdata-lazy = \"true\"\n\t\t\t\tdata-colorscheme = \"light\"\n\t\t\t\tdata-order-by = \"social\"\n\t\t\t\tdata-mobile=true>\n\t\t\t  <\/div><\/div>\n\t\t  <style>\n\t\t    .fb-background-color {\n\t\t\t\tbackground:  !important;\n\t\t\t}\n\t\t\t.fb_iframe_widget_fluid_desktop iframe {\n\t\t\t    width: 100% !important;\n\t\t\t}\n\t\t  <\/style>\n\t\t  ","protected":false},"excerpt":{"rendered":"<p>O 33.\u00ba carnaval da Linhaceira, concelho de Tomar, realiza-se de 1 a 4 de mar\u00e7o e neste s\u00e1bado haver\u00e1 baile \u00e0s 22h00, apresenta\u00e7\u00e3o do Rei e da Rainha do Carnaval (00h30) ao que se segue uma madrugada ao som de um DJ. J\u00e1 no domingo, dia 2, realiza-se o Grande Corso Carnavalesco, a partir das [&hellip;]<\/p>\n","protected":false},"author":43,"featured_media":66122,"comment_status":"open","ping_status":"closed","sticky":false,"template":"","format":"standard","meta":{"_acf_changed":false,"footnotes":""},"categories":[56,31,54,68,32,36],"tags":[],"class_list":{"0":"post-66121","1":"post","2":"type-post","3":"status-publish","4":"format-standard","5":"has-post-thumbnail","7":"category-1apagina","8":"category-agenda","9":"category-cultura","10":"category-na-boa","11":"category-noticias","12":"category-tomar"},"acf":[],"_links":{"self":[{"href":"https:\/\/www.entroncamentoonline.pt\/portal\/wp-json\/wp\/v2\/posts\/66121","targetHints":{"allow":["GET"]}}],"collection":[{"href":"https:\/\/www.entroncamentoonline.pt\/portal\/wp-json\/wp\/v2\/posts"}],"about":[{"href":"https:\/\/www.entroncamentoonline.pt\/portal\/wp-json\/wp\/v2\/types\/post"}],"author":[{"embeddable":true,"href":"https:\/\/www.entroncamentoonline.pt\/portal\/wp-json\/wp\/v2\/users\/43"}],"replies":[{"embeddable":true,"href":"https:\/\/www.entroncamentoonline.pt\/portal\/wp-json\/wp\/v2\/comments?post=66121"}],"version-history":[{"count":0,"href":"https:\/\/www.entroncamentoonline.pt\/portal\/wp-json\/wp\/v2\/posts\/66121\/revisions"}],"wp:featuredmedia":[{"embeddable":true,"href":"https:\/\/www.entroncamentoonline.pt\/portal\/wp-json\/wp\/v2\/media\/66122"}],"wp:attachment":[{"href":"https:\/\/www.entroncamentoonline.pt\/portal\/wp-json\/wp\/v2\/media?parent=66121"}],"wp:term":[{"taxonomy":"category","embeddable":true,"href":"https:\/\/www.entroncamentoonline.pt\/portal\/wp-json\/wp\/v2\/categories?post=66121"},{"taxonomy":"post_tag","embeddable":true,"href":"https:\/\/www.entroncamentoonline.pt\/portal\/wp-json\/wp\/v2\/tags?post=66121"}],"curies":[{"name":"wp","href":"https:\/\/api.w.org\/{rel}","templated":true}]}}