{"id":66009,"date":"2025-02-22T10:38:07","date_gmt":"2025-02-22T10:38:07","guid":{"rendered":"https:\/\/www.entroncamentoonline.pt\/portal\/?p=66009"},"modified":"2025-02-22T10:38:07","modified_gmt":"2025-02-22T10:38:07","slug":"a-cronica-de-evelina-gaspar-o-acidente","status":"publish","type":"post","link":"https:\/\/www.entroncamentoonline.pt\/portal\/a-cronica-de-evelina-gaspar-o-acidente\/","title":{"rendered":"A Cr\u00f3nica de Evelina Gaspar: \u201cO Acidente\u201d"},"content":{"rendered":"<p align=\"justify\"><a name=\"_GoBack\"><\/a> <span style=\"font-family: Arial, sans-serif;\"><span style=\"font-size: medium;\">Em casa ningu\u00e9m me chama pelo nome. Para a av\u00f3 sou o Minha Luz. N\u00e3o sei se \u00e9 lembran\u00e7a ou imagina\u00e7\u00e3o, mas vejo-me deitado, beb\u00e9 ainda, entusiasmado com os avi\u00f5es coloridos do mobile pendurado ao alto, sobre o ber\u00e7o. De repente, por entre os avi\u00f5es, vejo espantado aparecer a cabe\u00e7a da av\u00f3, que se p\u00f5e a fazer caretas e palha\u00e7adas para prender a minha aten\u00e7\u00e3o. As m\u00e3os abertas, uma de cada lado da cabe\u00e7a, junto \u00e0s orelhas, a l\u00edngua de fora. Acho que foi nesse dia que ela me chamou pela primeira vez de Minha Luz.<\/span><\/span><\/p>\n<p align=\"justify\"><span style=\"font-family: Arial, sans-serif;\"><span style=\"font-size: medium;\">A av\u00f3 vai buscar-me \u00e0 escola e fica comigo at\u00e9 a m\u00e3e ou o pai chegarem. A m\u00e3e e o pai trabalham muito. N\u00e3o compreendo porqu\u00ea. Eu, se mandasse, escapava-me de fazer as c\u00f3pias e as contas que a professora manda fazer e brincava todos os dias. Mas eles pelos vistos n\u00e3o pensam assim. Quando se deu o acidente h\u00e1 nove anos, e chegou a not\u00edcia de que a m\u00e3e tinha mesmo de parar de trabalhar por uns tempos, a av\u00f3 diz que ela reagiu muito mal. Chorava de manh\u00e3 \u00e0 noite e n\u00e3o queria falar com ningu\u00e9m. Abanava a cabe\u00e7a e repetia que n\u00e3o podia ser verdade, que n\u00e3o podia ser. Estava em nega\u00e7\u00e3o, acho que \u00e9 assim que se chama quando algu\u00e9m diz n\u00e3o a uma coisa que \u00e9 sim. Nessa altura o pai, que como a av\u00f3 diz gosta da m\u00e3e como o lago nocturno gosta da lua cheia, disse: <\/span><span style=\"font-size: medium;\"><i>Minha Abelha-Rainha, n\u00e3o te desesperes. Podemos ser felizes \u00e0 mesma. Felizes de uma maneira diferente daquela que plane\u00e1mos, mas felizes ainda assim. <\/i><\/span><span style=\"font-size: medium;\">Mas a m\u00e3e chorava sem consolo e respondeu que n\u00e3o, que n\u00e3o era capaz. <\/span><\/span><\/p>\n<p align=\"justify\"><span style=\"font-family: Arial, sans-serif;\"><span style=\"font-size: medium;\">Foi a\u00ed que a av\u00f3 entrou em ac\u00e7\u00e3o. Uma tarde teve uma conversa muito s\u00e9ria com a m\u00e3e. <\/span><span style=\"font-size: medium;\"><i>Filha da Minha Alma, p\u00e1ra l\u00e1 de chorar, que n\u00e3o se consegue j\u00e1 aturar tanto pranto! Lembra-te que n\u00e3o tens dois bra\u00e7os, tens seis. \u00c9s como aquela deusa hindu, Parvati. Parva? N\u00e3o, eu disse Parvati, aquela que tem muitos bra\u00e7os. Tens os teus, os do teu marido e os meus. n\u00e3o te parece que s\u00e3o bra\u00e7os que cheguem para levar a vida para diante?<\/i><\/span> <\/span><\/p>\n<p align=\"justify\"><span style=\"font-family: Arial, sans-serif;\"><span style=\"font-size: medium;\">Aos poucos a m\u00e3e l\u00e1 foi aceitando a fatalidade. No in\u00edcio foi dif\u00edcil, porque ela olhava-se ao espelho e n\u00e3o se reconhecia na mulher que tinha agora aquelas olheiras fundas. A av\u00f3 diz que o espelho s\u00f3 mostra aquilo que conseguimos ver, e que h\u00e1 muita coisa boa e grande que ele esconde para n\u00e3o ferir os nosso olhos habituados \u00e0s sombras.<\/span><\/span><\/p>\n<p align=\"justify\"><span style=\"font-family: Arial, sans-serif;\"><span style=\"font-size: medium;\">Depois um dia o choro parou, as linhas negras debaixo dos olhos desapareceram e ela acabou por estender os bra\u00e7os para o seu reflexo, abra\u00e7ando a nova pessoa que ela era agora. Eu ainda n\u00e3o tinha nascido nessa \u00e9poca e para tentar compreender a tristeza da m\u00e3e quando se deu o acidente, desenhei no outro dia um retrato dela, em que com um marcador preto fiz riscos \u00e0 volta dos olhos. Perguntei \u00e0 av\u00f3 se estava parecido, e a av\u00f3 sorriu muito e respondeu que eu era um artista. <\/span><\/span><\/p>\n<p align=\"justify\"><span style=\"font-family: Arial, sans-serif;\"><span style=\"font-size: medium;\">Hoje o pai chegou antes da m\u00e3e. <\/span><span style=\"font-size: medium;\"><i>Meu Favo de Mel, o que te apetece jantar?<\/i><\/span><span style=\"font-size: medium;\"> A av\u00f3 entretanto foi embora, despediu-se de mim com um belisc\u00e3o nas bochehas. <\/span><span style=\"font-size: medium;\"><i>At\u00e9 amanh\u00e3, Minha Luz<\/i><\/span><span style=\"font-size: medium;\">. <\/span><\/span><\/p>\n<p align=\"justify\"><span style=\"font-family: Arial, sans-serif;\"><span style=\"font-size: medium;\">A m\u00e3e trabalha nos recursos humanos de uma grande empresa. Volta ao fim do dia, muitas vezes chega tarde, mas para compensar h\u00e1 dias em que ela trabalha a partir de casa. A m\u00e3e e o pai gostam muito dos seus trabalhos. E gostam muito um do outro. E de mim tamb\u00e9m. E da av\u00f3. S\u00e3o gostares diferentes que ocupam lugares diferentes dentro do cora\u00e7\u00e3o. O cora\u00e7\u00e3o parece que \u00e9 uma casa grande e com muitos quartos, porque tamb\u00e9m l\u00e1 mora o nosso gato Jeremias, e a tia J\u00falia, e o tio Alfredo, e os meus amigos todos da escola, e os amigos da m\u00e3e e do pai. E \u00e9 engra\u00e7ado como a cada quarto cada um d\u00e1 o nome que lhe apetece. A m\u00e3e \u00e9 a Filha da Minha Alma para a av\u00f3 e a Minha Abelha-Rainha para o pai. O pai \u00e9 o Meu Sol da Primavera para a m\u00e3e e o Meu Genro Tenro para av\u00f3. \u00c9 engra\u00e7ado termos assim tantos nomes.<\/span><\/span><\/p>\n<p align=\"justify\"><span style=\"font-family: Arial, sans-serif;\"><span style=\"font-size: medium;\">Olhem, a m\u00e3e acaba de meter a chave \u00e0 porta. Espero que venha com fome que o pai e eu fizemos lasanha. Ela vem direita \u00e0 cozinha como um sabujo, guiada pelo cheiro que aposto que se sente nas escadas em todos os andares, a fazer crescer \u00e1gua na boca aos vizinhos. Deve vir cansada. Mas ao entrar na cozinha atira-nos um grande sorriso, a mostrar os dentes muito brancos. E abrindo os bra\u00e7os como um avi\u00e3o, diz para mim: <\/span><span style=\"font-size: medium;\"><i>D\u00e1 um abra\u00e7o \u00e0 m\u00e3e, Meu Acidente Lindo!<\/i><\/span><\/span><\/p>\n<div class=\"fb-background-color\">\n\t\t\t  <div \n\t\t\t  \tclass = \"fb-comments\" \n\t\t\t  \tdata-href = \"https:\/\/www.entroncamentoonline.pt\/portal\/a-cronica-de-evelina-gaspar-o-acidente\/\"\n\t\t\t  \tdata-numposts = \"10\"\n\t\t\t  \tdata-lazy = \"true\"\n\t\t\t\tdata-colorscheme = \"light\"\n\t\t\t\tdata-order-by = \"social\"\n\t\t\t\tdata-mobile=true>\n\t\t\t  <\/div><\/div>\n\t\t  <style>\n\t\t    .fb-background-color {\n\t\t\t\tbackground:  !important;\n\t\t\t}\n\t\t\t.fb_iframe_widget_fluid_desktop iframe {\n\t\t\t    width: 100% !important;\n\t\t\t}\n\t\t  <\/style>\n\t\t  ","protected":false},"excerpt":{"rendered":"<p>Em casa ningu\u00e9m me chama pelo nome. Para a av\u00f3 sou o Minha Luz. N\u00e3o sei se \u00e9 lembran\u00e7a ou imagina\u00e7\u00e3o, mas vejo-me deitado, beb\u00e9 ainda, entusiasmado com os avi\u00f5es coloridos do mobile pendurado ao alto, sobre o ber\u00e7o. De repente, por entre os avi\u00f5es, vejo espantado aparecer a cabe\u00e7a da av\u00f3, que se p\u00f5e [&hellip;]<\/p>\n","protected":false},"author":48,"featured_media":65756,"comment_status":"open","ping_status":"closed","sticky":false,"template":"","format":"standard","meta":{"_acf_changed":false,"footnotes":""},"categories":[55,206],"tags":[],"class_list":{"0":"post-66009","1":"post","2":"type-post","3":"status-publish","4":"format-standard","5":"has-post-thumbnail","7":"category-cronica","8":"category-evelina-gaspar"},"acf":[],"_links":{"self":[{"href":"https:\/\/www.entroncamentoonline.pt\/portal\/wp-json\/wp\/v2\/posts\/66009","targetHints":{"allow":["GET"]}}],"collection":[{"href":"https:\/\/www.entroncamentoonline.pt\/portal\/wp-json\/wp\/v2\/posts"}],"about":[{"href":"https:\/\/www.entroncamentoonline.pt\/portal\/wp-json\/wp\/v2\/types\/post"}],"author":[{"embeddable":true,"href":"https:\/\/www.entroncamentoonline.pt\/portal\/wp-json\/wp\/v2\/users\/48"}],"replies":[{"embeddable":true,"href":"https:\/\/www.entroncamentoonline.pt\/portal\/wp-json\/wp\/v2\/comments?post=66009"}],"version-history":[{"count":0,"href":"https:\/\/www.entroncamentoonline.pt\/portal\/wp-json\/wp\/v2\/posts\/66009\/revisions"}],"wp:featuredmedia":[{"embeddable":true,"href":"https:\/\/www.entroncamentoonline.pt\/portal\/wp-json\/wp\/v2\/media\/65756"}],"wp:attachment":[{"href":"https:\/\/www.entroncamentoonline.pt\/portal\/wp-json\/wp\/v2\/media?parent=66009"}],"wp:term":[{"taxonomy":"category","embeddable":true,"href":"https:\/\/www.entroncamentoonline.pt\/portal\/wp-json\/wp\/v2\/categories?post=66009"},{"taxonomy":"post_tag","embeddable":true,"href":"https:\/\/www.entroncamentoonline.pt\/portal\/wp-json\/wp\/v2\/tags?post=66009"}],"curies":[{"name":"wp","href":"https:\/\/api.w.org\/{rel}","templated":true}]}}