{"id":65902,"date":"2025-02-17T11:58:57","date_gmt":"2025-02-17T11:58:57","guid":{"rendered":"https:\/\/www.entroncamentoonline.pt\/portal\/?p=65902"},"modified":"2025-02-17T11:58:57","modified_gmt":"2025-02-17T11:58:57","slug":"necrologia-antonio-da-graca-vital-atalaia","status":"publish","type":"post","link":"https:\/\/www.entroncamentoonline.pt\/portal\/necrologia-antonio-da-graca-vital-atalaia\/","title":{"rendered":"Necrologia: Ant\u00f3nio da Gra\u00e7a Vital &#8211; Atalaia"},"content":{"rendered":"<p align=\"left\"><span style=\"color: #2c363a;\"><span style=\"font-family: Verdana, Geneva, sans-serif;\"><span style=\"font-size: small;\"><span style=\"font-family: Arial, sans-serif;\"><span style=\"font-size: medium;\">Faleceu Ant\u00f3nio da Gra\u00e7a Vital, de <\/span><\/span><span style=\"font-family: Arial, sans-serif;\"><span style=\"font-size: medium;\">92 anos, <\/span><\/span><span style=\"font-family: Arial, sans-serif;\"><span style=\"font-size: medium;\">residente na <\/span><\/span><span style=\"font-family: Arial, sans-serif;\"><span style=\"font-size: medium;\">Rua Dom Dinis \u2013 Atalaia <\/span><\/span><span style=\"font-family: Arial, sans-serif;\"><span style=\"font-size: medium;\">(VN Barquinha)<\/span><\/span><\/span><\/span><\/span><\/p>\n<p align=\"left\"><span style=\"color: #2c363a;\"><span style=\"font-family: Arial, sans-serif;\"><span style=\"font-size: medium;\">O seu vel\u00f3rio ser\u00e1 realizado na Capela Mortu\u00e1ria de Atalaia, dia 17 de fevereiro de<br \/>\n2025, a partir das 14:00 horas.<\/span><\/span><\/span><\/p>\n<p align=\"left\"><span style=\"color: #2c363a;\"><span style=\"font-family: Arial, sans-serif;\"><span style=\"font-size: medium;\">O seu funeral realizar-se-\u00e1 no dia 18 de fevereiro de 2025 (ter\u00e7a-feira), saindo da<br \/>\nCapela Mortu\u00e1ria de Atalaia pelas 14:30 horas, com destino \u00e0 Igreja de Atalaia, onde<br \/>\nser\u00e1 realizada missa de corpo presente pelas 15:00 horas, seguindo para o Cremat\u00f3rio<br \/>\ndo Entroncamento.<\/span><\/span><\/span><\/p>\n<p align=\"left\"><em>Ag\u00eancia Funer\u00e1ria Rainho<\/em><\/p>\n<div class=\"fb-background-color\">\n\t\t\t  <div \n\t\t\t  \tclass = \"fb-comments\" \n\t\t\t  \tdata-href = \"https:\/\/www.entroncamentoonline.pt\/portal\/necrologia-antonio-da-graca-vital-atalaia\/\"\n\t\t\t  \tdata-numposts = \"10\"\n\t\t\t  \tdata-lazy = \"true\"\n\t\t\t\tdata-colorscheme = \"light\"\n\t\t\t\tdata-order-by = \"social\"\n\t\t\t\tdata-mobile=true>\n\t\t\t  <\/div><\/div>\n\t\t  <style>\n\t\t    .fb-background-color {\n\t\t\t\tbackground:  !important;\n\t\t\t}\n\t\t\t.fb_iframe_widget_fluid_desktop iframe {\n\t\t\t    width: 100% !important;\n\t\t\t}\n\t\t  <\/style>\n\t\t  ","protected":false},"excerpt":{"rendered":"<p>Faleceu Ant\u00f3nio da Gra\u00e7a Vital, de 92 anos, residente na Rua Dom Dinis \u2013 Atalaia (VN Barquinha) O seu vel\u00f3rio ser\u00e1 realizado na Capela Mortu\u00e1ria de Atalaia, dia 17 de fevereiro de 2025, a partir das 14:00 horas. O seu funeral realizar-se-\u00e1 no dia 18 de fevereiro de 2025 (ter\u00e7a-feira), saindo da Capela Mortu\u00e1ria de [&hellip;]<\/p>\n","protected":false},"author":43,"featured_media":65903,"comment_status":"open","ping_status":"closed","sticky":false,"template":"","format":"standard","meta":{"_acf_changed":false,"footnotes":""},"categories":[41],"tags":[],"class_list":{"0":"post-65902","1":"post","2":"type-post","3":"status-publish","4":"format-standard","5":"has-post-thumbnail","7":"category-necrologia"},"acf":[],"_links":{"self":[{"href":"https:\/\/www.entroncamentoonline.pt\/portal\/wp-json\/wp\/v2\/posts\/65902","targetHints":{"allow":["GET"]}}],"collection":[{"href":"https:\/\/www.entroncamentoonline.pt\/portal\/wp-json\/wp\/v2\/posts"}],"about":[{"href":"https:\/\/www.entroncamentoonline.pt\/portal\/wp-json\/wp\/v2\/types\/post"}],"author":[{"embeddable":true,"href":"https:\/\/www.entroncamentoonline.pt\/portal\/wp-json\/wp\/v2\/users\/43"}],"replies":[{"embeddable":true,"href":"https:\/\/www.entroncamentoonline.pt\/portal\/wp-json\/wp\/v2\/comments?post=65902"}],"version-history":[{"count":0,"href":"https:\/\/www.entroncamentoonline.pt\/portal\/wp-json\/wp\/v2\/posts\/65902\/revisions"}],"wp:featuredmedia":[{"embeddable":true,"href":"https:\/\/www.entroncamentoonline.pt\/portal\/wp-json\/wp\/v2\/media\/65903"}],"wp:attachment":[{"href":"https:\/\/www.entroncamentoonline.pt\/portal\/wp-json\/wp\/v2\/media?parent=65902"}],"wp:term":[{"taxonomy":"category","embeddable":true,"href":"https:\/\/www.entroncamentoonline.pt\/portal\/wp-json\/wp\/v2\/categories?post=65902"},{"taxonomy":"post_tag","embeddable":true,"href":"https:\/\/www.entroncamentoonline.pt\/portal\/wp-json\/wp\/v2\/tags?post=65902"}],"curies":[{"name":"wp","href":"https:\/\/api.w.org\/{rel}","templated":true}]}}