{"id":65758,"date":"2025-02-07T19:15:34","date_gmt":"2025-02-07T19:15:34","guid":{"rendered":"https:\/\/www.entroncamentoonline.pt\/portal\/?p=65758"},"modified":"2025-02-07T15:19:25","modified_gmt":"2025-02-07T15:19:25","slug":"a-cronica-do-escritor-telmo-mendes-a-banda-sem-som","status":"publish","type":"post","link":"https:\/\/www.entroncamentoonline.pt\/portal\/a-cronica-do-escritor-telmo-mendes-a-banda-sem-som\/","title":{"rendered":"A Cr\u00f3nica do escritor Telmo Mendes: &#8220;A Banda Sem Som&#8221;"},"content":{"rendered":"<p><span style=\"font-size: medium; font-family: Arial, sans-serif;\">\u00c9ramos cinco e est\u00e1vamos destinados aos maiores sucessos, a coisas muito maiores do que n\u00f3s. No nosso \u00edntimo nem sequer era vi\u00e1vel outra possibilidade e sab\u00edamos que, em escassos anos, estar\u00edamos condenados \u00e0 clausura que protege as grandes estrelas, com as nossas vidas resguardadas em quartos de hotel e incapazes de qualquer normalidade.<\/span><\/p>\n<p align=\"left\"><span style=\"font-family: Arial, sans-serif;\"><span style=\"font-size: medium;\">Uma vez por semana, normalmente \u00e0s quartas, quando n\u00e3o t\u00ednhamos aulas no per\u00edodo da tarde, desloc\u00e1vamo-nos para casa do Jota, cuja fam\u00edlia (chiqu\u00edssima!) dispunha de um sal\u00e3o de festas privado no meio de um laranjal. Fic\u00e1vamos por l\u00e1, durante horas, a experimentar formas de exaltar o maravilhamento e imagina\u00e7\u00e3o de um p\u00fablico inventado, maioritariamente composto pelas intoc\u00e1veis raparigas giras do secund\u00e1rio. Recordo at\u00e9, de forma muito n\u00edtida, o dia em que escrevemos os nossos pr\u00f3prios mandamentos, um caderno de diretrizes, qual reposit\u00f3rio de conduta, que regeria o nosso projeto aquando do impacto da fama. Eram coisas para levar muito a s\u00e9rio e que impediriam que nos contamin\u00e1ssemos de manias e devaneios ap\u00f3s o sucesso.<\/span><\/span><\/p>\n<p align=\"left\"><span style=\"font-family: Arial, sans-serif;\"><span style=\"font-size: medium;\">Os adultos, cheios de sonhos caducados, diziam-nos que a fama era um monstro que devorava as pessoas, e que as levava \u00e0 droga, ao descaminho e, mais cedo ou mais tarde, todos os artistas viravam gente bizarra e escura por dentro. N\u00f3s diz\u00edamos que ser\u00edamos diferentes, a maior banda portuguesa, pronta a alcan\u00e7ar o mesmo sucesso que os <i>Beatles, Elvis ou os Rolling Stones.<\/i> Perto de n\u00f3s os Xutos &amp; Pontap\u00e9s n\u00e3o passariam de um conjuntinho de baile. E tudo isto estava certo e at\u00e9 seria legitimo de apetecer, n\u00e3o f\u00f4ssemos n\u00f3s mi\u00fados de apenas doze anos, muito preenchidos de compromisso e benigna consci\u00eancia do estrelato, por\u00e9m\u2026 sem um \u00fanico instrumento musical!<\/span><\/span><\/p>\n<p align=\"left\"><span style=\"font-family: Arial, sans-serif;\"><span style=\"font-size: medium;\">\u00c9ramos cinco mi\u00fados engra\u00e7ados, com corpitos de pintassilgo e ainda sem n\u00e9voas nem maleitas, a ensaiar conquistas como quem brinca ao futuro. Cada um de n\u00f3s sabia de antem\u00e3o o que iria tocar, que posi\u00e7\u00e3o ocupar no palco, o que dizer entre as can\u00e7\u00f5es, a roupa que vestir, a ordem das m\u00fasicas alegres ou tristes\u2026 \u00e9ramos a melhor banda do mundo e simultaneamente a mais silenciosa.<\/span><\/span><\/p>\n<p align=\"left\"><span style=\"font-family: Arial, sans-serif;\"><span style=\"font-size: medium;\">Mesmo assim, os \u201censaios\u201d sucediam-se. Os instrumentos haveriam de surgir, talvez por mist\u00e9rios divinos ou de rela\u00e7\u00f5es familiares. N\u00e3o havia como n\u00e3o acreditar nessa possibilidade. A m\u00fasica, como o sangue, apenas acontecia silenciosamente dentro de n\u00f3s e estendia-se pelos nossos sonhos e gestos at\u00e9 muito para l\u00e1 das nuvens. Mesmo sem instrumentos, estava tudo certo. \u00c9ramos uma banda sem som\u2026 e estava tudo certo!<\/span><\/span><\/p>\n<p align=\"left\"><span style=\"font-family: Arial, sans-serif;\"><span style=\"font-size: medium;\">A determinada altura, como ramos de \u00e1rvores, todos mud\u00e1mos de escola, alguns mudaram de casa e seguimos caminhos diferentes. Deix\u00e1mos de ter informa\u00e7\u00e3o uns dos outros, perdemo-nos o rasto, mas ao contr\u00e1rio de muitas rela\u00e7\u00f5es da inf\u00e2ncia que se dissipam no crescer, n\u00f3s nunca nos torn\u00e1mos irreconhec\u00edveis e a cumplicidade que cri\u00e1mos jamais prescreveu.<\/span><\/span><\/p>\n<p align=\"left\"><span style=\"font-family: Arial, sans-serif;\"><span style=\"font-size: medium;\">Hoje, em profunda reflex\u00e3o, assumo que a banda sem som talvez tenha sido o meu primeiro poema vivo. Como uma semente alojada na lonjura da meninice.<\/span><\/span><\/p>\n<p align=\"left\"><em><span style=\"font-family: Arial, sans-serif;\"><span style=\"font-size: medium;\">Siga o trabalho do escritor em:<\/span><\/span><\/em><\/p>\n<p align=\"left\"><span style=\"color: #0563c1;\"><u><a href=\"https:\/\/www.facebook.com\/pelopeitoadentro\/\"><span style=\"font-family: Arial, sans-serif;\"><span style=\"font-size: medium;\"><i>https:\/\/www.facebook.com\/pelopeitoadentro\/<\/i><\/span><\/span><\/a><\/u><\/span><\/p>\n<p align=\"left\"><span style=\"color: #0563c1;\"><u><a href=\"https:\/\/www.instagram.com\/telmo.mendes.writer\/\"><span style=\"font-family: Arial, sans-serif;\"><span style=\"font-size: medium;\"><i>https:\/\/www.instagram.com\/telmo.mendes.writer\/<\/i><\/span><\/span><\/a><\/u><\/span><\/p>\n<div class=\"fb-background-color\">\n\t\t\t  <div \n\t\t\t  \tclass = \"fb-comments\" \n\t\t\t  \tdata-href = \"https:\/\/www.entroncamentoonline.pt\/portal\/a-cronica-do-escritor-telmo-mendes-a-banda-sem-som\/\"\n\t\t\t  \tdata-numposts = \"10\"\n\t\t\t  \tdata-lazy = \"true\"\n\t\t\t\tdata-colorscheme = \"light\"\n\t\t\t\tdata-order-by = \"social\"\n\t\t\t\tdata-mobile=true>\n\t\t\t  <\/div><\/div>\n\t\t  <style>\n\t\t    .fb-background-color {\n\t\t\t\tbackground:  !important;\n\t\t\t}\n\t\t\t.fb_iframe_widget_fluid_desktop iframe {\n\t\t\t    width: 100% !important;\n\t\t\t}\n\t\t  <\/style>\n\t\t  ","protected":false},"excerpt":{"rendered":"<p>\u00c9ramos cinco e est\u00e1vamos destinados aos maiores sucessos, a coisas muito maiores do que n\u00f3s. No nosso \u00edntimo nem sequer era vi\u00e1vel outra possibilidade e sab\u00edamos que, em escassos anos, estar\u00edamos condenados \u00e0 clausura que protege as grandes estrelas, com as nossas vidas resguardadas em quartos de hotel e incapazes de qualquer normalidade. Uma vez [&hellip;]<\/p>\n","protected":false},"author":44,"featured_media":65759,"comment_status":"open","ping_status":"closed","sticky":false,"template":"","format":"standard","meta":{"_acf_changed":false,"footnotes":""},"categories":[55,204],"tags":[],"class_list":{"0":"post-65758","1":"post","2":"type-post","3":"status-publish","4":"format-standard","5":"has-post-thumbnail","7":"category-cronica","8":"category-telmo-mendes-cronica"},"acf":[],"_links":{"self":[{"href":"https:\/\/www.entroncamentoonline.pt\/portal\/wp-json\/wp\/v2\/posts\/65758","targetHints":{"allow":["GET"]}}],"collection":[{"href":"https:\/\/www.entroncamentoonline.pt\/portal\/wp-json\/wp\/v2\/posts"}],"about":[{"href":"https:\/\/www.entroncamentoonline.pt\/portal\/wp-json\/wp\/v2\/types\/post"}],"author":[{"embeddable":true,"href":"https:\/\/www.entroncamentoonline.pt\/portal\/wp-json\/wp\/v2\/users\/44"}],"replies":[{"embeddable":true,"href":"https:\/\/www.entroncamentoonline.pt\/portal\/wp-json\/wp\/v2\/comments?post=65758"}],"version-history":[{"count":0,"href":"https:\/\/www.entroncamentoonline.pt\/portal\/wp-json\/wp\/v2\/posts\/65758\/revisions"}],"wp:featuredmedia":[{"embeddable":true,"href":"https:\/\/www.entroncamentoonline.pt\/portal\/wp-json\/wp\/v2\/media\/65759"}],"wp:attachment":[{"href":"https:\/\/www.entroncamentoonline.pt\/portal\/wp-json\/wp\/v2\/media?parent=65758"}],"wp:term":[{"taxonomy":"category","embeddable":true,"href":"https:\/\/www.entroncamentoonline.pt\/portal\/wp-json\/wp\/v2\/categories?post=65758"},{"taxonomy":"post_tag","embeddable":true,"href":"https:\/\/www.entroncamentoonline.pt\/portal\/wp-json\/wp\/v2\/tags?post=65758"}],"curies":[{"name":"wp","href":"https:\/\/api.w.org\/{rel}","templated":true}]}}