{"id":65694,"date":"2025-02-05T10:46:40","date_gmt":"2025-02-05T10:46:40","guid":{"rendered":"https:\/\/www.entroncamentoonline.pt\/portal\/?p=65694"},"modified":"2025-02-05T10:48:20","modified_gmt":"2025-02-05T10:48:20","slug":"economia-alain-favey-e-o-novo-ceo-da-peugeot","status":"publish","type":"post","link":"https:\/\/www.entroncamentoonline.pt\/portal\/economia-alain-favey-e-o-novo-ceo-da-peugeot\/","title":{"rendered":"Economia: Alain Favey \u00e9 o novo CEO da PEUGEOT"},"content":{"rendered":"<p align=\"left\"><span style=\"color: #2c363a;\"><span style=\"font-family: Arial, sans-serif;\"><span style=\"font-size: medium;\">Alain Favey foi nomeado CEO da PEUGEOT, reportando a Jean-Philippe Imparato, Diretor de Opera\u00e7\u00f5es da Stellantis para a Europa Alargada.<\/span><\/span><\/span><\/p>\n<p align=\"left\"><span style=\"color: #2c363a;\"><span style=\"font-family: Arial, sans-serif;\"><span style=\"font-size: medium;\">Licenciado pela HEC Paris, Alain Favey passou os primeiros 20 anos da sua carreira no Grupo PSA, onde foi Diretor-Geral da Citro\u00ebn para a Dinamarca, Belux, Reino Unido, It\u00e1lia e Fran\u00e7a. Em 2009, ingressou na Volkswagen AG, onde ocupou v\u00e1rios postos de lideran\u00e7a internacional na Porsche Holding, Skoda e Bentley. Desde junho de 2023 era CEO do Europcar Mobility Group.<\/span><\/span><\/span><\/p>\n<p align=\"left\"><span style=\"color: #2c363a;\"><span style=\"font-family: Arial, sans-serif;\"><span style=\"font-size: medium;\">Alain Favey chega, agora, \u00e0 Stellantis como CEO da marca PEUGEOT, com efeitos desde 3 de fevereiro de 2025.<\/span><\/span><\/span><\/p>\n<p align=\"left\"><span style=\"color: #2c363a;\"><span style=\"font-family: Arial, sans-serif;\"><span style=\"font-size: medium;\">&#8220;\u00c9 com grande orgulho e entusiasmo que assumo a lideran\u00e7a da marca PEUGEOT. Aceitar novos desafios foi sempre a minha for\u00e7a motriz ao longo dos meus 35 anos de carreira na ind\u00fastria autom\u00f3vel. A entrada na Stellantis \u00e9, de certa forma, um regresso \u00e0s minhas origens, com oportunidades particularmente interessantes pela frente. Estamos num ponto de viragem tecnol\u00f3gico e social na nossa rela\u00e7\u00e3o com o autom\u00f3vel, e a marca PEUGEOT, pela sua criatividade e inova\u00e7\u00e3o, \u00e9 para mim um protagonista importante nesta evolu\u00e7\u00e3o&#8221;, refere.<\/span><\/span><\/span><\/p>\n<p align=\"left\"><span style=\"color: #2c363a;\"><span style=\"font-family: Arial, sans-serif;\"><span style=\"font-size: medium;\">Alain Favey substitui Linda Jackson, que se reformou ap\u00f3s duas d\u00e9cadas na empresa.<\/span><\/span><\/span><\/p>\n<p align=\"left\"><span style=\"color: #2c363a;\"><span style=\"font-family: Arial, sans-serif;\"><span style=\"font-size: medium;\">&#8220;A Linda \u00e9 uma das figuras emblem\u00e1ticas da Stellantis. A sua determina\u00e7\u00e3o, a sua lideran\u00e7a, o seu gosto pela inova\u00e7\u00e3o e o seu grande profissionalismo permitiram um reposicionamento not\u00e1vel da marca PEUGEOT em Fran\u00e7a e no estrangeiro, com uma gama distintiva completamente renovada e 100% el\u00e9trica. Quero agradecer \u00e0 Linda pelos seus anos de compromisso com a Stellantis e pelo importante papel que desempenhou no sucesso da nossa estrat\u00e9gia de eletrifica\u00e7\u00e3o&#8221;,\u00a0sublinhou Jean-Philippe Imparato, Diretor de Opera\u00e7\u00f5es da Europa Alargada.<\/span><\/span><\/span><\/p>\n<p>&nbsp;<\/p>\n<div class=\"fb-background-color\">\n\t\t\t  <div \n\t\t\t  \tclass = \"fb-comments\" \n\t\t\t  \tdata-href = \"https:\/\/www.entroncamentoonline.pt\/portal\/economia-alain-favey-e-o-novo-ceo-da-peugeot\/\"\n\t\t\t  \tdata-numposts = \"10\"\n\t\t\t  \tdata-lazy = \"true\"\n\t\t\t\tdata-colorscheme = \"light\"\n\t\t\t\tdata-order-by = \"social\"\n\t\t\t\tdata-mobile=true>\n\t\t\t  <\/div><\/div>\n\t\t  <style>\n\t\t    .fb-background-color {\n\t\t\t\tbackground:  !important;\n\t\t\t}\n\t\t\t.fb_iframe_widget_fluid_desktop iframe {\n\t\t\t    width: 100% !important;\n\t\t\t}\n\t\t  <\/style>\n\t\t  ","protected":false},"excerpt":{"rendered":"<p>Alain Favey foi nomeado CEO da PEUGEOT, reportando a Jean-Philippe Imparato, Diretor de Opera\u00e7\u00f5es da Stellantis para a Europa Alargada. Licenciado pela HEC Paris, Alain Favey passou os primeiros 20 anos da sua carreira no Grupo PSA, onde foi Diretor-Geral da Citro\u00ebn para a Dinamarca, Belux, Reino Unido, It\u00e1lia e Fran\u00e7a. Em 2009, ingressou na [&hellip;]<\/p>\n","protected":false},"author":43,"featured_media":65695,"comment_status":"open","ping_status":"closed","sticky":false,"template":"","format":"standard","meta":{"_acf_changed":false,"footnotes":""},"categories":[62,207,70,71],"tags":[],"class_list":{"0":"post-65694","1":"post","2":"type-post","3":"status-publish","4":"format-standard","5":"has-post-thumbnail","7":"category-cronica-automovel","8":"category-internacional","9":"category-mais-noticias","10":"category-outras-noticias"},"acf":[],"_links":{"self":[{"href":"https:\/\/www.entroncamentoonline.pt\/portal\/wp-json\/wp\/v2\/posts\/65694","targetHints":{"allow":["GET"]}}],"collection":[{"href":"https:\/\/www.entroncamentoonline.pt\/portal\/wp-json\/wp\/v2\/posts"}],"about":[{"href":"https:\/\/www.entroncamentoonline.pt\/portal\/wp-json\/wp\/v2\/types\/post"}],"author":[{"embeddable":true,"href":"https:\/\/www.entroncamentoonline.pt\/portal\/wp-json\/wp\/v2\/users\/43"}],"replies":[{"embeddable":true,"href":"https:\/\/www.entroncamentoonline.pt\/portal\/wp-json\/wp\/v2\/comments?post=65694"}],"version-history":[{"count":0,"href":"https:\/\/www.entroncamentoonline.pt\/portal\/wp-json\/wp\/v2\/posts\/65694\/revisions"}],"wp:featuredmedia":[{"embeddable":true,"href":"https:\/\/www.entroncamentoonline.pt\/portal\/wp-json\/wp\/v2\/media\/65695"}],"wp:attachment":[{"href":"https:\/\/www.entroncamentoonline.pt\/portal\/wp-json\/wp\/v2\/media?parent=65694"}],"wp:term":[{"taxonomy":"category","embeddable":true,"href":"https:\/\/www.entroncamentoonline.pt\/portal\/wp-json\/wp\/v2\/categories?post=65694"},{"taxonomy":"post_tag","embeddable":true,"href":"https:\/\/www.entroncamentoonline.pt\/portal\/wp-json\/wp\/v2\/tags?post=65694"}],"curies":[{"name":"wp","href":"https:\/\/api.w.org\/{rel}","templated":true}]}}