{"id":65584,"date":"2025-01-28T11:46:56","date_gmt":"2025-01-28T11:46:56","guid":{"rendered":"https:\/\/www.entroncamentoonline.pt\/portal\/?p=65584"},"modified":"2025-01-28T11:46:56","modified_gmt":"2025-01-28T11:46:56","slug":"necrologia-maria-emilia-de-sousa-neves-entroncamento","status":"publish","type":"post","link":"https:\/\/www.entroncamentoonline.pt\/portal\/necrologia-maria-emilia-de-sousa-neves-entroncamento\/","title":{"rendered":"Necrologia: Maria Em\u00edlia de Sousa Neves &#8211; Entroncamento"},"content":{"rendered":"<p align=\"left\"><span style=\"color: #2c363a;\"><span style=\"font-family: Arial, sans-serif;\"><span style=\"font-size: medium;\"><span style=\"font-family: Trebuchet MS, sans-serif;\">Faleceu Maria Em\u00edlia de Sousa Neves com <\/span><span style=\"font-family: Trebuchet MS, sans-serif;\">93 anos, <\/span><span style=\"font-family: Trebuchet MS, sans-serif;\">residente na Rua 25 de Abril \u2013 Entroncamento.<\/span><\/span><\/span><\/span><\/p>\n<p align=\"left\"><span style=\"color: #2c363a;\"><span style=\"font-family: Trebuchet MS, sans-serif;\">O funeral ser\u00e1 realizado no dia 28-jan-2025 (ter\u00e7a-feira) saindo \u00e0s 16:45 para o Cremat\u00f3rio do Entroncamento onde ser\u00e1 realizada cerim\u00f3nia religiosa \u00e0s 17:15.<\/span><\/span><\/p>\n<p align=\"left\"><em>Funer\u00e1ria Pacheco<\/em><\/p>\n<div class=\"fb-background-color\">\n\t\t\t  <div \n\t\t\t  \tclass = \"fb-comments\" \n\t\t\t  \tdata-href = \"https:\/\/www.entroncamentoonline.pt\/portal\/necrologia-maria-emilia-de-sousa-neves-entroncamento\/\"\n\t\t\t  \tdata-numposts = \"10\"\n\t\t\t  \tdata-lazy = \"true\"\n\t\t\t\tdata-colorscheme = \"light\"\n\t\t\t\tdata-order-by = \"social\"\n\t\t\t\tdata-mobile=true>\n\t\t\t  <\/div><\/div>\n\t\t  <style>\n\t\t    .fb-background-color {\n\t\t\t\tbackground:  !important;\n\t\t\t}\n\t\t\t.fb_iframe_widget_fluid_desktop iframe {\n\t\t\t    width: 100% !important;\n\t\t\t}\n\t\t  <\/style>\n\t\t  ","protected":false},"excerpt":{"rendered":"<p>Faleceu Maria Em\u00edlia de Sousa Neves com 93 anos, residente na Rua 25 de Abril \u2013 Entroncamento. O funeral ser\u00e1 realizado no dia 28-jan-2025 (ter\u00e7a-feira) saindo \u00e0s 16:45 para o Cremat\u00f3rio do Entroncamento onde ser\u00e1 realizada cerim\u00f3nia religiosa \u00e0s 17:15. Funer\u00e1ria Pacheco<\/p>\n","protected":false},"author":43,"featured_media":65585,"comment_status":"open","ping_status":"closed","sticky":false,"template":"","format":"standard","meta":{"_acf_changed":false,"footnotes":""},"categories":[41],"tags":[],"class_list":{"0":"post-65584","1":"post","2":"type-post","3":"status-publish","4":"format-standard","5":"has-post-thumbnail","7":"category-necrologia"},"acf":[],"_links":{"self":[{"href":"https:\/\/www.entroncamentoonline.pt\/portal\/wp-json\/wp\/v2\/posts\/65584","targetHints":{"allow":["GET"]}}],"collection":[{"href":"https:\/\/www.entroncamentoonline.pt\/portal\/wp-json\/wp\/v2\/posts"}],"about":[{"href":"https:\/\/www.entroncamentoonline.pt\/portal\/wp-json\/wp\/v2\/types\/post"}],"author":[{"embeddable":true,"href":"https:\/\/www.entroncamentoonline.pt\/portal\/wp-json\/wp\/v2\/users\/43"}],"replies":[{"embeddable":true,"href":"https:\/\/www.entroncamentoonline.pt\/portal\/wp-json\/wp\/v2\/comments?post=65584"}],"version-history":[{"count":0,"href":"https:\/\/www.entroncamentoonline.pt\/portal\/wp-json\/wp\/v2\/posts\/65584\/revisions"}],"wp:featuredmedia":[{"embeddable":true,"href":"https:\/\/www.entroncamentoonline.pt\/portal\/wp-json\/wp\/v2\/media\/65585"}],"wp:attachment":[{"href":"https:\/\/www.entroncamentoonline.pt\/portal\/wp-json\/wp\/v2\/media?parent=65584"}],"wp:term":[{"taxonomy":"category","embeddable":true,"href":"https:\/\/www.entroncamentoonline.pt\/portal\/wp-json\/wp\/v2\/categories?post=65584"},{"taxonomy":"post_tag","embeddable":true,"href":"https:\/\/www.entroncamentoonline.pt\/portal\/wp-json\/wp\/v2\/tags?post=65584"}],"curies":[{"name":"wp","href":"https:\/\/api.w.org\/{rel}","templated":true}]}}