{"id":65463,"date":"2025-01-22T10:06:56","date_gmt":"2025-01-22T10:06:56","guid":{"rendered":"https:\/\/www.entroncamentoonline.pt\/portal\/?p=65463"},"modified":"2025-01-22T10:06:56","modified_gmt":"2025-01-22T10:06:56","slug":"necrologia-maria-amaro-rodrigues-entroncamento","status":"publish","type":"post","link":"https:\/\/www.entroncamentoonline.pt\/portal\/necrologia-maria-amaro-rodrigues-entroncamento\/","title":{"rendered":"Necrologia: Maria Amaro Rodrigues &#8211; Entroncamento"},"content":{"rendered":"<p align=\"left\"><span style=\"font-family: Arial, sans-serif;\"><span style=\"font-size: medium;\">Faleceu Maria Amaro Rodrigues, de 84 anos, residente na R<\/span><\/span><span style=\"color: #2c363a;\"><span style=\"font-family: Arial, sans-serif;\"><span style=\"font-size: medium;\">ua Jo\u00e3o Lopes Caldeira &#8211; Entroncamento.<\/span><\/span><\/span><\/p>\n<p align=\"left\"><span style=\"color: #2c363a;\"><span style=\"font-family: Arial, sans-serif;\"><span style=\"font-size: medium;\">O seu funeral realizar-se-\u00e1 no dia 22 de janeiro de 2025 (quarta-feira), na Capela<br \/>\nMortu\u00e1ria da Sagrada Fam\u00edlia &#8211; Entroncamento pelas 12:00 horas, onde ser\u00e3o<br \/>\ncelebradas as respetivas cerim\u00f3nias f\u00fanebres, seguindo para o Cremat\u00f3rio de Castelo<br \/>\nBranco.\u00a0<\/span><\/span><\/span><\/p>\n<div class=\"fb-background-color\">\n\t\t\t  <div \n\t\t\t  \tclass = \"fb-comments\" \n\t\t\t  \tdata-href = \"https:\/\/www.entroncamentoonline.pt\/portal\/necrologia-maria-amaro-rodrigues-entroncamento\/\"\n\t\t\t  \tdata-numposts = \"10\"\n\t\t\t  \tdata-lazy = \"true\"\n\t\t\t\tdata-colorscheme = \"light\"\n\t\t\t\tdata-order-by = \"social\"\n\t\t\t\tdata-mobile=true>\n\t\t\t  <\/div><\/div>\n\t\t  <style>\n\t\t    .fb-background-color {\n\t\t\t\tbackground:  !important;\n\t\t\t}\n\t\t\t.fb_iframe_widget_fluid_desktop iframe {\n\t\t\t    width: 100% !important;\n\t\t\t}\n\t\t  <\/style>\n\t\t  ","protected":false},"excerpt":{"rendered":"<p>Faleceu Maria Amaro Rodrigues, de 84 anos, residente na Rua Jo\u00e3o Lopes Caldeira &#8211; Entroncamento. O seu funeral realizar-se-\u00e1 no dia 22 de janeiro de 2025 (quarta-feira), na Capela Mortu\u00e1ria da Sagrada Fam\u00edlia &#8211; Entroncamento pelas 12:00 horas, onde ser\u00e3o celebradas as respetivas cerim\u00f3nias f\u00fanebres, seguindo para o Cremat\u00f3rio de Castelo Branco.\u00a0<\/p>\n","protected":false},"author":43,"featured_media":65464,"comment_status":"open","ping_status":"closed","sticky":false,"template":"","format":"standard","meta":{"_acf_changed":false,"footnotes":""},"categories":[41],"tags":[],"class_list":{"0":"post-65463","1":"post","2":"type-post","3":"status-publish","4":"format-standard","5":"has-post-thumbnail","7":"category-necrologia"},"acf":[],"_links":{"self":[{"href":"https:\/\/www.entroncamentoonline.pt\/portal\/wp-json\/wp\/v2\/posts\/65463","targetHints":{"allow":["GET"]}}],"collection":[{"href":"https:\/\/www.entroncamentoonline.pt\/portal\/wp-json\/wp\/v2\/posts"}],"about":[{"href":"https:\/\/www.entroncamentoonline.pt\/portal\/wp-json\/wp\/v2\/types\/post"}],"author":[{"embeddable":true,"href":"https:\/\/www.entroncamentoonline.pt\/portal\/wp-json\/wp\/v2\/users\/43"}],"replies":[{"embeddable":true,"href":"https:\/\/www.entroncamentoonline.pt\/portal\/wp-json\/wp\/v2\/comments?post=65463"}],"version-history":[{"count":0,"href":"https:\/\/www.entroncamentoonline.pt\/portal\/wp-json\/wp\/v2\/posts\/65463\/revisions"}],"wp:featuredmedia":[{"embeddable":true,"href":"https:\/\/www.entroncamentoonline.pt\/portal\/wp-json\/wp\/v2\/media\/65464"}],"wp:attachment":[{"href":"https:\/\/www.entroncamentoonline.pt\/portal\/wp-json\/wp\/v2\/media?parent=65463"}],"wp:term":[{"taxonomy":"category","embeddable":true,"href":"https:\/\/www.entroncamentoonline.pt\/portal\/wp-json\/wp\/v2\/categories?post=65463"},{"taxonomy":"post_tag","embeddable":true,"href":"https:\/\/www.entroncamentoonline.pt\/portal\/wp-json\/wp\/v2\/tags?post=65463"}],"curies":[{"name":"wp","href":"https:\/\/api.w.org\/{rel}","templated":true}]}}