{"id":65444,"date":"2025-01-21T09:41:09","date_gmt":"2025-01-21T09:41:09","guid":{"rendered":"https:\/\/www.entroncamentoonline.pt\/portal\/?p=65444"},"modified":"2025-01-21T09:41:09","modified_gmt":"2025-01-21T09:41:09","slug":"hisense-e-orima-celebraram-parceria-com-convencao-em-fatima","status":"publish","type":"post","link":"https:\/\/www.entroncamentoonline.pt\/portal\/hisense-e-orima-celebraram-parceria-com-convencao-em-fatima\/","title":{"rendered":"Hisense e Orima celebraram parceria com conven\u00e7\u00e3o em F\u00e1tima"},"content":{"rendered":"<p class=\"western\"><span style=\"font-size: medium;\"><span style=\"color: #231f20;\">A Hisense e a Orima realizaram nos dias 18 e 19 de janeiro a 1\u00aa Conven\u00e7\u00e3o Orima, que celebrou a parceria entre as duas empresas. A conven\u00e7\u00e3o decorreu em F\u00e1tima, no Hotel Santa Maria, e contemplou duas \u00e1reas de exposi\u00e7\u00e3o dos produtos da Hisense: uma \u00e1rea para os eletrodom\u00e9sticos (frigor\u00edficos americanos, combinados, m\u00e1quinas de lavar roupa, m\u00e1quinas de lavar loi\u00e7a, gama de encastre e exaustores) e uma \u00e1rea para TV (televis\u00f5es, Laser TV e soundbars). <\/span><\/span><\/p>\n<p class=\"western\"><span style=\"font-size: medium;\"><span style=\"color: #231f20;\">Al\u00e9m da exposi\u00e7\u00e3o dos produtos, o evento tamb\u00e9m potenciou momentos de forma\u00e7\u00e3o, e proporcionou ofertas especiais na compra dos eletrodom\u00e9sticos e produtos de TV para o retalho e com\u00e9rcio local. <\/span><\/span><\/p>\n<p class=\"western\" align=\"justify\"><span style=\"font-size: medium;\"><span style=\"color: #231f20;\">Esta primeira conven\u00e7\u00e3o exclusiva da Hisense em parceria com a Orima revelou-se um sucesso, destacando-se o elevado n\u00famero de vendas durante os dois dias. <\/span><\/span><\/p>\n<p class=\"western\" align=\"justify\"><span style=\"color: #231f20;\">\u201c<\/span><span style=\"font-size: medium;\"><span style=\"color: #231f20;\">Para a Hisense \u00e9 fundamental estar pr\u00f3xima dos consumidores e dar-lhes a conhecer o extenso cat\u00e1logo de produtos de que disp\u00f5e. Esta parceria com a Orima, que j\u00e1 proporcionou a realiza\u00e7\u00e3o de uma conven\u00e7\u00e3o, vem refor\u00e7ar esse objetivo, al\u00e9m de ser estrategicamente importante devido ao facto da Orima ser uma empresa que est\u00e1 pr\u00f3xima do mercado de retalho\u201d, assinala Pedro Santos, diretor da Hisense em Portugal. <\/span><\/span><\/p>\n<p class=\"western\" align=\"justify\"><span style=\"font-size: medium;\"><span style=\"color: #231f20;\"><b>Sobre a<\/b><\/span><span style=\"color: #231f20;\"><b> Hisense <\/b><\/span><\/span><\/p>\n<p class=\"western\" align=\"justify\"><span style=\"font-size: medium;\">Multinacional tecnol\u00f3gica fundada na China em 1969, hoje a Hisense \u00e9 uma das principais marcas mundiais de televisores, eletrodom\u00e9sticos e equipamentos de ar condicionado. Comercializa os seus produtos em mais de 160 pa\u00edses e faz parte da lista do Top 10 das melhores empresas de inova\u00e7\u00e3o tecnol\u00f3gica do mundo.<\/span><\/p>\n<p class=\"western\" align=\"justify\"><span style=\"font-size: medium;\">Tamb\u00e9m \u00e9 l\u00edder em vendas em alguns dos principais mercados do mundo como na China, \u00c1frica do Sul e Austr\u00e1lia, al\u00e9m de ter uma presen\u00e7a importante em mercados chave como a Europa ou os EUA, onde continua a expans\u00e3o. A Hisense tem 64 subsidi\u00e1rias internacionais, 34 centros industriais e 25 centros de I&amp;D, reunindo mais de 100.000 colaboradores em todo o mundo.<\/span><\/p>\n<p class=\"western\" align=\"justify\"><span style=\"font-size: medium;\">A Hisense Iberia, com sede em Val\u00eancia, e sucursal em Portugal, leva j\u00e1 uma d\u00e9cada de constante crescimento no mercado espanhol e portugu\u00eas. Os seus produtos inovadores podem ser encontrados em mais 5.000 pontos de venda, entre os quais alguns dos retalhistas mais importantes nos dois pa\u00edses. Para mais informa\u00e7\u00f5es visite https:\/\/www.hisense.pt\/<\/span><\/p>\n<div class=\"fb-background-color\">\n\t\t\t  <div \n\t\t\t  \tclass = \"fb-comments\" \n\t\t\t  \tdata-href = \"https:\/\/www.entroncamentoonline.pt\/portal\/hisense-e-orima-celebraram-parceria-com-convencao-em-fatima\/\"\n\t\t\t  \tdata-numposts = \"10\"\n\t\t\t  \tdata-lazy = \"true\"\n\t\t\t\tdata-colorscheme = \"light\"\n\t\t\t\tdata-order-by = \"social\"\n\t\t\t\tdata-mobile=true>\n\t\t\t  <\/div><\/div>\n\t\t  <style>\n\t\t    .fb-background-color {\n\t\t\t\tbackground:  !important;\n\t\t\t}\n\t\t\t.fb_iframe_widget_fluid_desktop iframe {\n\t\t\t    width: 100% !important;\n\t\t\t}\n\t\t  <\/style>\n\t\t  ","protected":false},"excerpt":{"rendered":"<p>A Hisense e a Orima realizaram nos dias 18 e 19 de janeiro a 1\u00aa Conven\u00e7\u00e3o Orima, que celebrou a parceria entre as duas empresas. A conven\u00e7\u00e3o decorreu em F\u00e1tima, no Hotel Santa Maria, e contemplou duas \u00e1reas de exposi\u00e7\u00e3o dos produtos da Hisense: uma \u00e1rea para os eletrodom\u00e9sticos (frigor\u00edficos americanos, combinados, m\u00e1quinas de lavar [&hellip;]<\/p>\n","protected":false},"author":43,"featured_media":65445,"comment_status":"open","ping_status":"closed","sticky":false,"template":"","format":"standard","meta":{"_acf_changed":false,"footnotes":""},"categories":[50,70,71],"tags":[],"class_list":{"0":"post-65444","1":"post","2":"type-post","3":"status-publish","4":"format-standard","5":"has-post-thumbnail","7":"category-atividade-comercial","8":"category-mais-noticias","9":"category-outras-noticias"},"acf":[],"_links":{"self":[{"href":"https:\/\/www.entroncamentoonline.pt\/portal\/wp-json\/wp\/v2\/posts\/65444","targetHints":{"allow":["GET"]}}],"collection":[{"href":"https:\/\/www.entroncamentoonline.pt\/portal\/wp-json\/wp\/v2\/posts"}],"about":[{"href":"https:\/\/www.entroncamentoonline.pt\/portal\/wp-json\/wp\/v2\/types\/post"}],"author":[{"embeddable":true,"href":"https:\/\/www.entroncamentoonline.pt\/portal\/wp-json\/wp\/v2\/users\/43"}],"replies":[{"embeddable":true,"href":"https:\/\/www.entroncamentoonline.pt\/portal\/wp-json\/wp\/v2\/comments?post=65444"}],"version-history":[{"count":0,"href":"https:\/\/www.entroncamentoonline.pt\/portal\/wp-json\/wp\/v2\/posts\/65444\/revisions"}],"wp:featuredmedia":[{"embeddable":true,"href":"https:\/\/www.entroncamentoonline.pt\/portal\/wp-json\/wp\/v2\/media\/65445"}],"wp:attachment":[{"href":"https:\/\/www.entroncamentoonline.pt\/portal\/wp-json\/wp\/v2\/media?parent=65444"}],"wp:term":[{"taxonomy":"category","embeddable":true,"href":"https:\/\/www.entroncamentoonline.pt\/portal\/wp-json\/wp\/v2\/categories?post=65444"},{"taxonomy":"post_tag","embeddable":true,"href":"https:\/\/www.entroncamentoonline.pt\/portal\/wp-json\/wp\/v2\/tags?post=65444"}],"curies":[{"name":"wp","href":"https:\/\/api.w.org\/{rel}","templated":true}]}}