{"id":65262,"date":"2025-01-07T11:00:56","date_gmt":"2025-01-07T11:00:56","guid":{"rendered":"https:\/\/www.entroncamentoonline.pt\/portal\/?p=65262"},"modified":"2025-01-07T10:02:04","modified_gmt":"2025-01-07T10:02:04","slug":"entroncamento-utentes-do-centro-de-convivio-e-cere-cantaram-as-janeiras-nos-pacos-do-concelho","status":"publish","type":"post","link":"https:\/\/www.entroncamentoonline.pt\/portal\/entroncamento-utentes-do-centro-de-convivio-e-cere-cantaram-as-janeiras-nos-pacos-do-concelho\/","title":{"rendered":"Entroncamento: Utentes do Centro de Conv\u00edvio e CERE cantaram as Janeiras nos Pa\u00e7os do Concelho"},"content":{"rendered":"<p><span style=\"color: #080809;\"><span style=\"font-family: Arial, sans-serif;\"><span style=\"font-size: medium;\">Ontem, dia 6 de janeiro, um grupo de utentes do Centro de Conv\u00edvio da Terceira Idade, em conjunto com um grupo de utentes do CERE &#8211; Centro de Ensino e Recupera\u00e7\u00e3o do Entroncamento estiveram nos Pa\u00e7os do Concelho a cantar as janeiras, mantendo a tradi\u00e7\u00e3o do Dia de Reis.<\/span><\/span><\/span><\/p>\n<p><img loading=\"lazy\" decoding=\"async\" class=\"alignnone size-medium wp-image-65263\" src=\"https:\/\/www.entroncamentoonline.pt\/portal\/wp-content\/uploads\/2025\/01\/Janeiras-3-800x533.jpg\" alt=\"\" width=\"800\" height=\"533\" srcset=\"https:\/\/www.entroncamentoonline.pt\/portal\/wp-content\/uploads\/2025\/01\/Janeiras-3-800x533.jpg 800w, https:\/\/www.entroncamentoonline.pt\/portal\/wp-content\/uploads\/2025\/01\/Janeiras-3-2024x1349.jpg 2024w, https:\/\/www.entroncamentoonline.pt\/portal\/wp-content\/uploads\/2025\/01\/Janeiras-3-768x512.jpg 768w, https:\/\/www.entroncamentoonline.pt\/portal\/wp-content\/uploads\/2025\/01\/Janeiras-3-1536x1024.jpg 1536w, https:\/\/www.entroncamentoonline.pt\/portal\/wp-content\/uploads\/2025\/01\/Janeiras-3-696x464.jpg 696w, https:\/\/www.entroncamentoonline.pt\/portal\/wp-content\/uploads\/2025\/01\/Janeiras-3-1068x712.jpg 1068w, https:\/\/www.entroncamentoonline.pt\/portal\/wp-content\/uploads\/2025\/01\/Janeiras-3-1920x1280.jpg 1920w, https:\/\/www.entroncamentoonline.pt\/portal\/wp-content\/uploads\/2025\/01\/Janeiras-3-630x420.jpg 630w, https:\/\/www.entroncamentoonline.pt\/portal\/wp-content\/uploads\/2025\/01\/Janeiras-3.jpg 2048w\" sizes=\"auto, (max-width: 800px) 100vw, 800px\" \/><\/p>\n<div class=\"fb-background-color\">\n\t\t\t  <div \n\t\t\t  \tclass = \"fb-comments\" \n\t\t\t  \tdata-href = \"https:\/\/www.entroncamentoonline.pt\/portal\/entroncamento-utentes-do-centro-de-convivio-e-cere-cantaram-as-janeiras-nos-pacos-do-concelho\/\"\n\t\t\t  \tdata-numposts = \"10\"\n\t\t\t  \tdata-lazy = \"true\"\n\t\t\t\tdata-colorscheme = \"light\"\n\t\t\t\tdata-order-by = \"social\"\n\t\t\t\tdata-mobile=true>\n\t\t\t  <\/div><\/div>\n\t\t  <style>\n\t\t    .fb-background-color {\n\t\t\t\tbackground:  !important;\n\t\t\t}\n\t\t\t.fb_iframe_widget_fluid_desktop iframe {\n\t\t\t    width: 100% !important;\n\t\t\t}\n\t\t  <\/style>\n\t\t  ","protected":false},"excerpt":{"rendered":"<p>Ontem, dia 6 de janeiro, um grupo de utentes do Centro de Conv\u00edvio da Terceira Idade, em conjunto com um grupo de utentes do CERE &#8211; Centro de Ensino e Recupera\u00e7\u00e3o do Entroncamento estiveram nos Pa\u00e7os do Concelho a cantar as janeiras, mantendo a tradi\u00e7\u00e3o do Dia de Reis.<\/p>\n","protected":false},"author":43,"featured_media":65264,"comment_status":"open","ping_status":"closed","sticky":false,"template":"","format":"standard","meta":{"_acf_changed":false,"footnotes":""},"categories":[51],"tags":[269,115,268,270],"class_list":{"0":"post-65262","1":"post","2":"type-post","3":"status-publish","4":"format-standard","5":"has-post-thumbnail","7":"category-breves","8":"tag-cere","9":"tag-entroncamento","10":"tag-janeiras","11":"tag-pacos-do-concelho"},"acf":[],"_links":{"self":[{"href":"https:\/\/www.entroncamentoonline.pt\/portal\/wp-json\/wp\/v2\/posts\/65262","targetHints":{"allow":["GET"]}}],"collection":[{"href":"https:\/\/www.entroncamentoonline.pt\/portal\/wp-json\/wp\/v2\/posts"}],"about":[{"href":"https:\/\/www.entroncamentoonline.pt\/portal\/wp-json\/wp\/v2\/types\/post"}],"author":[{"embeddable":true,"href":"https:\/\/www.entroncamentoonline.pt\/portal\/wp-json\/wp\/v2\/users\/43"}],"replies":[{"embeddable":true,"href":"https:\/\/www.entroncamentoonline.pt\/portal\/wp-json\/wp\/v2\/comments?post=65262"}],"version-history":[{"count":0,"href":"https:\/\/www.entroncamentoonline.pt\/portal\/wp-json\/wp\/v2\/posts\/65262\/revisions"}],"wp:featuredmedia":[{"embeddable":true,"href":"https:\/\/www.entroncamentoonline.pt\/portal\/wp-json\/wp\/v2\/media\/65264"}],"wp:attachment":[{"href":"https:\/\/www.entroncamentoonline.pt\/portal\/wp-json\/wp\/v2\/media?parent=65262"}],"wp:term":[{"taxonomy":"category","embeddable":true,"href":"https:\/\/www.entroncamentoonline.pt\/portal\/wp-json\/wp\/v2\/categories?post=65262"},{"taxonomy":"post_tag","embeddable":true,"href":"https:\/\/www.entroncamentoonline.pt\/portal\/wp-json\/wp\/v2\/tags?post=65262"}],"curies":[{"name":"wp","href":"https:\/\/api.w.org\/{rel}","templated":true}]}}