{"id":65235,"date":"2025-01-06T15:15:10","date_gmt":"2025-01-06T15:15:10","guid":{"rendered":"https:\/\/www.entroncamentoonline.pt\/portal\/?p=65235"},"modified":"2025-01-06T10:31:53","modified_gmt":"2025-01-06T10:31:53","slug":"tomar-linhaceira-ja-escolheu-o-rei-e-a-rainha-do-cortejo-de-carnaval","status":"publish","type":"post","link":"https:\/\/www.entroncamentoonline.pt\/portal\/tomar-linhaceira-ja-escolheu-o-rei-e-a-rainha-do-cortejo-de-carnaval\/","title":{"rendered":"Tomar: Linhaceira j\u00e1 escolheu o rei e a rainha do cortejo de Carnaval"},"content":{"rendered":"<p><span style=\"font-family: Arial, sans-serif;\"><span style=\"font-size: medium;\">Ainda se celebram as festividades natal\u00edcias e de novo ano e a aldeia de Linhaceira, localidade com um dos cortejos de carnaval mais emblem\u00e1ticos da regi\u00e3o, j\u00e1 escolheu os reis para a edi\u00e7\u00e3o de 2025.<\/span><\/span><\/p>\n<p><span style=\"font-family: Arial, sans-serif;\"><span style=\"font-size: medium;\">Sofia Gr\u00e1cio e C\u00e9sar Rafael, casal com dois filhos, foram os escolhidos. O carnaval da Linhaceira decorre de 1 a 4 de mar\u00e7o com bailes todos os dias, corso pelas ruas da aldeia no domingo, dia 2, e a tradicional porcalhada no \u00faltimo dia.<\/span><\/span><\/p>\n<div class=\"fb-background-color\">\n\t\t\t  <div \n\t\t\t  \tclass = \"fb-comments\" \n\t\t\t  \tdata-href = \"https:\/\/www.entroncamentoonline.pt\/portal\/tomar-linhaceira-ja-escolheu-o-rei-e-a-rainha-do-cortejo-de-carnaval\/\"\n\t\t\t  \tdata-numposts = \"10\"\n\t\t\t  \tdata-lazy = \"true\"\n\t\t\t\tdata-colorscheme = \"light\"\n\t\t\t\tdata-order-by = \"social\"\n\t\t\t\tdata-mobile=true>\n\t\t\t  <\/div><\/div>\n\t\t  <style>\n\t\t    .fb-background-color {\n\t\t\t\tbackground:  !important;\n\t\t\t}\n\t\t\t.fb_iframe_widget_fluid_desktop iframe {\n\t\t\t    width: 100% !important;\n\t\t\t}\n\t\t  <\/style>\n\t\t  ","protected":false},"excerpt":{"rendered":"<p>Ainda se celebram as festividades natal\u00edcias e de novo ano e a aldeia de Linhaceira, localidade com um dos cortejos de carnaval mais emblem\u00e1ticos da regi\u00e3o, j\u00e1 escolheu os reis para a edi\u00e7\u00e3o de 2025. Sofia Gr\u00e1cio e C\u00e9sar Rafael, casal com dois filhos, foram os escolhidos. O carnaval da Linhaceira decorre de 1 a [&hellip;]<\/p>\n","protected":false},"author":43,"featured_media":65236,"comment_status":"open","ping_status":"closed","sticky":false,"template":"","format":"standard","meta":{"_acf_changed":false,"footnotes":""},"categories":[56,51,32,36],"tags":[228,124,125,267],"class_list":{"0":"post-65235","1":"post","2":"type-post","3":"status-publish","4":"format-standard","5":"has-post-thumbnail","7":"category-1apagina","8":"category-breves","9":"category-noticias","10":"category-tomar","11":"tag-228","12":"tag-carnaval","13":"tag-linhaceira","14":"tag-reis"},"acf":[],"_links":{"self":[{"href":"https:\/\/www.entroncamentoonline.pt\/portal\/wp-json\/wp\/v2\/posts\/65235","targetHints":{"allow":["GET"]}}],"collection":[{"href":"https:\/\/www.entroncamentoonline.pt\/portal\/wp-json\/wp\/v2\/posts"}],"about":[{"href":"https:\/\/www.entroncamentoonline.pt\/portal\/wp-json\/wp\/v2\/types\/post"}],"author":[{"embeddable":true,"href":"https:\/\/www.entroncamentoonline.pt\/portal\/wp-json\/wp\/v2\/users\/43"}],"replies":[{"embeddable":true,"href":"https:\/\/www.entroncamentoonline.pt\/portal\/wp-json\/wp\/v2\/comments?post=65235"}],"version-history":[{"count":0,"href":"https:\/\/www.entroncamentoonline.pt\/portal\/wp-json\/wp\/v2\/posts\/65235\/revisions"}],"wp:featuredmedia":[{"embeddable":true,"href":"https:\/\/www.entroncamentoonline.pt\/portal\/wp-json\/wp\/v2\/media\/65236"}],"wp:attachment":[{"href":"https:\/\/www.entroncamentoonline.pt\/portal\/wp-json\/wp\/v2\/media?parent=65235"}],"wp:term":[{"taxonomy":"category","embeddable":true,"href":"https:\/\/www.entroncamentoonline.pt\/portal\/wp-json\/wp\/v2\/categories?post=65235"},{"taxonomy":"post_tag","embeddable":true,"href":"https:\/\/www.entroncamentoonline.pt\/portal\/wp-json\/wp\/v2\/tags?post=65235"}],"curies":[{"name":"wp","href":"https:\/\/api.w.org\/{rel}","templated":true}]}}