{"id":65053,"date":"2024-12-23T18:15:37","date_gmt":"2024-12-23T18:15:37","guid":{"rendered":"https:\/\/www.entroncamentoonline.pt\/portal\/?p=65053"},"modified":"2024-12-23T12:16:48","modified_gmt":"2024-12-23T12:16:48","slug":"a-cronica-de-vanda-costa-que-comecem-as-resolucoes-de-ano-novo","status":"publish","type":"post","link":"https:\/\/www.entroncamentoonline.pt\/portal\/a-cronica-de-vanda-costa-que-comecem-as-resolucoes-de-ano-novo\/","title":{"rendered":"A Cr\u00f3nica de Vanda Costa: &#8220;Que comecem as resolu\u00e7\u00f5es de Ano Novo!&#8221;"},"content":{"rendered":"<p>\u00daltimos dias do ano a aproximarem-se e as resolu\u00e7\u00f5es de Ano Novo come\u00e7am a ganhar forma: \u201cno pr\u00f3ximo ano vou inscrever-me no gin\u00e1sio\u201d ou \u201ca partir do dia 1 de janeiro \u2018vou fechar a boca\u2019 e come\u00e7ar a fazer dieta\u201d provavelmente devem estar no topo da lista de resolu\u00e7\u00f5es (pelo menos na minha!), no entanto, a m\u00edstica deste exerc\u00edcio de reflex\u00e3o e decis\u00e3o \u00e9 precisamente a possibilidade de definirmos metas e iniciarmos um novo ciclo\u2026 mas tamb\u00e9m, a liberdade de as quebrarmos a qualquer instante!<\/p>\n<p>Certo \u00e9 que a tradi\u00e7\u00e3o de estabelecer inten\u00e7\u00f5es para o novo ano que se inicia, s\u00e3o por si s\u00f3 um ritual universal, que nos relaciona aos sentimentos de recome\u00e7o, de transforma\u00e7\u00e3o, de esperan\u00e7a, e &#8211; romantismos \u00e0 parte \u2013 n\u00e3o deixam de ser uma \u00f3tima oportunidade para desacelerarmos da corrida voraz que \u00e9 o quotidiano, e refletirmos sobre o que queremos, o que precisamos e &#8211; talvez mais importante &#8211; o que \u00e9 que eu estamos dispostos a fazer.<br \/>\nComo acredito que as \u00e1reas de estudo das Ci\u00eancias Sociais nos permitem m\u00faltiplas analogias com os fen\u00f3menos mais banais do nosso dia-a-dia, vejo o per\u00edodo de viragem do ano como que um momento de \u201ccuradoria\u201d interna; e \u00e1 semelhan\u00e7a do que acontece na Museologia, no in\u00edcio de cada nova exposi\u00e7\u00e3o, \u00e9 neste momento que podemos definir a nossa cole\u00e7\u00e3o, selecionando aquilo que desejamos manter, e aquilo que queremos deixar para tr\u00e1s. \u00c9 como que um exerc\u00edcio de constru\u00e7\u00e3o e de curadoria do nosso \u201cesp\u00f3lio\u201d pessoal.<\/p>\n<p>E porque esta cr\u00f3nica est\u00e1 repleta de interroga\u00e7\u00f5es, mais do que de afirma\u00e7\u00f5es, fica a quest\u00e3o a pairar: \u201cqual \u00e9 o objetivo da minha \u2018cole\u00e7\u00e3o\u2019?\u201d, ou seja, \u201cqual a finalidade das inten\u00e7\u00f5es a que me predisponho dedicar?\u201d<\/p>\n<p>Regressemos \u00e0 analogia com o mundo dos museus. As inquieta\u00e7\u00f5es mais recentes prendem-se com a forma como as institui\u00e7\u00f5es e os indiv\u00edduos se relacionam e como transformam as comunidades em que se integram. Ser\u00e1 que ainda podemos tentar estabelecer analogias?&#8230; Ser\u00e1 que para al\u00e9m da ida ao gin\u00e1sio, incluo na minha lista de resolu\u00e7\u00f5es uma visita ao vizinho do 1\u00ba esq., que envolto em solid\u00e3o, observa atr\u00e1s da sua janela os carros a circularem na rua? Ou incluo a participa\u00e7\u00e3o numa a\u00e7\u00e3o de solidariedade da associa\u00e7\u00e3o local? Ou simplesmente fa\u00e7o um avio no com\u00e9rcio local, pensando que este pequeno contributo &#8211; irris\u00f3rio para as grandes superf\u00edcies comerciais \u2013 ser\u00e1 decisivo para a D. Aida, a propriet\u00e1ria, pagar a conta da eletricidade desse m\u00eas?<\/p>\n<p>Tal como fomos realistas em rela\u00e7\u00e3o \u00e0 concretiza\u00e7\u00e3o das listas de ano novo, tamb\u00e9m aqui o seremos: se as nossas necessidades b\u00e1sicas n\u00e3o forem minimamente satisfeitas &#8211; as <em>&#8216;unmet needs\u2019i<\/em>&#8211; ser\u00e1 mais dif\u00edcil existir predisposi\u00e7\u00e3o para refletirmos sobre quem nos rodeia. \u201cCasa onde n\u00e3o h\u00e1 p\u00e3o, todos ralham e ningu\u00e9m tem raz\u00e3o\u201d, neste caso, n\u00e3o tem motiva\u00e7\u00e3o para as quest\u00f5es socias.<\/p>\n<p>Contudo, eu, com as necessidades b\u00e1sicas asseguradas, privilegiada me confesso, incluo nas minhas listas de resolu\u00e7\u00f5es o cuidado com os que me rodeiam, para al\u00e9m do n\u00facleo familiar? N\u00e3o. Precisava de uma analogia com o mundo da museologia para me predispor a faz\u00ea-lo? Sim, talvez. Nem que seja apenas para refletir sobre essa problem\u00e1tica. Porque se esta inquieta\u00e7\u00e3o com a nossa vida em comunidade era banal h\u00e1 d\u00e9cadas atras, em que a vida comunit\u00e1ria era o alicerce da exist\u00eancia individual, n\u00e3o o \u00e9 mais. Ora, se houver algum<br \/>\ncontributo, por mais \u00ednfimo (ou idiota) que pare\u00e7a, mas que possa ajudar-me a ver para al\u00e9m das minhas quatro paredes, que seja.<\/p>\n<p>Desejo, portanto, que, no novo ano que se aproxima, aqueles cuja motiva\u00e7\u00e3o para a causa social seja diminuta vejam as suas unmet needs eliminadas, e que aqueles, que como eu vivem numa situa\u00e7\u00e3o de privil\u00e9gio, dediquem algum do seu tempo no combate \u00e1 solid\u00e3o e ao isolamento social, na diminui\u00e7\u00e3o das desigualdades sociais e no combate \u00e0 fome e \u00e0 pobreza, ou a qualquer outra medida que permita a melhoria da vida da comunidade que nos envolve.<\/p>\n<p>Se cada um de n\u00f3s se comprometer a implementar uma a\u00e7\u00e3o \u2014 por mais pequena que seja \u2014 em prol de um bem comum, o novo ano pode ser o in\u00edcio de um cap\u00edtulo mais consciente, e mais rico, em termos sociais.<\/p>\n<p>Que as resolu\u00e7\u00f5es de Ano Novo sejam mais do que listas pessoais de desejos e inten\u00e7\u00f5es: que sejam sementes de transforma\u00e7\u00e3o social, de solidariedade e de empatia no coletivo.<br \/>\ni A express\u00e3o &#8220;unmet needs&#8221;, da autoria da escritora Alma Wittlin (1899-1992), pode ser traduzida para portugu\u00eas como &#8220;necessidades n\u00e3o satisfeitas&#8221;. Alma Wittlin ficou conhecida pelos seus estudos pioneiros sobre a fun\u00e7\u00e3o social dos museus e a sua rela\u00e7\u00e3o entre cultura, educa\u00e7\u00e3o e sociedade.<\/p>\n<p><em>Vanda Costa<\/em><\/p>\n<div class=\"fb-background-color\">\n\t\t\t  <div \n\t\t\t  \tclass = \"fb-comments\" \n\t\t\t  \tdata-href = \"https:\/\/www.entroncamentoonline.pt\/portal\/a-cronica-de-vanda-costa-que-comecem-as-resolucoes-de-ano-novo\/\"\n\t\t\t  \tdata-numposts = \"10\"\n\t\t\t  \tdata-lazy = \"true\"\n\t\t\t\tdata-colorscheme = \"light\"\n\t\t\t\tdata-order-by = \"social\"\n\t\t\t\tdata-mobile=true>\n\t\t\t  <\/div><\/div>\n\t\t  <style>\n\t\t    .fb-background-color {\n\t\t\t\tbackground:  !important;\n\t\t\t}\n\t\t\t.fb_iframe_widget_fluid_desktop iframe {\n\t\t\t    width: 100% !important;\n\t\t\t}\n\t\t  <\/style>\n\t\t  ","protected":false},"excerpt":{"rendered":"<p>\u00daltimos dias do ano a aproximarem-se e as resolu\u00e7\u00f5es de Ano Novo come\u00e7am a ganhar forma: \u201cno pr\u00f3ximo ano vou inscrever-me no gin\u00e1sio\u201d ou \u201ca partir do dia 1 de janeiro \u2018vou fechar a boca\u2019 e come\u00e7ar a fazer dieta\u201d provavelmente devem estar no topo da lista de resolu\u00e7\u00f5es (pelo menos na minha!), no entanto, [&hellip;]<\/p>\n","protected":false},"author":49,"featured_media":65054,"comment_status":"open","ping_status":"closed","sticky":false,"template":"","format":"standard","meta":{"_acf_changed":false,"footnotes":""},"categories":[55,139,208],"tags":[],"class_list":{"0":"post-65053","1":"post","2":"type-post","3":"status-publish","4":"format-standard","5":"has-post-thumbnail","7":"category-cronica","8":"category-cronica-eol","9":"category-vanda-costa"},"acf":[],"_links":{"self":[{"href":"https:\/\/www.entroncamentoonline.pt\/portal\/wp-json\/wp\/v2\/posts\/65053","targetHints":{"allow":["GET"]}}],"collection":[{"href":"https:\/\/www.entroncamentoonline.pt\/portal\/wp-json\/wp\/v2\/posts"}],"about":[{"href":"https:\/\/www.entroncamentoonline.pt\/portal\/wp-json\/wp\/v2\/types\/post"}],"author":[{"embeddable":true,"href":"https:\/\/www.entroncamentoonline.pt\/portal\/wp-json\/wp\/v2\/users\/49"}],"replies":[{"embeddable":true,"href":"https:\/\/www.entroncamentoonline.pt\/portal\/wp-json\/wp\/v2\/comments?post=65053"}],"version-history":[{"count":0,"href":"https:\/\/www.entroncamentoonline.pt\/portal\/wp-json\/wp\/v2\/posts\/65053\/revisions"}],"wp:featuredmedia":[{"embeddable":true,"href":"https:\/\/www.entroncamentoonline.pt\/portal\/wp-json\/wp\/v2\/media\/65054"}],"wp:attachment":[{"href":"https:\/\/www.entroncamentoonline.pt\/portal\/wp-json\/wp\/v2\/media?parent=65053"}],"wp:term":[{"taxonomy":"category","embeddable":true,"href":"https:\/\/www.entroncamentoonline.pt\/portal\/wp-json\/wp\/v2\/categories?post=65053"},{"taxonomy":"post_tag","embeddable":true,"href":"https:\/\/www.entroncamentoonline.pt\/portal\/wp-json\/wp\/v2\/tags?post=65053"}],"curies":[{"name":"wp","href":"https:\/\/api.w.org\/{rel}","templated":true}]}}