{"id":6485,"date":"2019-05-07T10:57:29","date_gmt":"2019-05-07T09:57:29","guid":{"rendered":"https:\/\/www.entroncamentoonline.pt\/portal\/?p=6485"},"modified":"2019-05-07T10:57:29","modified_gmt":"2019-05-07T09:57:29","slug":"sardoal-tem-novo-servico-de-recolha-de-materiais-reciclaveis-porta-a-porta","status":"publish","type":"post","link":"https:\/\/www.entroncamentoonline.pt\/portal\/sardoal-tem-novo-servico-de-recolha-de-materiais-reciclaveis-porta-a-porta\/","title":{"rendered":"Sardoal tem novo servi\u00e7o de recolha\u00a0\u00a0de materiais recicl\u00e1veis \u201cPorta a Porta\u201d"},"content":{"rendered":"<p>O Sardoal vai ter um novo servi\u00e7o de recolha de materiais recicl\u00e1veis \u201cPorta a Porta\u201d, realizado pela Valnor em articula\u00e7\u00e3o com o Munic\u00edpio de Sardoal. A a\u00e7\u00e3o ter\u00e1 in\u00edcio em maio, sendo que no dia 8, pelas 17 horas, o Centro Cultural Gil Vicente recebe uma sess\u00e3o de apresenta\u00e7\u00e3o da iniciativa.<\/p>\n<p>Este servi\u00e7o ser\u00e1 realizado por uma viatura devidamente identificada e ser\u00e1 prestado semanalmente nos estabelecimentos comerciais e servi\u00e7os que pretendam aderir \u00e0 recolha porta a porta de materiais recicl\u00e1veis.<\/p>\n<p>O servi\u00e7o pretende promover o aumento da recolha de materiais recicl\u00e1veis porta a porta, como vidro, papel\/cart\u00e3o e pl\u00e1stico, pelo facto de se verificar que os contentores dos res\u00edduos cont\u00eam grandes quantidades de materiais pass\u00edveis de reciclagem, que estavam a ser levados para tratamento indiferenciado.<\/p>\n<div class=\"fb-background-color\">\n\t\t\t  <div \n\t\t\t  \tclass = \"fb-comments\" \n\t\t\t  \tdata-href = \"https:\/\/www.entroncamentoonline.pt\/portal\/sardoal-tem-novo-servico-de-recolha-de-materiais-reciclaveis-porta-a-porta\/\"\n\t\t\t  \tdata-numposts = \"10\"\n\t\t\t  \tdata-lazy = \"true\"\n\t\t\t\tdata-colorscheme = \"light\"\n\t\t\t\tdata-order-by = \"social\"\n\t\t\t\tdata-mobile=true>\n\t\t\t  <\/div><\/div>\n\t\t  <style>\n\t\t    .fb-background-color {\n\t\t\t\tbackground:  !important;\n\t\t\t}\n\t\t\t.fb_iframe_widget_fluid_desktop iframe {\n\t\t\t    width: 100% !important;\n\t\t\t}\n\t\t  <\/style>\n\t\t  ","protected":false},"excerpt":{"rendered":"<p>O Sardoal vai ter um novo servi\u00e7o de recolha de materiais recicl\u00e1veis \u201cPorta a Porta\u201d, realizado pela Valnor em articula\u00e7\u00e3o com o Munic\u00edpio de Sardoal. A a\u00e7\u00e3o ter\u00e1 in\u00edcio em maio, sendo que no dia 8, pelas 17 horas, o Centro Cultural Gil Vicente recebe uma sess\u00e3o de apresenta\u00e7\u00e3o da iniciativa. Este servi\u00e7o ser\u00e1 realizado [&hellip;]<\/p>\n","protected":false},"author":1,"featured_media":0,"comment_status":"open","ping_status":"closed","sticky":false,"template":"","format":"standard","meta":{"_acf_changed":false,"footnotes":""},"categories":[51],"tags":[],"class_list":{"0":"post-6485","1":"post","2":"type-post","3":"status-publish","4":"format-standard","6":"category-breves"},"acf":[],"_links":{"self":[{"href":"https:\/\/www.entroncamentoonline.pt\/portal\/wp-json\/wp\/v2\/posts\/6485","targetHints":{"allow":["GET"]}}],"collection":[{"href":"https:\/\/www.entroncamentoonline.pt\/portal\/wp-json\/wp\/v2\/posts"}],"about":[{"href":"https:\/\/www.entroncamentoonline.pt\/portal\/wp-json\/wp\/v2\/types\/post"}],"author":[{"embeddable":true,"href":"https:\/\/www.entroncamentoonline.pt\/portal\/wp-json\/wp\/v2\/users\/1"}],"replies":[{"embeddable":true,"href":"https:\/\/www.entroncamentoonline.pt\/portal\/wp-json\/wp\/v2\/comments?post=6485"}],"version-history":[{"count":0,"href":"https:\/\/www.entroncamentoonline.pt\/portal\/wp-json\/wp\/v2\/posts\/6485\/revisions"}],"wp:attachment":[{"href":"https:\/\/www.entroncamentoonline.pt\/portal\/wp-json\/wp\/v2\/media?parent=6485"}],"wp:term":[{"taxonomy":"category","embeddable":true,"href":"https:\/\/www.entroncamentoonline.pt\/portal\/wp-json\/wp\/v2\/categories?post=6485"},{"taxonomy":"post_tag","embeddable":true,"href":"https:\/\/www.entroncamentoonline.pt\/portal\/wp-json\/wp\/v2\/tags?post=6485"}],"curies":[{"name":"wp","href":"https:\/\/api.w.org\/{rel}","templated":true}]}}