{"id":64789,"date":"2024-11-28T09:45:47","date_gmt":"2024-11-28T09:45:47","guid":{"rendered":"https:\/\/www.entroncamentoonline.pt\/portal\/?p=64789"},"modified":"2024-11-28T09:45:47","modified_gmt":"2024-11-28T09:45:47","slug":"jornadas-sociais-e-da-saude-de-abrantes","status":"publish","type":"post","link":"https:\/\/www.entroncamentoonline.pt\/portal\/jornadas-sociais-e-da-saude-de-abrantes\/","title":{"rendered":"Jornadas Sociais e da Sa\u00fade de Abrantes"},"content":{"rendered":"<p align=\"left\"><em><span style=\"color: #2c363a;\"><span style=\"font-family: Arial, sans-serif;\"><span style=\"font-size: medium;\">As Jornadas Sociais e da Sa\u00fade de Abrantes est\u00e3o de regresso com a realiza\u00e7\u00e3o de tr\u00eas sess\u00f5es, em dias distintos, que ir\u00e3o debater temas como a viol\u00eancia dom\u00e9stica, o voluntariado e sa\u00fade \u2013 perspetivas futuras<\/span><\/span><\/span><\/em><\/p>\n<p><span style=\"color: #2c363a;\"><span style=\"font-family: Arial, sans-serif;\"><span style=\"font-size: medium;\">O Edif\u00edcio Pir\u00e2mide, em Abrantes, volta a acolher as Jornadas Sociais e da Sa\u00fade de Abrantes com o objetivo de promover a partilha de conhecimento e a reflex\u00e3o e discuss\u00e3o sobre temas de relev\u00e2ncia na \u00e1rea da sa\u00fade e do social.<\/span><\/span><\/span><\/p>\n<p><span style=\"color: #2c363a;\"><span style=\"font-family: Arial, sans-serif;\"><span style=\"font-size: medium;\">Organizado pela C\u00e2mara Municipal de Abrantes, e com entrada livre, a primeira sess\u00e3o das Jornadas Sociais e da Sa\u00fade realiza-se esta quinta-feira, dia 28 de novembro, e ser\u00e1 dedicada ao tema da viol\u00eancia dom\u00e9stica. Contar\u00e1 com a presen\u00e7a de diversos profissionais da \u00e1rea que ir\u00e3o abordar temas como a viol\u00eancia contra pessoas particularmente vulner\u00e1veis e a interven\u00e7\u00e3o do Minist\u00e9rio P\u00fablico e da Dire\u00e7\u00e3o-Geral de Reinser\u00e7\u00e3o e Servi\u00e7os Prisionais em contexto de viol\u00eancia dom\u00e9stica.<\/span><\/span><\/span><\/p>\n<p><span style=\"color: #2c363a;\"><span style=\"font-family: Arial, sans-serif;\"><span style=\"font-size: medium;\">J\u00e1 no dia 5 de dezembro, as Jornadas Sociais e da Sa\u00fade ir\u00e3o debru\u00e7ar-se sobre o voluntariado, onde ser\u00e3o apresentados projetos inspiradores e debatida a import\u00e2ncia do voluntariado na sociedade.<\/span><\/span><\/span><\/p>\n<p><span style=\"color: #2c363a;\">\u201c<span style=\"font-family: Arial, sans-serif;\"><span style=\"font-size: medium;\">Sa\u00fade: uma vis\u00e3o para o futuro\u201d \u00e9 o tema da sess\u00e3o das Jornadas Sociais e da Sa\u00fade que se realiza no dia 11 de dezembro que ir\u00e1 debater a \u201cInova\u00e7\u00e3o na sa\u00fade do M\u00e9dio Tejo\u201d e a \u201cInova\u00e7\u00e3o e educa\u00e7\u00e3o para a Sa\u00fade comunit\u00e1ria\u201d.<\/span><\/span><\/span><\/p>\n<p><span style=\"color: #2c363a;\"><span style=\"font-family: Arial, sans-serif;\"><span style=\"font-size: medium;\">A participa\u00e7\u00e3o \u00e9 gratuita e os interessados em participar, poder\u00e3o fazer a sua inscri\u00e7\u00e3o gratuita atrav\u00e9s do e-mail <\/span><\/span><\/span><a href=\"mailto:reiva@cm-abrantes.pt\"><span style=\"color: #0563c1;\"><span style=\"font-family: Arial, sans-serif;\"><span style=\"font-size: medium;\"><u>reiva@cm-abrantes.pt<\/u><\/span><\/span><\/span><\/a><u> <\/u><span style=\"color: #2c363a;\"><span style=\"font-family: Arial, sans-serif;\"><span style=\"font-size: medium;\">(sess\u00f5es do dia 28 de novembro e 5 de dezembro), do e-mail <\/span><\/span><\/span><a href=\"mailto:servicodesaude@cm-abrantes.pt\"><span style=\"color: #0563c1;\"><span style=\"font-family: Arial, sans-serif;\"><span style=\"font-size: medium;\"><u>servicodesaude@cm-abrantes.pt<\/u><\/span><\/span><\/span><\/a><u> <\/u><span style=\"color: #2c363a;\"><span style=\"font-family: Arial, sans-serif;\"><span style=\"font-size: medium;\">ou do telefone 241 330 100 + Tecla 2 + Tecla 5.<\/span><\/span><\/span><\/p>\n<div class=\"fb-background-color\">\n\t\t\t  <div \n\t\t\t  \tclass = \"fb-comments\" \n\t\t\t  \tdata-href = \"https:\/\/www.entroncamentoonline.pt\/portal\/jornadas-sociais-e-da-saude-de-abrantes\/\"\n\t\t\t  \tdata-numposts = \"10\"\n\t\t\t  \tdata-lazy = \"true\"\n\t\t\t\tdata-colorscheme = \"light\"\n\t\t\t\tdata-order-by = \"social\"\n\t\t\t\tdata-mobile=true>\n\t\t\t  <\/div><\/div>\n\t\t  <style>\n\t\t    .fb-background-color {\n\t\t\t\tbackground:  !important;\n\t\t\t}\n\t\t\t.fb_iframe_widget_fluid_desktop iframe {\n\t\t\t    width: 100% !important;\n\t\t\t}\n\t\t  <\/style>\n\t\t  ","protected":false},"excerpt":{"rendered":"<p>As Jornadas Sociais e da Sa\u00fade de Abrantes est\u00e3o de regresso com a realiza\u00e7\u00e3o de tr\u00eas sess\u00f5es, em dias distintos, que ir\u00e3o debater temas como a viol\u00eancia dom\u00e9stica, o voluntariado e sa\u00fade \u2013 perspetivas futuras O Edif\u00edcio Pir\u00e2mide, em Abrantes, volta a acolher as Jornadas Sociais e da Sa\u00fade de Abrantes com o objetivo de [&hellip;]<\/p>\n","protected":false},"author":43,"featured_media":64790,"comment_status":"open","ping_status":"closed","sticky":false,"template":"","format":"standard","meta":{"_acf_changed":false,"footnotes":""},"categories":[56,29,31,99,68],"tags":[],"class_list":{"0":"post-64789","1":"post","2":"type-post","3":"status-publish","4":"format-standard","5":"has-post-thumbnail","7":"category-1apagina","8":"category-abrantes","9":"category-agenda","10":"category-agenda-2","11":"category-na-boa"},"acf":[],"_links":{"self":[{"href":"https:\/\/www.entroncamentoonline.pt\/portal\/wp-json\/wp\/v2\/posts\/64789","targetHints":{"allow":["GET"]}}],"collection":[{"href":"https:\/\/www.entroncamentoonline.pt\/portal\/wp-json\/wp\/v2\/posts"}],"about":[{"href":"https:\/\/www.entroncamentoonline.pt\/portal\/wp-json\/wp\/v2\/types\/post"}],"author":[{"embeddable":true,"href":"https:\/\/www.entroncamentoonline.pt\/portal\/wp-json\/wp\/v2\/users\/43"}],"replies":[{"embeddable":true,"href":"https:\/\/www.entroncamentoonline.pt\/portal\/wp-json\/wp\/v2\/comments?post=64789"}],"version-history":[{"count":0,"href":"https:\/\/www.entroncamentoonline.pt\/portal\/wp-json\/wp\/v2\/posts\/64789\/revisions"}],"wp:featuredmedia":[{"embeddable":true,"href":"https:\/\/www.entroncamentoonline.pt\/portal\/wp-json\/wp\/v2\/media\/64790"}],"wp:attachment":[{"href":"https:\/\/www.entroncamentoonline.pt\/portal\/wp-json\/wp\/v2\/media?parent=64789"}],"wp:term":[{"taxonomy":"category","embeddable":true,"href":"https:\/\/www.entroncamentoonline.pt\/portal\/wp-json\/wp\/v2\/categories?post=64789"},{"taxonomy":"post_tag","embeddable":true,"href":"https:\/\/www.entroncamentoonline.pt\/portal\/wp-json\/wp\/v2\/tags?post=64789"}],"curies":[{"name":"wp","href":"https:\/\/api.w.org\/{rel}","templated":true}]}}