{"id":64734,"date":"2024-11-22T10:50:20","date_gmt":"2024-11-22T10:50:20","guid":{"rendered":"https:\/\/www.entroncamentoonline.pt\/portal\/?p=64734"},"modified":"2024-11-22T10:04:17","modified_gmt":"2024-11-22T10:04:17","slug":"vn-barquinha-casas-moinho-de-vento-vao-dar-resposta-as-necessidades-de-pessoas-com-deficiencia","status":"publish","type":"post","link":"https:\/\/www.entroncamentoonline.pt\/portal\/vn-barquinha-casas-moinho-de-vento-vao-dar-resposta-as-necessidades-de-pessoas-com-deficiencia\/","title":{"rendered":"VN Barquinha: Casas Moinho de Vento v\u00e3o dar resposta \u00e0s necessidades de pessoas com defici\u00eancia"},"content":{"rendered":"<p align=\"left\"><span style=\"color: #2c2f34;\"><span style=\"font-family: Baloo Chettan 2;\"><span style=\"font-size: medium;\">As <span style=\"color: #30353a;\"><span style=\"font-family: system-ui, apple-system, Segoe UI, Roboto, Helvetica Neue, Arial, Noto Sans, Liberation Sans, sans-serif, Apple Color Emoji, Segoe UI Emoji, Segoe UI Symbol, Noto Color Emoji;\">Casas Moinho de Vento \u2013 Lar Residencial e Resid\u00eancia Aut\u00f3noma <\/span><\/span><span style=\"color: #30353a;\"><span style=\"font-family: system-ui, apple-system, Segoe UI, Roboto, Helvetica Neue, Arial, Noto Sans, Liberation Sans, sans-serif, Apple Color Emoji, Segoe UI Emoji, Segoe UI Symbol, Noto Color Emoji;\">foram inaugurados esta quinta feira, dia 21, uma nova resposta social do concelho de Vila Nova da Barquinha (VNB). Situadas em <\/span><\/span><span style=\"color: #30353a;\"><span style=\"font-family: system-ui, apple-system, Segoe UI, Roboto, Helvetica Neue, Arial, Noto Sans, Liberation Sans, sans-serif, Apple Color Emoji, Segoe UI Emoji, Segoe UI Symbol, Noto Color Emoji;\">Moita do Norte <\/span><\/span><span style=\"color: #30353a;\"><span style=\"font-family: system-ui, apple-system, Segoe UI, Roboto, Helvetica Neue, Arial, Noto Sans, Liberation Sans, sans-serif, Apple Color Emoji, Segoe UI Emoji, Segoe UI Symbol, Noto Color Emoji;\">ser\u00e3o geridas pela <\/span><\/span><span style=\"color: #30353a;\"><span style=\"font-family: system-ui, apple-system, Segoe UI, Roboto, Helvetica Neue, Arial, Noto Sans, Liberation Sans, sans-serif, Apple Color Emoji, Segoe UI Emoji, Segoe UI Symbol, Noto Color Emoji;\">da Santa Casa <\/span><\/span><span style=\"color: #30353a;\"><span style=\"font-family: system-ui, apple-system, Segoe UI, Roboto, Helvetica Neue, Arial, Noto Sans, Liberation Sans, sans-serif, Apple Color Emoji, Segoe UI Emoji, Segoe UI Symbol, Noto Color Emoji;\">da<\/span><\/span><span style=\"color: #30353a;\"><span style=\"font-family: system-ui, apple-system, Segoe UI, Roboto, Helvetica Neue, Arial, Noto Sans, Liberation Sans, sans-serif, Apple Color Emoji, Segoe UI Emoji, Segoe UI Symbol, Noto Color Emoji;\"> Miseric\u00f3rdia <\/span><\/span><span style=\"color: #30353a;\"><span style=\"font-family: system-ui, apple-system, Segoe UI, Roboto, Helvetica Neue, Arial, Noto Sans, Liberation Sans, sans-serif, Apple Color Emoji, Segoe UI Emoji, Segoe UI Symbol, Noto Color Emoji;\">de VNB e foi, tamb\u00e9m, anunciado que h\u00e1 um novo projeto:<\/span><\/span><span style=\"color: #30353a;\"><span style=\"font-family: system-ui, apple-system, Segoe UI, Roboto, Helvetica Neue, Arial, Noto Sans, Liberation Sans, sans-serif, Apple Color Emoji, Segoe UI Emoji, Segoe UI Symbol, Noto Color Emoji;\"> uma unidade de Cuidados Continuados, em parceria com a Miseric\u00f3rdia de Tomar.<\/span><\/span><\/span><\/span><\/span><\/p>\n<p align=\"left\"><img loading=\"lazy\" decoding=\"async\" class=\"alignnone size-medium wp-image-64736\" src=\"https:\/\/www.entroncamentoonline.pt\/portal\/wp-content\/uploads\/2024\/11\/IMG_3514-800x533.jpg\" alt=\"\" width=\"800\" height=\"533\" srcset=\"https:\/\/www.entroncamentoonline.pt\/portal\/wp-content\/uploads\/2024\/11\/IMG_3514-800x533.jpg 800w, https:\/\/www.entroncamentoonline.pt\/portal\/wp-content\/uploads\/2024\/11\/IMG_3514-2024x1349.jpg 2024w, https:\/\/www.entroncamentoonline.pt\/portal\/wp-content\/uploads\/2024\/11\/IMG_3514-768x512.jpg 768w, https:\/\/www.entroncamentoonline.pt\/portal\/wp-content\/uploads\/2024\/11\/IMG_3514-1536x1024.jpg 1536w, https:\/\/www.entroncamentoonline.pt\/portal\/wp-content\/uploads\/2024\/11\/IMG_3514-2048x1365.jpg 2048w, https:\/\/www.entroncamentoonline.pt\/portal\/wp-content\/uploads\/2024\/11\/IMG_3514-696x464.jpg 696w, https:\/\/www.entroncamentoonline.pt\/portal\/wp-content\/uploads\/2024\/11\/IMG_3514-1068x712.jpg 1068w, https:\/\/www.entroncamentoonline.pt\/portal\/wp-content\/uploads\/2024\/11\/IMG_3514-1920x1280.jpg 1920w, https:\/\/www.entroncamentoonline.pt\/portal\/wp-content\/uploads\/2024\/11\/IMG_3514-630x420.jpg 630w\" sizes=\"auto, (max-width: 800px) 100vw, 800px\" \/><\/p>\n<p align=\"left\"><span style=\"color: #2c2f34;\"><span style=\"font-family: Baloo Chettan 2;\"><span style=\"font-size: medium;\">Com a presen\u00e7a de representantes de muitas das entidades do concelho, a inaugura\u00e7\u00e3o contou, tamb\u00e9m, com <span style=\"color: #30353a;\"><span style=\"font-family: system-ui, apple-system, Segoe UI, Roboto, Helvetica Neue, Arial, Noto Sans, Liberation Sans, sans-serif, Apple Color Emoji, Segoe UI Emoji, Segoe UI Symbol, Noto Color Emoji;\">D. Jos\u00e9 Traquina, bispo da Diocese de Santar\u00e9m, <\/span><\/span><span style=\"color: #30353a;\"><span style=\"font-family: system-ui, apple-system, Segoe UI, Roboto, Helvetica Neue, Arial, Noto Sans, Liberation Sans, sans-serif, Apple Color Emoji, Segoe UI Emoji, Segoe UI Symbol, Noto Color Emoji;\">Manuel de Lemos, presidente do Secretariado Nacional da Uni\u00e3o das Miseric\u00f3rdias Portuguesas <\/span><\/span><span style=\"color: #30353a;\"><span style=\"font-family: system-ui, apple-system, Segoe UI, Roboto, Helvetica Neue, Arial, Noto Sans, Liberation Sans, sans-serif, Apple Color Emoji, Segoe UI Emoji, Segoe UI Symbol, Noto Color Emoji;\">e <\/span><\/span><span style=\"color: #30353a;\"><span style=\"font-family: system-ui, apple-system, Segoe UI, Roboto, Helvetica Neue, Arial, Noto Sans, Liberation Sans, sans-serif, Apple Color Emoji, Segoe UI Emoji, Segoe UI Symbol, Noto Color Emoji;\">Paula Carloto, diretora do Centro Distrital de Santar\u00e9m do Instituto da Seguran\u00e7a Social.<\/span><\/span><\/span><\/span><\/span><\/p>\n<p align=\"left\"><img loading=\"lazy\" decoding=\"async\" class=\"alignnone size-medium wp-image-64741\" src=\"https:\/\/www.entroncamentoonline.pt\/portal\/wp-content\/uploads\/2024\/11\/IMG_3498-800x533.jpg\" alt=\"\" width=\"800\" height=\"533\" srcset=\"https:\/\/www.entroncamentoonline.pt\/portal\/wp-content\/uploads\/2024\/11\/IMG_3498-800x533.jpg 800w, https:\/\/www.entroncamentoonline.pt\/portal\/wp-content\/uploads\/2024\/11\/IMG_3498-2024x1349.jpg 2024w, https:\/\/www.entroncamentoonline.pt\/portal\/wp-content\/uploads\/2024\/11\/IMG_3498-768x512.jpg 768w, https:\/\/www.entroncamentoonline.pt\/portal\/wp-content\/uploads\/2024\/11\/IMG_3498-1536x1024.jpg 1536w, https:\/\/www.entroncamentoonline.pt\/portal\/wp-content\/uploads\/2024\/11\/IMG_3498-2048x1365.jpg 2048w, https:\/\/www.entroncamentoonline.pt\/portal\/wp-content\/uploads\/2024\/11\/IMG_3498-696x464.jpg 696w, https:\/\/www.entroncamentoonline.pt\/portal\/wp-content\/uploads\/2024\/11\/IMG_3498-1068x712.jpg 1068w, https:\/\/www.entroncamentoonline.pt\/portal\/wp-content\/uploads\/2024\/11\/IMG_3498-1920x1280.jpg 1920w, https:\/\/www.entroncamentoonline.pt\/portal\/wp-content\/uploads\/2024\/11\/IMG_3498-630x420.jpg 630w\" sizes=\"auto, (max-width: 800px) 100vw, 800px\" \/><\/p>\n<p align=\"left\"><span style=\"color: #2c2f34;\"><span style=\"font-family: Baloo Chettan 2;\"><span style=\"font-size: medium;\"><span style=\"color: #30353a;\"><span style=\"font-family: system-ui, apple-system, Segoe UI, Roboto, Helvetica Neue, Arial, Noto Sans, Liberation Sans, sans-serif, Apple Color Emoji, Segoe UI Emoji, Segoe UI Symbol, Noto Color Emoji;\">O <\/span><\/span><span style=\"color: #30353a;\"><span style=\"font-family: system-ui, apple-system, Segoe UI, Roboto, Helvetica Neue, Arial, Noto Sans, Liberation Sans, sans-serif, Apple Color Emoji, Segoe UI Emoji, Segoe UI Symbol, Noto Color Emoji;\">evento come\u00e7ou com o descerrar da placa e da b\u00ean\u00e7\u00e3o por parte do bispo da Diocese de Santar\u00e9m. <\/span><\/span><\/span><\/span><\/span><\/p>\n<p align=\"left\"><span style=\"color: #2c2f34;\"><span style=\"font-family: Baloo Chettan 2;\"><span style=\"font-size: medium;\"><span style=\"color: #30353a;\"><span style=\"font-family: system-ui, apple-system, Segoe UI, Roboto, Helvetica Neue, Arial, Noto Sans, Liberation Sans, sans-serif, Apple Color Emoji, Segoe UI Emoji, Segoe UI Symbol, Noto Color Emoji;\">H\u00e9lder Silva, provedor da Santa Casa da Miseric\u00f3rdia de VNB falou sobre<\/span><\/span><span style=\"color: #30353a;\"><span style=\"font-family: system-ui, apple-system, Segoe UI, Roboto, Helvetica Neue, Arial, Noto Sans, Liberation Sans, sans-serif, Apple Color Emoji, Segoe UI Emoji, Segoe UI Symbol, Noto Color Emoji;\"> o<\/span><\/span> <span style=\"color: #30353a;\"><span style=\"font-family: system-ui, apple-system, Segoe UI, Roboto, Helvetica Neue, Arial, Noto Sans, Liberation Sans, sans-serif, Apple Color Emoji, Segoe UI Emoji, Segoe UI Symbol, Noto Color Emoji;\">projeto afirmando as Miseric\u00f3rdias como \u201cpilar da resposta social\u201d e elogiou \u201co empenho de uma equipa jovem\u201d. O provedor contou que a nova estrutura nasceu de uma parceria entre a Associa\u00e7\u00e3o de Paralisia Cerebral de Vila Nova da Barquinha, a Santa Casa da Miseric\u00f3rdia, a Diocese de Santar\u00e9m e a C\u00e2mara Municipal.<\/span><\/span><\/span><\/span><\/span><\/p>\n<p align=\"left\"><img loading=\"lazy\" decoding=\"async\" class=\"alignnone size-medium wp-image-64735\" src=\"https:\/\/www.entroncamentoonline.pt\/portal\/wp-content\/uploads\/2024\/11\/IMG_3500-800x533.jpg\" alt=\"\" width=\"800\" height=\"533\" srcset=\"https:\/\/www.entroncamentoonline.pt\/portal\/wp-content\/uploads\/2024\/11\/IMG_3500-800x533.jpg 800w, https:\/\/www.entroncamentoonline.pt\/portal\/wp-content\/uploads\/2024\/11\/IMG_3500-2024x1349.jpg 2024w, https:\/\/www.entroncamentoonline.pt\/portal\/wp-content\/uploads\/2024\/11\/IMG_3500-768x512.jpg 768w, https:\/\/www.entroncamentoonline.pt\/portal\/wp-content\/uploads\/2024\/11\/IMG_3500-1536x1024.jpg 1536w, https:\/\/www.entroncamentoonline.pt\/portal\/wp-content\/uploads\/2024\/11\/IMG_3500-2048x1365.jpg 2048w, https:\/\/www.entroncamentoonline.pt\/portal\/wp-content\/uploads\/2024\/11\/IMG_3500-696x464.jpg 696w, https:\/\/www.entroncamentoonline.pt\/portal\/wp-content\/uploads\/2024\/11\/IMG_3500-1068x712.jpg 1068w, https:\/\/www.entroncamentoonline.pt\/portal\/wp-content\/uploads\/2024\/11\/IMG_3500-1920x1280.jpg 1920w, https:\/\/www.entroncamentoonline.pt\/portal\/wp-content\/uploads\/2024\/11\/IMG_3500-630x420.jpg 630w\" sizes=\"auto, (max-width: 800px) 100vw, 800px\" \/><\/p>\n<p align=\"left\"><em>H\u00e9lder Silva, Provedor da Santa Casa da Miseric\u00f3rdia<\/em><\/p>\n<p align=\"left\"><span style=\"color: #30353a;\"><span style=\"font-family: system-ui, apple-system, Segoe UI, Roboto, Helvetica Neue, Arial, Noto Sans, Liberation Sans, sans-serif, Apple Color Emoji, Segoe UI Emoji, Segoe UI Symbol, Noto Color Emoji;\"><span style=\"font-size: medium;\">Paula Carloto, diretora do Centro Distrital de Santar\u00e9m do Instituto da Seguran\u00e7a Social, disse que o projeto \u00e9 \u201cmuito mais do que uma infraestrutura\u201d e uma \u201cresposta imprescind\u00edvel\u201d, reconhecendo ser um \u201cbom investimento\u201d. S\u00e3o \u201cmais duas respostas na \u00e1rea do apoio \u00e0s pessoas com defici\u00eancia\u201d que nascem no distrito de Santar\u00e9m e que permitir\u00e1 dignidade a que as mesmas t\u00eam direito\u201d e proporcionar-lhes \u201ctamb\u00e9m as oportunidades que lhes s\u00e3o devidas\u201d.<\/span><\/span><\/span><\/p>\n<p align=\"left\"><span style=\"color: #30353a;\"><span style=\"font-family: system-ui, apple-system, Segoe UI, Roboto, Helvetica Neue, Arial, Noto Sans, Liberation Sans, sans-serif, Apple Color Emoji, Segoe UI Emoji, Segoe UI Symbol, Noto Color Emoji;\"><span style=\"font-size: medium;\">Fernando Freire citou Fernando Pessoa para elogiar o trabalho desenvolvido: \u201c <\/span><\/span><span style=\"font-family: system-ui, apple-system, Segoe UI, Roboto, Helvetica Neue, Arial, Noto Sans, Liberation Sans, sans-serif, Apple Color Emoji, Segoe UI Emoji, Segoe UI Symbol, Noto Color Emoji;\"><span style=\"font-size: medium;\">Deus quer, o homem sonha, a obra nasce\u201d. <\/span><\/span><span style=\"font-family: system-ui, apple-system, Segoe UI, Roboto, Helvetica Neue, Arial, Noto Sans, Liberation Sans, sans-serif, Apple Color Emoji, Segoe UI Emoji, Segoe UI Symbol, Noto Color Emoji;\"><span style=\"font-size: medium;\">O presidente da C\u00e2mara Municipal afirmou que <\/span><\/span>\u201co<span style=\"font-family: system-ui, apple-system, Segoe UI, Roboto, Helvetica Neue, Arial, Noto Sans, Liberation Sans, sans-serif, Apple Color Emoji, Segoe UI Emoji, Segoe UI Symbol, Noto Color Emoji;\"><span style=\"font-size: medium;\"> nosso empenho no envolvimento social, na educa\u00e7\u00e3o, na forma\u00e7\u00e3o, nas b<\/span><\/span><span style=\"font-family: system-ui, apple-system, Segoe UI, Roboto, Helvetica Neue, Arial, Noto Sans, Liberation Sans, sans-serif, Apple Color Emoji, Segoe UI Emoji, Segoe UI Symbol, Noto Color Emoji;\"><span style=\"font-size: medium;\">oas aventuran\u00e7as<\/span><\/span><span style=\"font-family: system-ui, apple-system, Segoe UI, Roboto, Helvetica Neue, Arial, Noto Sans, Liberation Sans, sans-serif, Apple Color Emoji, Segoe UI Emoji, Segoe UI Symbol, Noto Color Emoji;\"><span style=\"font-size: medium;\">, e nos valores verdadeiros da vida, deve constituir um imperativo categ\u00f3rico di\u00e1rio\u201d. <\/span><\/span><span style=\"font-family: system-ui, apple-system, Segoe UI, Roboto, Helvetica Neue, Arial, Noto Sans, Liberation Sans, sans-serif, Apple Color Emoji, Segoe UI Emoji, Segoe UI Symbol, Noto Color Emoji;\"><span style=\"font-size: medium;\">O autarca <\/span><\/span><span style=\"font-family: system-ui, apple-system, Segoe UI, Roboto, Helvetica Neue, Arial, Noto Sans, Liberation Sans, sans-serif, Apple Color Emoji, Segoe UI Emoji, Segoe UI Symbol, Noto Color Emoji;\"><span style=\"font-size: medium;\">afirmou que<\/span><\/span><span style=\"font-family: system-ui, apple-system, Segoe UI, Roboto, Helvetica Neue, Arial, Noto Sans, Liberation Sans, sans-serif, Apple Color Emoji, Segoe UI Emoji, Segoe UI Symbol, Noto Color Emoji;\"><span style=\"font-size: medium;\"> a obra agora inaugurada, \u201cs\u00f3 foi poss\u00edvel gra\u00e7as ao trabalho de muitos: \u00e0 Seguran\u00e7a Social, \u00e0 F\u00e1brica da Igreja de Nossa Senhora dos Rem\u00e9dios, aos corpos sociais, aos s\u00f3cios da Associa\u00e7\u00e3o de Paralisia Cerebral, aos irm\u00e3os da Miseric\u00f3rdia, e de quem contribuiu com as suas p\u00fablicas e an\u00f3nimas doa\u00e7\u00f5es, mas tamb\u00e9m gra\u00e7as aos titulares de cargos pol\u00edticos do Munic\u00edpio e das Freguesias\u201d.<\/span><\/span><\/span><\/p>\n<p align=\"left\"><img loading=\"lazy\" decoding=\"async\" class=\"alignnone size-medium wp-image-64738\" src=\"https:\/\/www.entroncamentoonline.pt\/portal\/wp-content\/uploads\/2024\/11\/IMG_3519-800x533.jpg\" alt=\"\" width=\"800\" height=\"533\" srcset=\"https:\/\/www.entroncamentoonline.pt\/portal\/wp-content\/uploads\/2024\/11\/IMG_3519-800x533.jpg 800w, https:\/\/www.entroncamentoonline.pt\/portal\/wp-content\/uploads\/2024\/11\/IMG_3519-2024x1349.jpg 2024w, https:\/\/www.entroncamentoonline.pt\/portal\/wp-content\/uploads\/2024\/11\/IMG_3519-768x512.jpg 768w, https:\/\/www.entroncamentoonline.pt\/portal\/wp-content\/uploads\/2024\/11\/IMG_3519-1536x1024.jpg 1536w, https:\/\/www.entroncamentoonline.pt\/portal\/wp-content\/uploads\/2024\/11\/IMG_3519-2048x1365.jpg 2048w, https:\/\/www.entroncamentoonline.pt\/portal\/wp-content\/uploads\/2024\/11\/IMG_3519-696x464.jpg 696w, https:\/\/www.entroncamentoonline.pt\/portal\/wp-content\/uploads\/2024\/11\/IMG_3519-1068x712.jpg 1068w, https:\/\/www.entroncamentoonline.pt\/portal\/wp-content\/uploads\/2024\/11\/IMG_3519-1920x1280.jpg 1920w, https:\/\/www.entroncamentoonline.pt\/portal\/wp-content\/uploads\/2024\/11\/IMG_3519-630x420.jpg 630w\" sizes=\"auto, (max-width: 800px) 100vw, 800px\" \/><\/p>\n<p align=\"left\"><em>Parte da equipa que trabalha no equipamento<\/em><\/p>\n<p align=\"left\"><span style=\"color: #30353a;\"><span style=\"font-family: system-ui, apple-system, Segoe UI, Roboto, Helvetica Neue, Arial, Noto Sans, Liberation Sans, sans-serif, Apple Color Emoji, Segoe UI Emoji, Segoe UI Symbol, Noto Color Emoji;\"><span style=\"font-size: medium;\">O equipamento \u00e9 c<\/span><\/span><\/span><span style=\"color: #30353a;\"><span style=\"font-family: system-ui, apple-system, Segoe UI, Roboto, Helvetica Neue, Arial, Noto Sans, Liberation Sans, sans-serif, Apple Color Emoji, Segoe UI Emoji, Segoe UI Symbol, Noto Color Emoji;\"><span style=\"font-size: medium;\">omparticipado pelo programa PARES &#8211; Programa de Alargamento da Rede de Equipamentos Sociais <\/span><\/span><\/span><span style=\"color: #30353a;\"><span style=\"font-family: system-ui, apple-system, Segoe UI, Roboto, Helvetica Neue, Arial, Noto Sans, Liberation Sans, sans-serif, Apple Color Emoji, Segoe UI Emoji, Segoe UI Symbol, Noto Color Emoji;\"><span style=\"font-size: medium;\">num<\/span><\/span><\/span><span style=\"color: #222222;\"><span style=\"font-family: Verdana, Geneva, sans-serif;\"><span style=\"font-size: small;\"> financiamento na ordem dos 600 mil euros, metade dos quais <\/span><\/span><\/span><span style=\"color: #222222;\"><span style=\"font-family: Verdana, Geneva, sans-serif;\"><span style=\"font-size: small;\">pagos<\/span><\/span><\/span><span style=\"color: #222222;\"><span style=\"font-family: Verdana, Geneva, sans-serif;\"><span style=\"font-size: small;\"> pelo Munic\u00edpio<\/span><\/span><\/span> <span style=\"color: #30353a;\"><span style=\"font-family: system-ui, apple-system, Segoe UI, Roboto, Helvetica Neue, Arial, Noto Sans, Liberation Sans, sans-serif, Apple Color Emoji, Segoe UI Emoji, Segoe UI Symbol, Noto Color Emoji;\"><span style=\"font-size: medium;\">. <\/span><\/span><\/span><span style=\"color: #30353a;\"><span style=\"font-family: system-ui, apple-system, Segoe UI, Roboto, Helvetica Neue, Arial, Noto Sans, Liberation Sans, sans-serif, Apple Color Emoji, Segoe UI Emoji, Segoe UI Symbol, Noto Color Emoji;\"><span style=\"font-size: medium;\">O Lar Residencial tem dispon\u00edveis 12 camas, enquanto que a Resid\u00eancia Aut\u00f3noma conta com mais cinco camas. <\/span><\/span><\/span><\/p>\n<p align=\"left\"><span style=\"color: #30353a;\"><span style=\"font-family: system-ui, apple-system, Segoe UI, Roboto, Helvetica Neue, Arial, Noto Sans, Liberation Sans, sans-serif, Apple Color Emoji, Segoe UI Emoji, Segoe UI Symbol, Noto Color Emoji;\"><span style=\"font-size: medium;\">J\u00e1 a parceria anunciada ontem, entre a Miseric\u00f3rdia da Barquinha e a Miseric\u00f3rdia de Tomar, para a constru\u00e7\u00e3o de uma outra resposta social, em Cuidados Continuados, far\u00e1 nascer no concelho uma unidade com 90 camas.<\/span><\/span><\/span><\/p>\n<p>&nbsp;<\/p>\n<div class=\"fb-background-color\">\n\t\t\t  <div \n\t\t\t  \tclass = \"fb-comments\" \n\t\t\t  \tdata-href = \"https:\/\/www.entroncamentoonline.pt\/portal\/vn-barquinha-casas-moinho-de-vento-vao-dar-resposta-as-necessidades-de-pessoas-com-deficiencia\/\"\n\t\t\t  \tdata-numposts = \"10\"\n\t\t\t  \tdata-lazy = \"true\"\n\t\t\t\tdata-colorscheme = \"light\"\n\t\t\t\tdata-order-by = \"social\"\n\t\t\t\tdata-mobile=true>\n\t\t\t  <\/div><\/div>\n\t\t  <style>\n\t\t    .fb-background-color {\n\t\t\t\tbackground:  !important;\n\t\t\t}\n\t\t\t.fb_iframe_widget_fluid_desktop iframe {\n\t\t\t    width: 100% !important;\n\t\t\t}\n\t\t  <\/style>\n\t\t  ","protected":false},"excerpt":{"rendered":"<p>As Casas Moinho de Vento \u2013 Lar Residencial e Resid\u00eancia Aut\u00f3noma foram inaugurados esta quinta feira, dia 21, uma nova resposta social do concelho de Vila Nova da Barquinha (VNB). Situadas em Moita do Norte ser\u00e3o geridas pela da Santa Casa da Miseric\u00f3rdia de VNB e foi, tamb\u00e9m, anunciado que h\u00e1 um novo projeto: uma [&hellip;]<\/p>\n","protected":false},"author":43,"featured_media":64740,"comment_status":"open","ping_status":"closed","sticky":false,"template":"","format":"standard","meta":{"_acf_changed":false,"footnotes":""},"categories":[56,32,38],"tags":[],"class_list":{"0":"post-64734","1":"post","2":"type-post","3":"status-publish","4":"format-standard","5":"has-post-thumbnail","7":"category-1apagina","8":"category-noticias","9":"category-v-n-barquinha"},"acf":[],"_links":{"self":[{"href":"https:\/\/www.entroncamentoonline.pt\/portal\/wp-json\/wp\/v2\/posts\/64734","targetHints":{"allow":["GET"]}}],"collection":[{"href":"https:\/\/www.entroncamentoonline.pt\/portal\/wp-json\/wp\/v2\/posts"}],"about":[{"href":"https:\/\/www.entroncamentoonline.pt\/portal\/wp-json\/wp\/v2\/types\/post"}],"author":[{"embeddable":true,"href":"https:\/\/www.entroncamentoonline.pt\/portal\/wp-json\/wp\/v2\/users\/43"}],"replies":[{"embeddable":true,"href":"https:\/\/www.entroncamentoonline.pt\/portal\/wp-json\/wp\/v2\/comments?post=64734"}],"version-history":[{"count":0,"href":"https:\/\/www.entroncamentoonline.pt\/portal\/wp-json\/wp\/v2\/posts\/64734\/revisions"}],"wp:featuredmedia":[{"embeddable":true,"href":"https:\/\/www.entroncamentoonline.pt\/portal\/wp-json\/wp\/v2\/media\/64740"}],"wp:attachment":[{"href":"https:\/\/www.entroncamentoonline.pt\/portal\/wp-json\/wp\/v2\/media?parent=64734"}],"wp:term":[{"taxonomy":"category","embeddable":true,"href":"https:\/\/www.entroncamentoonline.pt\/portal\/wp-json\/wp\/v2\/categories?post=64734"},{"taxonomy":"post_tag","embeddable":true,"href":"https:\/\/www.entroncamentoonline.pt\/portal\/wp-json\/wp\/v2\/tags?post=64734"}],"curies":[{"name":"wp","href":"https:\/\/api.w.org\/{rel}","templated":true}]}}