{"id":64707,"date":"2024-11-20T09:29:13","date_gmt":"2024-11-20T09:29:13","guid":{"rendered":"https:\/\/www.entroncamentoonline.pt\/portal\/?p=64707"},"modified":"2024-11-20T09:29:13","modified_gmt":"2024-11-20T09:29:13","slug":"animacao-de-natal-em-torres-novas","status":"publish","type":"post","link":"https:\/\/www.entroncamentoonline.pt\/portal\/animacao-de-natal-em-torres-novas\/","title":{"rendered":"Anima\u00e7\u00e3o de Natal em Torres Novas"},"content":{"rendered":"<p align=\"left\"><span style=\"color: #2c363a;\"><span style=\"font-family: Arial, sans-serif;\"><span style=\"font-size: medium;\">O Munic\u00edpio de Torres Novas vai promover, de 22 de novembro a 6 de janeiro, um vasto leque de atividades para celebrar o esp\u00edrito natal\u00edcio.<\/span><\/span><\/span><\/p>\n<p align=\"left\"><span style=\"color: #2c363a;\"><span style=\"font-family: Arial, sans-serif;\"><span style=\"font-size: medium;\">Fazem parte do programa a inaugura\u00e7\u00e3o da ilumina\u00e7\u00e3o de Natal, anima\u00e7\u00e3o itinerante, com\u00e9rcio, m\u00fasica, dan\u00e7a, desporto, feiras, teatro de marionetas e passagem de ano, n\u00e3o esquecendo a campanha Natal Local.<\/span><\/span><\/span><\/p>\n<p align=\"left\"><span style=\"color: #2c363a;\"><span style=\"font-family: Arial, sans-serif;\"><span style=\"font-size: medium;\">Programa completo:<\/span><\/span><\/span><\/p>\n<p align=\"left\"><span style=\"color: #2c363a;\"><span style=\"font-family: Arial, sans-serif;\"><span style=\"font-size: medium;\">22 de novembro<\/span><\/span><\/span><\/p>\n<p align=\"left\"><span style=\"color: #2c363a;\"><span style=\"font-family: Arial, sans-serif;\"><span style=\"font-size: medium;\"><b>Inaugura\u00e7\u00e3o da ilumina\u00e7\u00e3o de Natal<\/b><\/span><\/span><\/span><\/p>\n<p align=\"left\"><span style=\"color: #2c363a;\"><span style=\"font-family: Arial, sans-serif;\"><span style=\"font-size: medium;\">18h | Pra\u00e7a 5 de Outubro |<b>Anima\u00e7\u00e3o itinerante \u00abBanda \u00e0s Riscas\u00bb<\/b><\/span><\/span><\/span><\/p>\n<p align=\"left\"><span style=\"color: #2c363a;\"><span style=\"font-family: Arial, sans-serif;\"><span style=\"font-size: medium;\">23 de novembro | 11h30 | Cidade<\/span><\/span><\/span><\/p>\n<p align=\"left\"><span style=\"color: #2c363a;\"><span style=\"font-family: Arial, sans-serif;\"><span style=\"font-size: medium;\"><b>Anima\u00e7\u00e3o itinerante \u00abTorresFarra\u00bb<\/b><\/span><\/span><\/span><\/p>\n<p align=\"left\"><span style=\"color: #2c363a;\"><span style=\"font-family: Arial, sans-serif;\"><span style=\"font-size: medium;\">30 de novembro | 11h30 | Cidade<\/span><\/span><\/span><\/p>\n<p align=\"left\"><span style=\"color: #2c363a;\"><span style=\"font-family: Arial, sans-serif;\"><span style=\"font-size: medium;\"><b>Anima\u00e7\u00e3o itinerante \u00abBombones\u00bb<\/b><\/span><\/span><\/span><\/p>\n<p align=\"left\"><span style=\"color: #2c363a;\"><span style=\"font-family: Arial, sans-serif;\"><span style=\"font-size: medium;\">1 de dezembro a 6 de janeiro | Com\u00e9rcio Local<\/span><\/span><\/span><\/p>\n<p align=\"left\"><span style=\"color: #2c363a;\"><span style=\"font-family: Arial, sans-serif;\"><span style=\"font-size: medium;\"><b>Campanha \u00abTorres Novas &#8211; Natal Local\u00bb<\/b><\/span><\/span><\/span><\/p>\n<p align=\"left\"><span style=\"color: #2c363a;\"><span style=\"font-family: Arial, sans-serif;\"><span style=\"font-size: medium;\">7 de dezembro<\/span><\/span><\/span><\/p>\n<p align=\"left\"><span style=\"color: #2c363a;\"><span style=\"font-family: Arial, sans-serif;\"><span style=\"font-size: medium;\">11h30 | Cidade |<b>Anima\u00e7\u00e3o itinerante \u00abBOT\u2019inha de Natal\u00bb<\/b><\/span><\/span><\/span><\/p>\n<p align=\"left\"><span style=\"color: #2c363a;\"><span style=\"font-family: Arial, sans-serif;\"><span style=\"font-size: medium;\">21h30 | Teatro Virg\u00ednia |<b>Dan\u00e7a \/\/ O Quebra-Nozes<\/b><\/span><\/span><\/span><\/p>\n<p align=\"left\"><span style=\"color: #2c363a;\"><span style=\"font-family: Arial, sans-serif;\"><span style=\"font-size: medium;\">13, 14 e 15 de dezembro | Pra\u00e7a dos Claras<\/span><\/span><\/span><\/p>\n<p align=\"left\"><span style=\"color: #2c363a;\"><span style=\"font-family: Arial, sans-serif;\"><span style=\"font-size: medium;\"><b>Feira dos Produtos da Terra \u2013 Especial Natal<\/b><\/span><\/span><\/span><\/p>\n<p align=\"left\"><span style=\"color: #2c363a;\"><span style=\"font-family: Arial, sans-serif;\"><span style=\"font-size: medium;\">13 de dezembro | 11h30 | Cidade<\/span><\/span><\/span><\/p>\n<p align=\"left\"><span style=\"color: #2c363a;\"><span style=\"font-family: Arial, sans-serif;\"><span style=\"font-size: medium;\"><b>Anima\u00e7\u00e3o itinerante \u00abDuendes Bacalhau\u00bb<\/b><\/span><\/span><\/span><\/p>\n<p align=\"left\"><span style=\"color: #2c363a;\"><span style=\"font-family: Arial, sans-serif;\"><span style=\"font-size: medium;\">14 de dezembro | 11h30 | Cidade<\/span><\/span><\/span><\/p>\n<p align=\"left\"><span style=\"color: #2c363a;\"><span style=\"font-family: Arial, sans-serif;\"><span style=\"font-size: medium;\"><b>Anima\u00e7\u00e3o itinerante \u00abTorresFarra\u00bb<\/b><\/span><\/span><\/span><\/p>\n<p align=\"left\"><span style=\"color: #2c363a;\"><span style=\"font-family: Arial, sans-serif;\"><span style=\"font-size: medium;\">15 de dezembro<\/span><\/span><\/span><\/p>\n<p align=\"left\"><span style=\"color: #2c363a;\"><span style=\"font-family: Arial, sans-serif;\"><span style=\"font-size: medium;\">11h30 e 16h | Pra\u00e7a dos Claras|<b>Teatro de Marionetas \u00abMiss\u00e3o Imposs\u00edvel Natal\u00edcia\u00bb<\/b><\/span><\/span><\/span><\/p>\n<p align=\"left\"><span style=\"color: #2c363a;\"><span style=\"font-family: Arial, sans-serif;\"><span style=\"font-size: medium;\">15h | Cidade |<b>Anima\u00e7\u00e3o itinerante \u00abDrama e Bei\u00e7o\u00bb<\/b><\/span><\/span><\/span><\/p>\n<p align=\"left\"><span style=\"color: #2c363a;\"><span style=\"font-family: Arial, sans-serif;\"><span style=\"font-size: medium;\">21 de dezembro | 16h | Avenida Dr. Jo\u00e3o Martins de Azevedo<\/span><\/span><\/span><\/p>\n<p align=\"left\"><span style=\"color: #2c363a;\"><span style=\"font-family: Arial, sans-serif;\"><span style=\"font-size: medium;\"><b>Corrida de S\u00e3o Silvestre<\/b><\/span><\/span><\/span><\/p>\n<p align=\"left\"><span style=\"color: #2c363a;\"><span style=\"font-family: Arial, sans-serif;\"><span style=\"font-size: medium;\">22 de dezembro | 9h-17h | Avenida Dr. Jo\u00e3o Martins de Azevedo<\/span><\/span><\/span><\/p>\n<p align=\"left\"><span style=\"color: #2c363a;\"><span style=\"font-family: Arial, sans-serif;\"><span style=\"font-size: medium;\"><b>Feira de Antiguidades e Colecionismo<\/b><\/span><\/span><\/span><\/p>\n<p align=\"left\"><span style=\"color: #2c363a;\"><span style=\"font-family: Arial, sans-serif;\"><span style=\"font-size: medium;\">31 de dezembro | 22h | Pra\u00e7a 5 de Outubro<\/span><\/span><\/span><\/p>\n<p align=\"left\"><span style=\"color: #2c363a;\"><span style=\"font-family: Arial, sans-serif;\"><span style=\"font-size: medium;\"><b>Passagem de Ano<\/b><\/span><\/span><\/span><\/p>\n<p align=\"left\"><span style=\"color: #2c363a;\"><span style=\"font-family: Arial, sans-serif;\"><span style=\"font-size: medium;\"><b>22h00 | Banda Replika<\/b><\/span><\/span><\/span><\/p>\n<p align=\"left\"><span style=\"color: #2c363a;\"><span style=\"font-family: Arial, sans-serif;\"><span style=\"font-size: medium;\"><b>00h00 | Fogo de artif\u00edcio<\/b><\/span><\/span><\/span><\/p>\n<p align=\"left\"><span style=\"color: #2c363a;\"><span style=\"font-family: Arial, sans-serif;\"><span style=\"font-size: medium;\"><b>00h30 | DJ Hot Crazy Boy<\/b><\/span><\/span><\/span><\/p>\n<div class=\"fb-background-color\">\n\t\t\t  <div \n\t\t\t  \tclass = \"fb-comments\" \n\t\t\t  \tdata-href = \"https:\/\/www.entroncamentoonline.pt\/portal\/animacao-de-natal-em-torres-novas\/\"\n\t\t\t  \tdata-numposts = \"10\"\n\t\t\t  \tdata-lazy = \"true\"\n\t\t\t\tdata-colorscheme = \"light\"\n\t\t\t\tdata-order-by = \"social\"\n\t\t\t\tdata-mobile=true>\n\t\t\t  <\/div><\/div>\n\t\t  <style>\n\t\t    .fb-background-color {\n\t\t\t\tbackground:  !important;\n\t\t\t}\n\t\t\t.fb_iframe_widget_fluid_desktop iframe {\n\t\t\t    width: 100% !important;\n\t\t\t}\n\t\t  <\/style>\n\t\t  ","protected":false},"excerpt":{"rendered":"<p>O Munic\u00edpio de Torres Novas vai promover, de 22 de novembro a 6 de janeiro, um vasto leque de atividades para celebrar o esp\u00edrito natal\u00edcio. Fazem parte do programa a inaugura\u00e7\u00e3o da ilumina\u00e7\u00e3o de Natal, anima\u00e7\u00e3o itinerante, com\u00e9rcio, m\u00fasica, dan\u00e7a, desporto, feiras, teatro de marionetas e passagem de ano, n\u00e3o esquecendo a campanha Natal Local. [&hellip;]<\/p>\n","protected":false},"author":43,"featured_media":64708,"comment_status":"open","ping_status":"closed","sticky":false,"template":"","format":"standard","meta":{"_acf_changed":false,"footnotes":""},"categories":[56,31,99,68,32,37],"tags":[],"class_list":{"0":"post-64707","1":"post","2":"type-post","3":"status-publish","4":"format-standard","5":"has-post-thumbnail","7":"category-1apagina","8":"category-agenda","9":"category-agenda-2","10":"category-na-boa","11":"category-noticias","12":"category-torres-novas"},"acf":[],"_links":{"self":[{"href":"https:\/\/www.entroncamentoonline.pt\/portal\/wp-json\/wp\/v2\/posts\/64707","targetHints":{"allow":["GET"]}}],"collection":[{"href":"https:\/\/www.entroncamentoonline.pt\/portal\/wp-json\/wp\/v2\/posts"}],"about":[{"href":"https:\/\/www.entroncamentoonline.pt\/portal\/wp-json\/wp\/v2\/types\/post"}],"author":[{"embeddable":true,"href":"https:\/\/www.entroncamentoonline.pt\/portal\/wp-json\/wp\/v2\/users\/43"}],"replies":[{"embeddable":true,"href":"https:\/\/www.entroncamentoonline.pt\/portal\/wp-json\/wp\/v2\/comments?post=64707"}],"version-history":[{"count":0,"href":"https:\/\/www.entroncamentoonline.pt\/portal\/wp-json\/wp\/v2\/posts\/64707\/revisions"}],"wp:featuredmedia":[{"embeddable":true,"href":"https:\/\/www.entroncamentoonline.pt\/portal\/wp-json\/wp\/v2\/media\/64708"}],"wp:attachment":[{"href":"https:\/\/www.entroncamentoonline.pt\/portal\/wp-json\/wp\/v2\/media?parent=64707"}],"wp:term":[{"taxonomy":"category","embeddable":true,"href":"https:\/\/www.entroncamentoonline.pt\/portal\/wp-json\/wp\/v2\/categories?post=64707"},{"taxonomy":"post_tag","embeddable":true,"href":"https:\/\/www.entroncamentoonline.pt\/portal\/wp-json\/wp\/v2\/tags?post=64707"}],"curies":[{"name":"wp","href":"https:\/\/api.w.org\/{rel}","templated":true}]}}