{"id":64692,"date":"2024-11-19T09:33:19","date_gmt":"2024-11-19T09:33:19","guid":{"rendered":"https:\/\/www.entroncamentoonline.pt\/portal\/?p=64692"},"modified":"2024-11-19T09:33:19","modified_gmt":"2024-11-19T09:33:19","slug":"vn-barquinha-1-o-coloquio-templarios-e-ordem-de-cristo","status":"publish","type":"post","link":"https:\/\/www.entroncamentoonline.pt\/portal\/vn-barquinha-1-o-coloquio-templarios-e-ordem-de-cristo\/","title":{"rendered":"VN Barquinha: 1.\u00ba col\u00f3quio &#8220;Templ\u00e1rios e Ordem de Cristo&#8221;"},"content":{"rendered":"<p align=\"left\"><span style=\"color: #2c363a;\"><span style=\"font-family: Calibri, sans-serif;\"><span style=\"font-size: small;\"><span style=\"font-family: Arial, sans-serif;\"><span style=\"font-size: medium;\">O Centro Cultural de Vila Nova da Barquinha vai receber o primeiro col\u00f3quio \u201cTempl\u00e1rios e Ordem de Cristo no pr\u00f3ximo dia <\/span><\/span><span style=\"font-family: Arial, sans-serif;\"><span style=\"font-size: medium;\">23 novembro 2024. <\/span><\/span><span style=\"font-family: Arial, sans-serif;\"><span style=\"font-size: medium;\">A organiza\u00e7\u00e3o \u00e9 da <\/span><\/span><span style=\"font-family: Arial, sans-serif;\"><span style=\"font-size: medium;\">Federa\u00e7\u00e3o Europeia da Rota dos Templ\u00e1rios (TREF) <\/span><\/span><span style=\"font-family: Arial, sans-serif;\"><span style=\"font-size: medium;\">e do<\/span><\/span><span style=\"font-family: Arial, sans-serif;\"><span style=\"font-size: medium;\"> Munic\u00edpio de Vila Nova da Barquinha. <\/span><\/span><span style=\"font-family: Arial, sans-serif;\"><span style=\"font-size: medium;\">A entrada \u00e9 livre mas carece de inscri\u00e7\u00e3o. As mesmas podem ser feitas para <\/span><\/span><span style=\"font-family: Arial, sans-serif;\"><span style=\"font-size: medium;\"><a href=\"mailto:turismo@cm-vnbarquinha.pt\">turismo@cm-vnbarquinha.pt<\/a> <\/span><\/span><span style=\"font-family: Arial, sans-serif;\"><span style=\"font-size: medium;\">ou atrav\u00e9s do n\u00famero<\/span><\/span><span style=\"font-family: Arial, sans-serif;\"><span style=\"font-size: medium;\"> 249 720 358.<\/span><\/span><\/span><\/span><\/span><\/p>\n<p align=\"left\"><span style=\"color: #2c363a;\"><span style=\"font-family: Arial, sans-serif;\"><span style=\"font-size: medium;\">Conhe\u00e7a o programa:<\/span><\/span><\/span><\/p>\n<p align=\"left\"><span style=\"color: #2c363a;\"><span style=\"font-family: Arial, sans-serif;\"><span style=\"font-size: medium;\">09h00 | Rece\u00e7\u00e3o aos convidados<\/span><\/span><\/span><\/p>\n<p align=\"left\"><span style=\"color: #2c363a;\"><span style=\"font-family: Arial, sans-serif;\"><span style=\"font-size: medium;\">09h30 | Sess\u00e3o de abertura: Fernando Freire, Presidente da C\u00e2mara Municipal e Representante da TREF<\/span><\/span><\/span><\/p>\n<p align=\"left\"><span style=\"color: #2c363a;\"><span style=\"font-family: Arial, sans-serif;\"><span style=\"font-size: medium;\">10h00 | In\u00eas Lourinho: \u201cO reino de Portugal como correlato da guerra de fronteira (1093 &#8211; 1147)\u201d; Carlos Batata: \u201cNovos dados arqueol\u00f3gicos do Castelo de Almourol e do Cais de Tancos, Vila Nova da Barquinha\u201d<\/span><\/span><\/span><\/p>\n<p align=\"left\"><span style=\"color: #2c363a;\"><span style=\"font-family: Arial, sans-serif;\"><span style=\"font-size: medium;\">11h15 | Miguel Gomes Martins: \u201cAs ordens militares e as opera\u00e7\u00f5es de cerco na Idade M\u00e9dia (1128-1250)\u201d; Rui Nobre: \u201cEscudos e arados: a doa\u00e7\u00e3o do castelo de Oz\u00eazere e o desenvolvimento econ\u00f3mico da regi\u00e3o (s\u00e9culos XII-XIV)\u201d<\/span><\/span><\/span><\/p>\n<p align=\"left\"><span style=\"color: #2c363a;\"><span style=\"font-family: Arial, sans-serif;\"><span style=\"font-size: medium;\">12h30 | Debate<\/span><\/span><\/span><\/p>\n<p align=\"left\"><span style=\"color: #2c363a;\"><span style=\"font-family: Arial, sans-serif;\"><span style=\"font-size: medium;\">14h30 | Manuel S\u00edlvio Conde: \u201cEntre o natural e o antr\u00f3pico: o rio e o territ\u00f3rio da margem direita do Tejo M\u00e9dio, entre Cardiga e Oz\u00eazere (s\u00e9culos XII-XVI)\u201d; Lu\u00eds Costa e Sousa: \u201cRestos de um passado? As ordens militares na guerra do s\u00e9c. XVI\u201d<\/span><\/span><\/span><\/p>\n<p align=\"left\"><span style=\"color: #2c363a;\"><span style=\"font-family: Arial, sans-serif;\"><span style=\"font-size: medium;\">15h45 | Lu\u00eds Baptista: \u201cO senhorio eclesi\u00e1stico da Cardiga e o seu processo de transforma\u00e7\u00e3o de comenda em Quinta da Ordem de Cristo (1536-1617)\u201d; Nuno Villamariz Oliveira: \u201cAlgumas considera\u00e7\u00f5es sobre o patrim\u00f3nio arquitect\u00f3nico da Rota dos Templ\u00e1rios em Portugal\u201d<\/span><\/span><\/span><\/p>\n<p align=\"left\"><span style=\"color: #2c363a;\"><span style=\"font-family: Arial, sans-serif;\"><span style=\"font-size: medium;\">16h45 | Debate<\/span><\/span><\/span><\/p>\n<p align=\"left\"><span style=\"color: #2c363a;\"><span style=\"font-family: Arial, sans-serif;\"><span style=\"font-size: medium;\">17h30 | Sess\u00e3o de Encerramento \u2013 Vereador Manuel Mourato e Representante da TREF<\/span><\/span><\/span><\/p>\n<div class=\"fb-background-color\">\n\t\t\t  <div \n\t\t\t  \tclass = \"fb-comments\" \n\t\t\t  \tdata-href = \"https:\/\/www.entroncamentoonline.pt\/portal\/vn-barquinha-1-o-coloquio-templarios-e-ordem-de-cristo\/\"\n\t\t\t  \tdata-numposts = \"10\"\n\t\t\t  \tdata-lazy = \"true\"\n\t\t\t\tdata-colorscheme = \"light\"\n\t\t\t\tdata-order-by = \"social\"\n\t\t\t\tdata-mobile=true>\n\t\t\t  <\/div><\/div>\n\t\t  <style>\n\t\t    .fb-background-color {\n\t\t\t\tbackground:  !important;\n\t\t\t}\n\t\t\t.fb_iframe_widget_fluid_desktop iframe {\n\t\t\t    width: 100% !important;\n\t\t\t}\n\t\t  <\/style>\n\t\t  ","protected":false},"excerpt":{"rendered":"<p>O Centro Cultural de Vila Nova da Barquinha vai receber o primeiro col\u00f3quio \u201cTempl\u00e1rios e Ordem de Cristo no pr\u00f3ximo dia 23 novembro 2024. A organiza\u00e7\u00e3o \u00e9 da Federa\u00e7\u00e3o Europeia da Rota dos Templ\u00e1rios (TREF) e do Munic\u00edpio de Vila Nova da Barquinha. A entrada \u00e9 livre mas carece de inscri\u00e7\u00e3o. As mesmas podem ser [&hellip;]<\/p>\n","protected":false},"author":43,"featured_media":64693,"comment_status":"open","ping_status":"closed","sticky":false,"template":"","format":"standard","meta":{"_acf_changed":false,"footnotes":""},"categories":[56,99,32,38],"tags":[],"class_list":{"0":"post-64692","1":"post","2":"type-post","3":"status-publish","4":"format-standard","5":"has-post-thumbnail","7":"category-1apagina","8":"category-agenda-2","9":"category-noticias","10":"category-v-n-barquinha"},"acf":[],"_links":{"self":[{"href":"https:\/\/www.entroncamentoonline.pt\/portal\/wp-json\/wp\/v2\/posts\/64692","targetHints":{"allow":["GET"]}}],"collection":[{"href":"https:\/\/www.entroncamentoonline.pt\/portal\/wp-json\/wp\/v2\/posts"}],"about":[{"href":"https:\/\/www.entroncamentoonline.pt\/portal\/wp-json\/wp\/v2\/types\/post"}],"author":[{"embeddable":true,"href":"https:\/\/www.entroncamentoonline.pt\/portal\/wp-json\/wp\/v2\/users\/43"}],"replies":[{"embeddable":true,"href":"https:\/\/www.entroncamentoonline.pt\/portal\/wp-json\/wp\/v2\/comments?post=64692"}],"version-history":[{"count":0,"href":"https:\/\/www.entroncamentoonline.pt\/portal\/wp-json\/wp\/v2\/posts\/64692\/revisions"}],"wp:featuredmedia":[{"embeddable":true,"href":"https:\/\/www.entroncamentoonline.pt\/portal\/wp-json\/wp\/v2\/media\/64693"}],"wp:attachment":[{"href":"https:\/\/www.entroncamentoonline.pt\/portal\/wp-json\/wp\/v2\/media?parent=64692"}],"wp:term":[{"taxonomy":"category","embeddable":true,"href":"https:\/\/www.entroncamentoonline.pt\/portal\/wp-json\/wp\/v2\/categories?post=64692"},{"taxonomy":"post_tag","embeddable":true,"href":"https:\/\/www.entroncamentoonline.pt\/portal\/wp-json\/wp\/v2\/tags?post=64692"}],"curies":[{"name":"wp","href":"https:\/\/api.w.org\/{rel}","templated":true}]}}