{"id":64658,"date":"2024-11-14T12:30:12","date_gmt":"2024-11-14T12:30:12","guid":{"rendered":"https:\/\/www.entroncamentoonline.pt\/portal\/?p=64658"},"modified":"2024-11-15T10:25:02","modified_gmt":"2024-11-15T10:25:02","slug":"cronica-de-vanda-costa-uma-prescricao-para-o-estigma-por-favor","status":"publish","type":"post","link":"https:\/\/www.entroncamentoonline.pt\/portal\/cronica-de-vanda-costa-uma-prescricao-para-o-estigma-por-favor\/","title":{"rendered":"Cr\u00f3nica de Vanda Costa: &#8220;Uma prescri\u00e7\u00e3o para o estigma, por favor.&#8221;"},"content":{"rendered":"<p>\u201cEs-tig-ma\u201d. E n\u00e3o, n\u00e3o \u00e9 \u201cex\u201d, como se fosse o prefixo de algo ou algu\u00e9m que ficou no passado; pelo contr\u00e1rio, est\u00e1 bem presente e enfrentamo-lo todos os dias, nas mais diversas situa\u00e7\u00f5es. Neste caso, do das coisas da mente, ainda mais.<br \/>\nA quest\u00e3o da doen\u00e7a mental \u00e9 tema da maioria das agendas das organiza\u00e7\u00f5es mundiais, bem como de uma parte consider\u00e1vel das conversas de caf\u00e9: se num caso programam-se planos para a promo\u00e7\u00e3o da sa\u00fade mental, no outro, estabelecem-se diagn\u00f3sticos \u201c\u00e0 la carte\u201d:<br \/>\n&#8211; Viste a Od\u00edlia h\u00e1 pouco? Coitada\u2026 est\u00e1 t\u00e3o inchada! Aquilo de certeza que \u00e9 dos medicamentos que ela toma para a depress\u00e3o\u2026<br \/>\n&#8211; Mau, mas \u00e9 uma depress\u00e3o ou um esgotamento? Olha, eu acho que o sobrinho dela disse que tinha sido um esgotamento nervoso\u2026<br \/>\n&#8211; \u00d3 mulher, sei l\u00e1! \u00c9 uma coisa dessas! Isso \u00e9 tudo igual!<br \/>\n(pausa para respirar profundamente)<br \/>\nN\u00e3o, n\u00e3o \u00e9 tudo igual, e certamente que um\/a psic\u00f3logo ou um\/a psiquiatra ser\u00e3o as pessoas mais capacitadas para fazer esse esclarecimento.<br \/>\nFelizmente que o tema est\u00e1 cada vez mais na ordem do dia, que se trata nas conversas de caf\u00e9, nos meios de comunica\u00e7\u00e3o social, que as figuras p\u00fablicas partilham as suas experi\u00eancias pessoais no Instagram (olha p\u2019\u00f3 Raminhos!), que se debatem medidas de preven\u00e7\u00e3o nas institui\u00e7\u00f5es. Mas ser\u00e1 que toda esta, aparente, abertura acerca da doen\u00e7a mental se centra apenas no campo do debate ou vai mais al\u00e9m? Ser\u00e1 que ainda faz sentido falar sobre estigma neste campo?<br \/>\nA Organiza\u00e7\u00e3o Mundial da Sa\u00fade (OMS) aponta o estigma associado \u00e0s condi\u00e7\u00f5es de sa\u00fade mental como um dos principais fatores que dificulta o acesso ao tratamento e \u00e0 inclus\u00e3o social dos doentes. Portanto sim, ainda existe, e a maioria dos pa\u00edses membros da OMSi t\u00eam esta quest\u00e3o no topo das prioridades dos seus programas de sa\u00fade.<br \/>\nO \u201cst\u00edgma\u201d (voc\u00e1bulo grego que deu origem \u00e0 palavra atual) na Antiguidade referia-se a uma \u00abmarca de ferro em brasa\u00bb que era infligida nos indiv\u00edduos, sobretudo escravizados ou criminosos, com o intuito de diferenci\u00e1-los dos demais. Atualmente, na Contemporaneidade, o seu sentido \u00e9 simb\u00f3lico, mas damos continuidade ao ato: continuamos a infligir marcas de dor em pessoas que j\u00e1 est\u00e3o dominadas, neste caso por uma condi\u00e7\u00e3o de sa\u00fade,<br \/>\nA subtileza com que uma doen\u00e7a mental pode aparecer nas nossas vidas \u00e9 a mesma com que rotulamos o individuo X ou Y:<br \/>\n&#8211; V\u00e1 l\u00e1, arrebita; isso \u00e9 tudo da tua cabe\u00e7a!<br \/>\nRotulamos, estigmatizamos e muitas vezes sem n\u00f3s pr\u00f3prios termos consci\u00eancia ou inten\u00e7\u00e3o disso. Muitas vezes desejamos apenas que a pessoa que nos \u00e9 querida, levante a cabe\u00e7a e volte a ser quem conhecemos; outras vezes, estamos t\u00e3o embrenhados nas nossas pr\u00f3prias quest\u00f5es que n\u00e3o temos disponibilidade de aprofundar o tema. Ou ent\u00e3o, simplesmente repetimos as palavras que ouvimos os nossos pais ou av\u00f3s dizer:<br \/>\n&#8211; Quando uma pessoa n\u00e3o \u2018t\u00e1 bem, p\u00f5e-se!<br \/>\nTal como a doen\u00e7a mental, o estigma n\u00e3o \u00e9 vis\u00edvel. Tamb\u00e9m n\u00e3o h\u00e1 receita nem medicamento para o estigma, porque o estigma n\u00e3o \u00e9 doen\u00e7a, \u00e9 um comportamento que deixa os que est\u00e3o doentes ainda mais perturbados, e os que o praticam (consciente ou inconscientemente) mais limitados no seu campo de vis\u00e3o (e de a\u00e7\u00e3o).<br \/>\nTalvez n\u00e3o tenhamos de \u201ccal\u00e7ar os sapatos do outro\u201d para integrar esta realidade. Talvez seja suficiente respeitar o outro: respeitar que gere as coisas de modo diferente do nosso, que enfrenta dificuldades que n\u00f3s n\u00e3o conhecemos. Se a tudo isto (que j\u00e1 n\u00e3o \u00e9 pouco) podermos acrescentar um abra\u00e7o demorado\u2026 estar\u00e1 a miss\u00e3o deste texto, que \u00e9 de sensibiliza\u00e7\u00e3o, cumprida.<br \/>\nE porque \u00e9 que uma formanda em Sociomuseologia procura sensibilizar para as quest\u00f5es da sa\u00fade mental? Porque tem a cren\u00e7a profunda que cada um de n\u00f3s \u00e9 um agente de transforma\u00e7\u00e3o social &#8211; seja na sua casa, no seu grupo de amigos, ou na sua comunidade &#8211; e que a nossa posi\u00e7\u00e3o face aos problemas da sociedade \u00e9 tamb\u00e9m uma forma de promover maior justi\u00e7a social.<br \/>\nNota de p\u00e9 de p\u00e1gina: as personagens do di\u00e1logo foram propositadamente selecionadas do universo feminino, porque v\u00f3s, homens, neste campo n\u00e3o h\u00e1 igualdade de g\u00e9nero que vos safe! Infelizmente o estigma ainda \u00e9 mais enraizado no vosso universo, no qual o indiv\u00edduo &#8211; s\u00edmbolo de masculinidade e por consequ\u00eancia de for\u00e7a e resist\u00eancia &#8211; \u00e9 facilmente entendido se apresentar uma disfun\u00e7\u00e3o card\u00edaca, mas \u00e9 incompreendido se apresentar sinais de sofrimento f\u00edsico e emocional, como numa perturba\u00e7\u00e3o do p\u00e2nico, por exemplo.<br \/>\nNos diagn\u00f3sticos \u201c\u00e0 l\u00e1 carte\u201d (aqueles das conversas de caf\u00e9) muitos ser\u00e3o rotulados de simples \u201cforas-da-lei\u201d; outros, na melhor das hip\u00f3teses, ter\u00e3o o r\u00f3tulo de g\u00e9nios ou de artistas (obrigada<br \/>\npelo estere\u00f3tipo, Einstein!); e nem aqui, neste jogo de meras especula\u00e7\u00f5es, podemos escolher o que nos vai calhar!&#8230;<br \/>\nAquilo que podemos escolher \u00e9 dar prioridade ao nosso bem-estar; podemos escolher cuidar da nossa sa\u00fade com a paci\u00eancia e resili\u00eancia que qualquer caminho de recupera\u00e7\u00e3o requer; escolher pedir ajuda quando nos sentimos incapazes ou cansados; e escolher alimentar a esperan\u00e7a a cada passo que \u00e9 dado nesta jornada.<\/p>\n<p><em>i Atlas da Sa\u00fade Mental (2021). Os dados da publica\u00e7\u00e3o referem-se aos pa\u00edses membros que participaram no estudo. Os programas relatados com mais frequ\u00eancia foram programas de conscientiza\u00e7\u00e3o sobre sa\u00fade mental\/anti estigma (51% dos pa\u00edses que responderam) e de preven\u00e7\u00e3o da sa\u00fade mental nas escolas, seguidos pelo desenvolvimento da primeira inf\u00e2ncia (45% dos respondentes) e dos programas de preven\u00e7\u00e3o do suic\u00eddio (39% dos pa\u00edses respondentes).<\/em><\/p>\n<div class=\"fb-background-color\">\n\t\t\t  <div \n\t\t\t  \tclass = \"fb-comments\" \n\t\t\t  \tdata-href = \"https:\/\/www.entroncamentoonline.pt\/portal\/cronica-de-vanda-costa-uma-prescricao-para-o-estigma-por-favor\/\"\n\t\t\t  \tdata-numposts = \"10\"\n\t\t\t  \tdata-lazy = \"true\"\n\t\t\t\tdata-colorscheme = \"light\"\n\t\t\t\tdata-order-by = \"social\"\n\t\t\t\tdata-mobile=true>\n\t\t\t  <\/div><\/div>\n\t\t  <style>\n\t\t    .fb-background-color {\n\t\t\t\tbackground:  !important;\n\t\t\t}\n\t\t\t.fb_iframe_widget_fluid_desktop iframe {\n\t\t\t    width: 100% !important;\n\t\t\t}\n\t\t  <\/style>\n\t\t  ","protected":false},"excerpt":{"rendered":"<p>\u201cEs-tig-ma\u201d. E n\u00e3o, n\u00e3o \u00e9 \u201cex\u201d, como se fosse o prefixo de algo ou algu\u00e9m que ficou no passado; pelo contr\u00e1rio, est\u00e1 bem presente e enfrentamo-lo todos os dias, nas mais diversas situa\u00e7\u00f5es. Neste caso, do das coisas da mente, ainda mais. A quest\u00e3o da doen\u00e7a mental \u00e9 tema da maioria das agendas das organiza\u00e7\u00f5es [&hellip;]<\/p>\n","protected":false},"author":49,"featured_media":64659,"comment_status":"open","ping_status":"closed","sticky":false,"template":"","format":"standard","meta":{"_acf_changed":false,"footnotes":""},"categories":[56,55,139,208],"tags":[],"class_list":{"0":"post-64658","1":"post","2":"type-post","3":"status-publish","4":"format-standard","5":"has-post-thumbnail","7":"category-1apagina","8":"category-cronica","9":"category-cronica-eol","10":"category-vanda-costa"},"acf":[],"_links":{"self":[{"href":"https:\/\/www.entroncamentoonline.pt\/portal\/wp-json\/wp\/v2\/posts\/64658","targetHints":{"allow":["GET"]}}],"collection":[{"href":"https:\/\/www.entroncamentoonline.pt\/portal\/wp-json\/wp\/v2\/posts"}],"about":[{"href":"https:\/\/www.entroncamentoonline.pt\/portal\/wp-json\/wp\/v2\/types\/post"}],"author":[{"embeddable":true,"href":"https:\/\/www.entroncamentoonline.pt\/portal\/wp-json\/wp\/v2\/users\/49"}],"replies":[{"embeddable":true,"href":"https:\/\/www.entroncamentoonline.pt\/portal\/wp-json\/wp\/v2\/comments?post=64658"}],"version-history":[{"count":0,"href":"https:\/\/www.entroncamentoonline.pt\/portal\/wp-json\/wp\/v2\/posts\/64658\/revisions"}],"wp:featuredmedia":[{"embeddable":true,"href":"https:\/\/www.entroncamentoonline.pt\/portal\/wp-json\/wp\/v2\/media\/64659"}],"wp:attachment":[{"href":"https:\/\/www.entroncamentoonline.pt\/portal\/wp-json\/wp\/v2\/media?parent=64658"}],"wp:term":[{"taxonomy":"category","embeddable":true,"href":"https:\/\/www.entroncamentoonline.pt\/portal\/wp-json\/wp\/v2\/categories?post=64658"},{"taxonomy":"post_tag","embeddable":true,"href":"https:\/\/www.entroncamentoonline.pt\/portal\/wp-json\/wp\/v2\/tags?post=64658"}],"curies":[{"name":"wp","href":"https:\/\/api.w.org\/{rel}","templated":true}]}}