{"id":64625,"date":"2024-11-11T09:24:57","date_gmt":"2024-11-11T09:24:57","guid":{"rendered":"https:\/\/www.entroncamentoonline.pt\/portal\/?p=64625"},"modified":"2024-11-11T09:24:57","modified_gmt":"2024-11-11T09:24:57","slug":"abrantes-festival-de-filosofia-com-nomes-de-peso-para-edicao-de-2024","status":"publish","type":"post","link":"https:\/\/www.entroncamentoonline.pt\/portal\/abrantes-festival-de-filosofia-com-nomes-de-peso-para-edicao-de-2024\/","title":{"rendered":"Abrantes: Festival de Filosofia com nomes de peso para edi\u00e7\u00e3o de 2024"},"content":{"rendered":"<p><span style=\"color: #222222;\"><span style=\"font-family: Verdana, Geneva, sans-serif;\"><span style=\"font-size: small;\">A Biblioteca Municipal Ant\u00f3nio Botto volta a receber o Festival de Filosofia de Abrantes, entre os dias 21 e 23 de novembro, desta feita sob o tema \u201cLiberdade em constru\u00e7\u00e3o\u201d. A cerim\u00f3nia de abertura da s\u00e9tima edi\u00e7\u00e3o do Festival decorrer\u00e1 \u00e0s 14h30 do dia 21 de novembro e contar\u00e1 com a presen\u00e7a de Manuel Jorge Valamatos, Presidente da C\u00e2mara Municipal de Abrantes, e de Ana Gomes, que ter\u00e1 a cargo a confer\u00eancia de abertura.<\/span><\/span><\/span><\/p>\n<p><span style=\"color: #222222;\"><span style=\"font-family: Verdana, Geneva, sans-serif;\"><span style=\"font-size: small;\">O Festival, que tem aberto caminho para que o pensamento, a arte de questionar e a d\u00favida irradiem a partir da Biblioteca Municipal Ant\u00f3nio Botto, ser\u00e1 composto este ano por cinco pain\u00e9is de oradores de \u00e1reas diversas, distribu\u00eddos ao longo dos tr\u00eas dias. Jos\u00e9 Pacheco Pereira encerrar\u00e1 os trabalhos no dia 23 de novembro. A entrada \u00e9 livre.<\/span><\/span><\/span><\/p>\n<p><span style=\"color: #222222;\"><span style=\"font-family: Verdana, Geneva, sans-serif;\"><span style=\"font-size: small;\">Durante a s\u00e9tima edi\u00e7\u00e3o do evento, que conta com o Alto Patroc\u00ednio da Presid\u00eancia da Rep\u00fablica, decorrer\u00e1 ainda uma assembleia com alunos de escolas do concelho, que participar\u00e3o numa resid\u00eancia filos\u00f3fica com Joana Rita Sousa entre os dias quatro e oito de novembro. A sess\u00e3o, denominada \u201cAssembleia da Liberdade \u2013 eu penso, eu participo\u201d, decorrer\u00e1 no primeiro dia do Festival e contar\u00e1 com Jos\u00e9 Rosa como convidado e Joana Rita Sousa no papel de provocadora. Ainda no dia 21, ter\u00e1 lugar o painel \u201cLiberdade: O poder das palavras\u201d, com as conferencistas In\u00eas Pedrosa, Sara Belo Lu\u00eds, Teresa Cal\u00e7ada e o provocador Pedro Vieira. Ap\u00f3s a conversa, a poeta Alice Neto de Sousa encerrar\u00e1 o primeiro dia de trabalhos, com a performance po\u00e9tica \u201cChuvas de Mar\u00e7o\u201d.<\/span><\/span><\/span><\/p>\n<p><img loading=\"lazy\" decoding=\"async\" class=\"alignnone size-medium wp-image-64627\" src=\"https:\/\/www.entroncamentoonline.pt\/portal\/wp-content\/uploads\/2024\/11\/465657145_967942512025999_8010463294424513887_n-800x587.jpg\" alt=\"\" width=\"800\" height=\"587\" srcset=\"https:\/\/www.entroncamentoonline.pt\/portal\/wp-content\/uploads\/2024\/11\/465657145_967942512025999_8010463294424513887_n-800x587.jpg 800w, https:\/\/www.entroncamentoonline.pt\/portal\/wp-content\/uploads\/2024\/11\/465657145_967942512025999_8010463294424513887_n-768x563.jpg 768w, https:\/\/www.entroncamentoonline.pt\/portal\/wp-content\/uploads\/2024\/11\/465657145_967942512025999_8010463294424513887_n-1536x1126.jpg 1536w, https:\/\/www.entroncamentoonline.pt\/portal\/wp-content\/uploads\/2024\/11\/465657145_967942512025999_8010463294424513887_n-696x510.jpg 696w, https:\/\/www.entroncamentoonline.pt\/portal\/wp-content\/uploads\/2024\/11\/465657145_967942512025999_8010463294424513887_n-1068x783.jpg 1068w, https:\/\/www.entroncamentoonline.pt\/portal\/wp-content\/uploads\/2024\/11\/465657145_967942512025999_8010463294424513887_n-573x420.jpg 573w, https:\/\/www.entroncamentoonline.pt\/portal\/wp-content\/uploads\/2024\/11\/465657145_967942512025999_8010463294424513887_n-80x60.jpg 80w, https:\/\/www.entroncamentoonline.pt\/portal\/wp-content\/uploads\/2024\/11\/465657145_967942512025999_8010463294424513887_n.jpg 1874w\" sizes=\"auto, (max-width: 800px) 100vw, 800px\" \/><\/p>\n<p><span style=\"color: #222222;\"><span style=\"font-family: Verdana, Geneva, sans-serif;\"><span style=\"font-size: small;\">O segundo dia do Festival, 22 de novembro, ir\u00e1 iniciar-se com o painel \u201cLiberdade sem preconceitos\u201d. \u00c0s conferencistas Cl\u00e1udia Lucas Ch\u00e9u, Daniela Nascimento e Raquel Varela juntar-se-\u00e1 o provocador Nelson de Carvalho. Segue-se \u201cSomos livres de \u2018voar\u2019\u201d, que contar\u00e1 com Bruno Ferreira Costa enquanto provocador e Adriana Cardoso, Liliana Borges e Maria Castello Branco no papel de conferencistas. A noite de sexta-feira ser\u00e1 encerrada com o momento musical \u201cCantar a liberdade\u201d, protagonizado pelos m\u00fasicos Joana Cota e Jo\u00e3o Vaz. O derradeiro dia do Festival de Filosofia de Abrantes come\u00e7ar\u00e1 com a atividade \u201cLiberdade e arte\u201d, uma sess\u00e3o de filosofia para fam\u00edlias orientada por Joana Rita Sousa. A atividade, direcionada para fam\u00edlias com crian\u00e7as entre os seis e dos 12 anos, ir\u00e1 decorrer no MIAA \u2013 Museu Ib\u00e9rico de Arqueologia e Arte e carece de inscri\u00e7\u00e3o, que dever\u00e1 ser efetivada atrav\u00e9s do email servico.educativo@cm-abrantes.pt. <\/span><\/span><\/span><\/p>\n<p><span style=\"color: #222222;\"><span style=\"font-family: Verdana, Geneva, sans-serif;\"><span style=\"font-size: small;\">O pen\u00faltimo painel, \u201cA arte no caminho da liberdade\u201d, trar\u00e1 \u00e0 Biblioteca Municipal Ant\u00f3nio Botto Benjamim (Lu\u00eds Nunes), Gisela Casimiro, Nuno Artur Silva e Nuno Nunes-Ferreira. Ant\u00f3nio Pinto Ribeiro ser\u00e1 o provocador. Ap\u00f3s um brinde \u00e0 liberdade, a cargo da chef abrantina C\u00e9lia dos Santos, ter\u00e1 lugar o \u00faltimo painel, \u201cPensar a liberdade\u201d, com Anabela Mota Ribeiro, Andr\u00e9 Barata, Ant\u00f3nio de Castro Caeiro e M\u00e1rio Pissarra enquanto provocador.<\/span><\/span><\/span><\/p>\n<p><span style=\"color: #222222;\"><span style=\"font-family: Verdana, Geneva, sans-serif;\"><span style=\"font-size: small;\">A confer\u00eancia de encerramento da s\u00e9tima edi\u00e7\u00e3o do Festival ser\u00e1 proferida por Jos\u00e9 Pacheco Pereira. No ano em que se comemoram os cinquenta anos do 25 de Abril, o Festival de Filosofia de Abrantes trar\u00e1 tamb\u00e9m uma Feira do Livro de Filosofia \u00e0 Biblioteca Municipal Ant\u00f3nio Botto, a decorrer entre os dias 19 e 25 de novembro. Durante o evento, as entradas no MIAA \u2013 Museu Ib\u00e9rico de Arqueologia e Arte ser\u00e3o gratuitas.<\/span><\/span><\/span><\/p>\n<div class=\"fb-background-color\">\n\t\t\t  <div \n\t\t\t  \tclass = \"fb-comments\" \n\t\t\t  \tdata-href = \"https:\/\/www.entroncamentoonline.pt\/portal\/abrantes-festival-de-filosofia-com-nomes-de-peso-para-edicao-de-2024\/\"\n\t\t\t  \tdata-numposts = \"10\"\n\t\t\t  \tdata-lazy = \"true\"\n\t\t\t\tdata-colorscheme = \"light\"\n\t\t\t\tdata-order-by = \"social\"\n\t\t\t\tdata-mobile=true>\n\t\t\t  <\/div><\/div>\n\t\t  <style>\n\t\t    .fb-background-color {\n\t\t\t\tbackground:  !important;\n\t\t\t}\n\t\t\t.fb_iframe_widget_fluid_desktop iframe {\n\t\t\t    width: 100% !important;\n\t\t\t}\n\t\t  <\/style>\n\t\t  ","protected":false},"excerpt":{"rendered":"<p>A Biblioteca Municipal Ant\u00f3nio Botto volta a receber o Festival de Filosofia de Abrantes, entre os dias 21 e 23 de novembro, desta feita sob o tema \u201cLiberdade em constru\u00e7\u00e3o\u201d. A cerim\u00f3nia de abertura da s\u00e9tima edi\u00e7\u00e3o do Festival decorrer\u00e1 \u00e0s 14h30 do dia 21 de novembro e contar\u00e1 com a presen\u00e7a de Manuel Jorge [&hellip;]<\/p>\n","protected":false},"author":43,"featured_media":64626,"comment_status":"open","ping_status":"closed","sticky":false,"template":"","format":"standard","meta":{"_acf_changed":false,"footnotes":""},"categories":[56,29,31,99,68,32],"tags":[],"class_list":{"0":"post-64625","1":"post","2":"type-post","3":"status-publish","4":"format-standard","5":"has-post-thumbnail","7":"category-1apagina","8":"category-abrantes","9":"category-agenda","10":"category-agenda-2","11":"category-na-boa","12":"category-noticias"},"acf":[],"_links":{"self":[{"href":"https:\/\/www.entroncamentoonline.pt\/portal\/wp-json\/wp\/v2\/posts\/64625","targetHints":{"allow":["GET"]}}],"collection":[{"href":"https:\/\/www.entroncamentoonline.pt\/portal\/wp-json\/wp\/v2\/posts"}],"about":[{"href":"https:\/\/www.entroncamentoonline.pt\/portal\/wp-json\/wp\/v2\/types\/post"}],"author":[{"embeddable":true,"href":"https:\/\/www.entroncamentoonline.pt\/portal\/wp-json\/wp\/v2\/users\/43"}],"replies":[{"embeddable":true,"href":"https:\/\/www.entroncamentoonline.pt\/portal\/wp-json\/wp\/v2\/comments?post=64625"}],"version-history":[{"count":0,"href":"https:\/\/www.entroncamentoonline.pt\/portal\/wp-json\/wp\/v2\/posts\/64625\/revisions"}],"wp:featuredmedia":[{"embeddable":true,"href":"https:\/\/www.entroncamentoonline.pt\/portal\/wp-json\/wp\/v2\/media\/64626"}],"wp:attachment":[{"href":"https:\/\/www.entroncamentoonline.pt\/portal\/wp-json\/wp\/v2\/media?parent=64625"}],"wp:term":[{"taxonomy":"category","embeddable":true,"href":"https:\/\/www.entroncamentoonline.pt\/portal\/wp-json\/wp\/v2\/categories?post=64625"},{"taxonomy":"post_tag","embeddable":true,"href":"https:\/\/www.entroncamentoonline.pt\/portal\/wp-json\/wp\/v2\/tags?post=64625"}],"curies":[{"name":"wp","href":"https:\/\/api.w.org\/{rel}","templated":true}]}}