{"id":64623,"date":"2024-11-11T13:00:58","date_gmt":"2024-11-11T13:00:58","guid":{"rendered":"https:\/\/www.entroncamentoonline.pt\/portal\/?p=64623"},"modified":"2024-11-11T09:06:57","modified_gmt":"2024-11-11T09:06:57","slug":"cronica-um-semaforo-com-varanda-para-a-amizade","status":"publish","type":"post","link":"https:\/\/www.entroncamentoonline.pt\/portal\/cronica-um-semaforo-com-varanda-para-a-amizade\/","title":{"rendered":"Cr\u00f3nica: Um sem\u00e1foro com varanda para a amizade"},"content":{"rendered":"<p align=\"justify\"><span style=\"font-family: Times New Roman, serif;\"><span style=\"font-size: medium;\">Acendeu-se o Vermelho.<\/span><\/span><\/p>\n<p align=\"justify\"><span style=\"font-family: Times New Roman, serif;\"><span style=\"font-size: medium;\">Sei l\u00e1 por que raz\u00e3o, mas ultimamente apareces-me por entre as sali\u00eancias da cidade ou em intervalos de maior quietude. Um dia disseste-me uma frase que tinhas lido algures, julgo que num livro do Saramago ou do Lobo Antunes ou seria do Verg\u00edlio Ferreira? N\u00e3o me recordo bem agora, mas era qualquer coisa parecida com: <\/span><\/span><span style=\"font-family: Times New Roman, serif;\"><span style=\"font-size: medium;\"><i>\u201cTudo o que nos abandona leva muito tempo a sair da gente\u201d<\/i><\/span><\/span><span style=\"font-family: Times New Roman, serif;\"><span style=\"font-size: medium;\">, algo assim. Por essa ocasi\u00e3o estavas no sof\u00e1 da sala, a levar o fumo dos cigarros at\u00e9 \u00e0 caverna dos pulm\u00f5es, isto enquanto tiravas do bolso uma caixinha de comprimidos para a tens\u00e3o que, na verdade, se encontrava sempre cheia de rebu\u00e7ados.<\/span><\/span><b> <\/b><\/p>\n<p align=\"justify\"><span style=\"font-family: Times New Roman, serif;\"><span style=\"font-size: medium;\"><b>Dez segundos\u2026<\/b><\/span><\/span><\/p>\n<p align=\"justify\"><span style=\"font-family: Times New Roman, serif;\"><span style=\"font-size: medium;\">De cada vez que ia a tua casa, t\u00ednhamos o h\u00e1bito de nos sentarmos ao lado um do outro, a olhar para o ecr\u00e3 desligado da televis\u00e3o, apenas entrevendo as nossas silhuetas refletidas no vidro, um bocadinho vaidosos, como se f\u00f4ssemos duas estrelas num filme melanc\u00f3lico. Fic\u00e1vamos ali, horas a fio, conversando sobre isto e aquilo, e tu, j\u00e1 com os setenta anos feitos, a dizeres-me que a frase do Saramago ou do Lobo Antunes ou seria do Verg\u00edlio Ferreira? N\u00e3o me recordo bem agora, mas que a frase te apoquentava com muita for\u00e7a e que chegaras \u00e0 triste conclus\u00e3o de que j\u00e1 n\u00e3o eras bem um homem, antes um museu ambulante atafulhado de mem\u00f3rias, feridas e mortos que nunca te largavam.<\/span><\/span><\/p>\n<p align=\"justify\"><span style=\"font-family: Times New Roman, serif;\"><span style=\"font-size: medium;\"><b>Vinte segundos\u2026 <\/b><\/span><\/span><\/p>\n<p align=\"justify\"><span style=\"font-family: Times New Roman, serif;\"><span style=\"font-size: medium;\">Agora um idoso a atravessar a passadeira, os seus passos lent\u00edssimos, quase quietos. Talvez caminhe assim por n\u00e3o querer que a morte lhe chegue depressa. At\u00e9 ele me lembra de ti, meu sacana. Das nossas conversas a vinte metros por hora, lembras-te? Sempre que digo a algu\u00e9m que eu e tu fal\u00e1vamos a vinte metros por hora, as pessoas estranham e acham-me meio maluco. Depois, l\u00e1 lhes explico que, uma vez por outra, sa\u00edamos da tua casa para ir almo\u00e7ar no restaurante ao fundo da rua, a vinte ou trinta metros, se tanto, e demor\u00e1vamos mais de uma hora para l\u00e1 chegar. Tu constantemente a parar para contar uma hist\u00f3ria ou qualquer espanto que a vida te havia proporcionado. <\/span><\/span><\/p>\n<p align=\"justify\"><span style=\"font-family: Times New Roman, serif;\"><span style=\"font-size: medium;\">Tinhas quase trinta anos a mais do que eu, mas gostava muito de ti, assim como se gosta dos amigos de inf\u00e2ncia. <\/span><\/span><\/p>\n<p align=\"justify\"><span style=\"font-family: Times New Roman, serif;\"><span style=\"font-size: medium;\">(O idoso chegou finalmente ao outro lado da passadeira).<\/span><\/span><\/p>\n<p align=\"justify\"><span style=\"font-family: Times New Roman, serif;\"><span style=\"font-size: medium;\"><b>Trinta segundos\u2026<\/b><\/span><\/span><\/p>\n<p align=\"justify\"><span style=\"font-family: Times New Roman, serif;\"><span style=\"font-size: medium;\">Conheci-te eras j\u00e1 uma crian\u00e7a antiga. Na altura desejava muito que ouvisses as minhas can\u00e7\u00f5es e ensinasses a tocar piano. Elegant\u00edssimo, acedeste. <\/span><\/span><\/p>\n<p align=\"justify\"><span style=\"font-family: Times New Roman, serif;\"><span style=\"font-size: medium;\">Na primeira aula, tu para mim:<\/span><\/span><\/p>\n<p align=\"justify\"><span style=\"font-family: Times New Roman, serif;\"><span style=\"font-size: medium;\"><i>&#8211; Sabes por que motivo as m\u00e3os s\u00e3o mudas?<\/i><\/span><\/span><\/p>\n<p align=\"justify\"><span style=\"font-family: Times New Roman, serif;\"><span style=\"font-size: medium;\">E eu, de olhos apontados para o tecto, a procurar respostas para um mist\u00e9rio daqueles, enquanto a tua mulher, certamente sabedora do segredo, se afastava com um sorriso e fechava a porta para ir tratar das rosas e buganv\u00edlias do jardim.<\/span><\/span><\/p>\n<p align=\"justify\"><span style=\"font-family: Times New Roman, serif;\"><span style=\"font-size: medium;\"><i>&#8211; As m\u00e3os s\u00e3o mudas porque nada lhes falta para serem felizes! N\u00e3o precisam de voz para praticar o amor, nem de rir para justificar a felicidade. Basta-lhes a m\u00fasica, a poesia\u2026 e a ARTE, meu amigo, a ARTE! \u2013 <\/i><\/span><\/span><span style=\"font-family: Times New Roman, serif;\"><span style=\"font-size: medium;\">respondeste assim.<\/span><\/span><\/p>\n<p align=\"justify\"><span style=\"font-family: Times New Roman, serif;\"><span style=\"font-size: medium;\">Hoje, por vezes, quando calha, l\u00e1 digo que a arte salva. E ao declar\u00e1-lo estou tamb\u00e9m a resgatar a primeira li\u00e7\u00e3o de piano que tive contigo.<\/span><\/span><\/p>\n<p align=\"justify\"><a name=\"_GoBack\"><\/a> <span style=\"font-family: Times New Roman, serif;\"><span style=\"font-size: medium;\">E nisto, um c\u00e3ozito magro e amarelo, depois de mijar na perna do sem\u00e1foro, vai rondar o caixote do lixo e focinhar alguns detritos. E at\u00e9 o magano do bicho se parece contigo, p\u00e1! Igualzinho! Contudo, em vez de cuvetes de frango e embalagens de margarina, tu s\u00f3 escarafunchavas retratos e mem\u00f3rias que te faziam chorar. Foste ficando revoltado e cinzento. Tudo na tua vida parecia pertencer ao reino das plantas secas e at\u00e9 os momentos bonitos que viveste se transformaram em n\u00f3doas negras por dentro e por fora. Chateia-me muito que tenhas morrido. Agora sou eu que pare\u00e7o um museu ambulante, atafulhado de conversas, ser\u00f5es e lembran\u00e7as tuas, coisinhas da nossa amizade que surgem por entre as sali\u00eancias da cidade ou em intervalos de maior quietude. <\/span><\/span><\/p>\n<p align=\"justify\"><span style=\"font-family: Times New Roman, serif;\"><span style=\"font-size: medium;\"><b>Quarenta segundos\u2026 <\/b><\/span><\/span><\/p>\n<p align=\"justify\"><span style=\"font-family: Times New Roman, serif;\"><span style=\"font-size: medium;\">Acendeu-se o verde.<\/span><\/span><\/p>\n<p align=\"justify\"><span style=\"font-family: Times New Roman, serif;\"><span style=\"font-size: medium;\">Telmo Mendes<\/span><\/span><i> <\/i><\/p>\n<p><span style=\"font-family: Times New Roman, serif;\"><i>Siga o trabalho do escritor em:<\/i><\/span><\/p>\n<p style=\"text-align: left;\" align=\"right\"><span style=\"color: #0563c1;\"><u><a href=\"https:\/\/www.facebook.com\/pelopeitoadentro\/\"><span style=\"font-family: Times New Roman, serif;\"><span style=\"font-size: medium;\">https:\/\/www.facebook.com\/pelopeitoadentro\/<\/span><\/span><\/a><\/u><\/span><\/p>\n<p style=\"text-align: left;\" align=\"right\"><span style=\"color: #0563c1;\"><u><a href=\"https:\/\/www.instagram.com\/telmo.mendes.writer\/\"><span style=\"font-family: Times New Roman, serif;\"><span style=\"font-size: medium;\">https:\/\/www.instagram.com\/telmo.mendes.writer\/<\/span><\/span><\/a><\/u><\/span><\/p>\n<div class=\"fb-background-color\">\n\t\t\t  <div \n\t\t\t  \tclass = \"fb-comments\" \n\t\t\t  \tdata-href = \"https:\/\/www.entroncamentoonline.pt\/portal\/cronica-um-semaforo-com-varanda-para-a-amizade\/\"\n\t\t\t  \tdata-numposts = \"10\"\n\t\t\t  \tdata-lazy = \"true\"\n\t\t\t\tdata-colorscheme = \"light\"\n\t\t\t\tdata-order-by = \"social\"\n\t\t\t\tdata-mobile=true>\n\t\t\t  <\/div><\/div>\n\t\t  <style>\n\t\t    .fb-background-color {\n\t\t\t\tbackground:  !important;\n\t\t\t}\n\t\t\t.fb_iframe_widget_fluid_desktop iframe {\n\t\t\t    width: 100% !important;\n\t\t\t}\n\t\t  <\/style>\n\t\t  ","protected":false},"excerpt":{"rendered":"<p>Acendeu-se o Vermelho. Sei l\u00e1 por que raz\u00e3o, mas ultimamente apareces-me por entre as sali\u00eancias da cidade ou em intervalos de maior quietude. Um dia disseste-me uma frase que tinhas lido algures, julgo que num livro do Saramago ou do Lobo Antunes ou seria do Verg\u00edlio Ferreira? N\u00e3o me recordo bem agora, mas era qualquer [&hellip;]<\/p>\n","protected":false},"author":44,"featured_media":64444,"comment_status":"open","ping_status":"closed","sticky":false,"template":"","format":"standard","meta":{"_acf_changed":false,"footnotes":""},"categories":[56,55,139,204],"tags":[],"class_list":{"0":"post-64623","1":"post","2":"type-post","3":"status-publish","4":"format-standard","5":"has-post-thumbnail","7":"category-1apagina","8":"category-cronica","9":"category-cronica-eol","10":"category-telmo-mendes-cronica"},"acf":[],"_links":{"self":[{"href":"https:\/\/www.entroncamentoonline.pt\/portal\/wp-json\/wp\/v2\/posts\/64623","targetHints":{"allow":["GET"]}}],"collection":[{"href":"https:\/\/www.entroncamentoonline.pt\/portal\/wp-json\/wp\/v2\/posts"}],"about":[{"href":"https:\/\/www.entroncamentoonline.pt\/portal\/wp-json\/wp\/v2\/types\/post"}],"author":[{"embeddable":true,"href":"https:\/\/www.entroncamentoonline.pt\/portal\/wp-json\/wp\/v2\/users\/44"}],"replies":[{"embeddable":true,"href":"https:\/\/www.entroncamentoonline.pt\/portal\/wp-json\/wp\/v2\/comments?post=64623"}],"version-history":[{"count":0,"href":"https:\/\/www.entroncamentoonline.pt\/portal\/wp-json\/wp\/v2\/posts\/64623\/revisions"}],"wp:featuredmedia":[{"embeddable":true,"href":"https:\/\/www.entroncamentoonline.pt\/portal\/wp-json\/wp\/v2\/media\/64444"}],"wp:attachment":[{"href":"https:\/\/www.entroncamentoonline.pt\/portal\/wp-json\/wp\/v2\/media?parent=64623"}],"wp:term":[{"taxonomy":"category","embeddable":true,"href":"https:\/\/www.entroncamentoonline.pt\/portal\/wp-json\/wp\/v2\/categories?post=64623"},{"taxonomy":"post_tag","embeddable":true,"href":"https:\/\/www.entroncamentoonline.pt\/portal\/wp-json\/wp\/v2\/tags?post=64623"}],"curies":[{"name":"wp","href":"https:\/\/api.w.org\/{rel}","templated":true}]}}