{"id":64611,"date":"2024-11-09T10:56:04","date_gmt":"2024-11-09T10:56:04","guid":{"rendered":"https:\/\/www.entroncamentoonline.pt\/portal\/?p=64611"},"modified":"2024-11-09T10:56:04","modified_gmt":"2024-11-09T10:56:04","slug":"centro-cultural-do-entroncamento-acolhe-feira-do-livro-2024","status":"publish","type":"post","link":"https:\/\/www.entroncamentoonline.pt\/portal\/centro-cultural-do-entroncamento-acolhe-feira-do-livro-2024\/","title":{"rendered":"Centro Cultural do Entroncamento acolhe Feira do Livro 2024"},"content":{"rendered":"<p align=\"left\"><span style=\"color: #2c363a;\"><span style=\"font-family: Aptos, sans-serif;\"><span style=\"font-size: medium;\">O Centro Cultural do Entroncamento acolhe entre os dias 30 de novembro e 8 de dezembro, a Feira do Livro, uma iniciativa organizada pelo Munic\u00edpio do Entroncamento em colabora\u00e7\u00e3o com a livraria \u201cAo P\u00e9 das Letras\u201d.<\/span><\/span><\/span><\/p>\n<p align=\"left\"><span style=\"color: #2c363a;\"><span style=\"font-family: Aptos, sans-serif;\"><span style=\"font-size: medium;\">O principal objetivo deste evento \u00e9 a promo\u00e7\u00e3o da leitura e do livro como um elemento de conhecimento, aprendizagem e lazer, assim como proporciona \u00e0 comunidade a possibilidade de comprar livros a pre\u00e7o mais vantajoso.<\/span><\/span><\/span><\/p>\n<p align=\"left\"><span style=\"color: #2c363a;\"><span style=\"font-family: Aptos, sans-serif;\"><span style=\"font-size: medium;\">A programa\u00e7\u00e3o da Feira do Livro contempla uma diversidade de atividades, dirigidas a p\u00fablicos de v\u00e1rias idades e interesses, com destaque para sess\u00f5es de contos, sess\u00f5es com autores, <i>showcooking <\/i>e confer\u00eancias.<\/span><\/span><\/span><\/p>\n<p align=\"left\"><span style=\"color: #2c363a;\"><span style=\"font-family: Aptos, sans-serif;\"><span style=\"font-size: medium;\"><b>PROGRAMA<\/b><\/span><\/span><\/span><\/p>\n<p align=\"left\"><span style=\"color: #2c363a;\"><span style=\"font-family: Aptos, sans-serif;\"><span style=\"font-size: medium;\"><b>30 novembro (s\u00e1bado)<\/b><\/span><\/span><\/span><\/p>\n<p align=\"left\"><span style=\"color: #2c363a;\"><span style=\"font-family: Aptos, sans-serif;\"><span style=\"font-size: medium;\">15h30 | Teatro \u201cRoubaram tudo!!! At\u00e9 ao Natal\u201d | AtrapalhArte<\/span><\/span><\/span><\/p>\n<p align=\"left\"><span style=\"color: #2c363a;\"><span style=\"font-family: Aptos, sans-serif;\"><span style=\"font-size: medium;\">17h00 | Roteiro de viagens | Gon\u00e7alo Cadilhe<\/span><\/span><\/span><\/p>\n<p align=\"left\"><span style=\"color: #2c363a;\"><span style=\"font-family: Aptos, sans-serif;\"><span style=\"font-size: medium;\"><b>01 de dezembro (domingo)<\/b><\/span><\/span><\/span><\/p>\n<p align=\"left\"><span style=\"color: #2c363a;\"><span style=\"font-family: Aptos, sans-serif;\"><span style=\"font-size: medium;\">15h00 | Showcooking \u2013 receitas com esp\u00edrito natal\u00edcio | Bruna Sim\u00f5es<\/span><\/span><\/span><\/p>\n<p align=\"left\"><span style=\"color: #2c363a;\"><span style=\"font-family: Aptos, sans-serif;\"><span style=\"font-size: medium;\"><b>07 de dezembro (s\u00e1bado)<\/b><\/span><\/span><\/span><\/p>\n<p align=\"left\"><span style=\"color: #2c363a;\"><span style=\"font-family: Aptos, sans-serif;\"><span style=\"font-size: medium;\">15h30 | Confer\u00eancia sobre a Ermida das Vaginhas | Rui Mendes<\/span><\/span><\/span><\/p>\n<p align=\"left\"><span style=\"color: #2c363a;\"><span style=\"font-family: Aptos, sans-serif;\"><span style=\"font-size: medium;\">17h30 | Apresenta\u00e7\u00e3o do livro \u201cA Menina em busca da felicidade\u201d | H\u00e9lia Silv\u00e9rio<\/span><\/span><\/span><\/p>\n<p align=\"left\"><span style=\"color: #2c363a;\"><span style=\"font-family: Aptos, sans-serif;\"><span style=\"font-size: medium;\"><b>08 de dezembro (domingo)<\/b><\/span><\/span><\/span><\/p>\n<p align=\"left\"><span style=\"color: #2c363a;\"><span style=\"font-family: Aptos, sans-serif;\"><span style=\"font-size: medium;\">16h00 | Est\u00f3rias Contaroladas \u2013 \u201cO Canto m\u00e1gico do p\u00e1ssaro misterioso\u201d \u2013 f\u00e1bula africana | 30POR1LINHA<\/span><\/span><\/span><\/p>\n<p align=\"left\"><span style=\"color: #2c363a;\"><span style=\"font-family: Aptos, sans-serif;\"><span style=\"font-size: medium;\">A Feira do Livro funcionar\u00e1 todos os dias, das 10h00 \u00e0s 19h00.<\/span><\/span><\/span><\/p>\n<div class=\"fb-background-color\">\n\t\t\t  <div \n\t\t\t  \tclass = \"fb-comments\" \n\t\t\t  \tdata-href = \"https:\/\/www.entroncamentoonline.pt\/portal\/centro-cultural-do-entroncamento-acolhe-feira-do-livro-2024\/\"\n\t\t\t  \tdata-numposts = \"10\"\n\t\t\t  \tdata-lazy = \"true\"\n\t\t\t\tdata-colorscheme = \"light\"\n\t\t\t\tdata-order-by = \"social\"\n\t\t\t\tdata-mobile=true>\n\t\t\t  <\/div><\/div>\n\t\t  <style>\n\t\t    .fb-background-color {\n\t\t\t\tbackground:  !important;\n\t\t\t}\n\t\t\t.fb_iframe_widget_fluid_desktop iframe {\n\t\t\t    width: 100% !important;\n\t\t\t}\n\t\t  <\/style>\n\t\t  ","protected":false},"excerpt":{"rendered":"<p>O Centro Cultural do Entroncamento acolhe entre os dias 30 de novembro e 8 de dezembro, a Feira do Livro, uma iniciativa organizada pelo Munic\u00edpio do Entroncamento em colabora\u00e7\u00e3o com a livraria \u201cAo P\u00e9 das Letras\u201d. O principal objetivo deste evento \u00e9 a promo\u00e7\u00e3o da leitura e do livro como um elemento de conhecimento, aprendizagem [&hellip;]<\/p>\n","protected":false},"author":43,"featured_media":64612,"comment_status":"open","ping_status":"closed","sticky":false,"template":"","format":"standard","meta":{"_acf_changed":false,"footnotes":""},"categories":[56,31,99,26,68,32],"tags":[],"class_list":{"0":"post-64611","1":"post","2":"type-post","3":"status-publish","4":"format-standard","5":"has-post-thumbnail","7":"category-1apagina","8":"category-agenda","9":"category-agenda-2","10":"category-entroncamento","11":"category-na-boa","12":"category-noticias"},"acf":[],"_links":{"self":[{"href":"https:\/\/www.entroncamentoonline.pt\/portal\/wp-json\/wp\/v2\/posts\/64611","targetHints":{"allow":["GET"]}}],"collection":[{"href":"https:\/\/www.entroncamentoonline.pt\/portal\/wp-json\/wp\/v2\/posts"}],"about":[{"href":"https:\/\/www.entroncamentoonline.pt\/portal\/wp-json\/wp\/v2\/types\/post"}],"author":[{"embeddable":true,"href":"https:\/\/www.entroncamentoonline.pt\/portal\/wp-json\/wp\/v2\/users\/43"}],"replies":[{"embeddable":true,"href":"https:\/\/www.entroncamentoonline.pt\/portal\/wp-json\/wp\/v2\/comments?post=64611"}],"version-history":[{"count":0,"href":"https:\/\/www.entroncamentoonline.pt\/portal\/wp-json\/wp\/v2\/posts\/64611\/revisions"}],"wp:featuredmedia":[{"embeddable":true,"href":"https:\/\/www.entroncamentoonline.pt\/portal\/wp-json\/wp\/v2\/media\/64612"}],"wp:attachment":[{"href":"https:\/\/www.entroncamentoonline.pt\/portal\/wp-json\/wp\/v2\/media?parent=64611"}],"wp:term":[{"taxonomy":"category","embeddable":true,"href":"https:\/\/www.entroncamentoonline.pt\/portal\/wp-json\/wp\/v2\/categories?post=64611"},{"taxonomy":"post_tag","embeddable":true,"href":"https:\/\/www.entroncamentoonline.pt\/portal\/wp-json\/wp\/v2\/tags?post=64611"}],"curies":[{"name":"wp","href":"https:\/\/api.w.org\/{rel}","templated":true}]}}