{"id":64581,"date":"2024-11-06T10:56:54","date_gmt":"2024-11-06T10:56:54","guid":{"rendered":"https:\/\/www.entroncamentoonline.pt\/portal\/?p=64581"},"modified":"2024-11-06T10:56:54","modified_gmt":"2024-11-06T10:56:54","slug":"vn-barquinha-base-militar-de-tancos-recebe-corrida-dos-paraquedistas","status":"publish","type":"post","link":"https:\/\/www.entroncamentoonline.pt\/portal\/vn-barquinha-base-militar-de-tancos-recebe-corrida-dos-paraquedistas\/","title":{"rendered":"VN Barquinha: Base militar de Tancos recebe Corrida dos Paraquedistas"},"content":{"rendered":"<p><span style=\"color: #2c363a;\"><span style=\"font-family: Calibri, sans-serif;\"><span style=\"font-size: small;\">A hist\u00f3rica Base Militar de Tancos, no concelho de Vila Nova da Barquinha, vai acolher a 2.\u00aa edi\u00e7\u00e3o da Corrida dos Paraquedistas, no pr\u00f3ximo dia 7 de dezembro de 2024, \u00e0s 10h30. Com cerca de 300 inscritos, este evento desportivo proporciona uma experi\u00eancia \u00fanica, repleta de aventura e hist\u00f3ria, com dois percursos dispon\u00edveis: uma corrida de 10 km e uma caminhada de 5 km.<\/span><\/span><\/span><\/p>\n<p align=\"left\"><span style=\"color: #2c363a;\"><span style=\"font-family: Calibri, sans-serif;\"><span style=\"font-size: small;\">Ambos os percursos levar\u00e3o os atletas por locais emblem\u00e1ticos da hist\u00f3ria dos paraquedistas militares portugueses, oferecendo uma oportunidade de conhecer este ambiente \u00fanico.<\/span><\/span><\/span><\/p>\n<p align=\"left\"><span style=\"color: #2c363a;\"><span style=\"font-family: Calibri, sans-serif;\"><span style=\"font-size: small;\">O trajeto, misto entre alcatr\u00e3o e terra batida, foi desenhado para ser r\u00e1pido e prop\u00edcio a quem procura melhorar o seu tempo pessoal, proporcionando ainda momentos de contempla\u00e7\u00e3o da paisagem e da heran\u00e7a militar.<\/span><\/span><\/span><\/p>\n<p align=\"left\"><span style=\"color: #2c363a;\"><span style=\"font-family: Calibri, sans-serif;\"><span style=\"font-size: small;\">A prova \u00e9 apadrinhada pelo Sargento-Mor Paraquedista Serrano Rosa, uma figura ic\u00f3nica n\u00e3o s\u00f3 pelo seu hero\u00edsmo em combate, mas tamb\u00e9m pelo seu contributo como fot\u00f3grafo militar, sendo considerado o maior fot\u00f3grafo militar de que h\u00e1 registo nas for\u00e7as armadas portuguesas. O seu trabalho de documenta\u00e7\u00e3o da vida e opera\u00e7\u00f5es militares, especialmente no seio das Tropas Paraquedistas, \u00e9 amplamente reconhecido e apreciado, tanto pela sua qualidade art\u00edstica como pelo valor hist\u00f3rico que representa.<\/span><\/span><\/span><\/p>\n<p align=\"left\"><span style=\"color: #2c363a;\"><span style=\"font-family: Calibri, sans-serif;\"><span style=\"font-size: small;\">Com o apoio do Munic\u00edpio de Vila Nova da Barquinha, a 2\u00aa Edi\u00e7\u00e3o da Corrida dos Paraquedistas \u00e9 organizada pela Associa\u00e7\u00e3o A Minha Corrida, com o apoio t\u00e9cnico da Xistarca, Promo\u00e7\u00f5es e Publica\u00e7\u00f5es Desportivas, Lda.<\/span><\/span><\/span><\/p>\n<p align=\"left\">\n<div class=\"fb-background-color\">\n\t\t\t  <div \n\t\t\t  \tclass = \"fb-comments\" \n\t\t\t  \tdata-href = \"https:\/\/www.entroncamentoonline.pt\/portal\/vn-barquinha-base-militar-de-tancos-recebe-corrida-dos-paraquedistas\/\"\n\t\t\t  \tdata-numposts = \"10\"\n\t\t\t  \tdata-lazy = \"true\"\n\t\t\t\tdata-colorscheme = \"light\"\n\t\t\t\tdata-order-by = \"social\"\n\t\t\t\tdata-mobile=true>\n\t\t\t  <\/div><\/div>\n\t\t  <style>\n\t\t    .fb-background-color {\n\t\t\t\tbackground:  !important;\n\t\t\t}\n\t\t\t.fb_iframe_widget_fluid_desktop iframe {\n\t\t\t    width: 100% !important;\n\t\t\t}\n\t\t  <\/style>\n\t\t  ","protected":false},"excerpt":{"rendered":"<p>A hist\u00f3rica Base Militar de Tancos, no concelho de Vila Nova da Barquinha, vai acolher a 2.\u00aa edi\u00e7\u00e3o da Corrida dos Paraquedistas, no pr\u00f3ximo dia 7 de dezembro de 2024, \u00e0s 10h30. Com cerca de 300 inscritos, este evento desportivo proporciona uma experi\u00eancia \u00fanica, repleta de aventura e hist\u00f3ria, com dois percursos dispon\u00edveis: uma corrida [&hellip;]<\/p>\n","protected":false},"author":43,"featured_media":64582,"comment_status":"open","ping_status":"closed","sticky":false,"template":"","format":"standard","meta":{"_acf_changed":false,"footnotes":""},"categories":[56,99,32,38],"tags":[],"class_list":{"0":"post-64581","1":"post","2":"type-post","3":"status-publish","4":"format-standard","5":"has-post-thumbnail","7":"category-1apagina","8":"category-agenda-2","9":"category-noticias","10":"category-v-n-barquinha"},"acf":[],"_links":{"self":[{"href":"https:\/\/www.entroncamentoonline.pt\/portal\/wp-json\/wp\/v2\/posts\/64581","targetHints":{"allow":["GET"]}}],"collection":[{"href":"https:\/\/www.entroncamentoonline.pt\/portal\/wp-json\/wp\/v2\/posts"}],"about":[{"href":"https:\/\/www.entroncamentoonline.pt\/portal\/wp-json\/wp\/v2\/types\/post"}],"author":[{"embeddable":true,"href":"https:\/\/www.entroncamentoonline.pt\/portal\/wp-json\/wp\/v2\/users\/43"}],"replies":[{"embeddable":true,"href":"https:\/\/www.entroncamentoonline.pt\/portal\/wp-json\/wp\/v2\/comments?post=64581"}],"version-history":[{"count":0,"href":"https:\/\/www.entroncamentoonline.pt\/portal\/wp-json\/wp\/v2\/posts\/64581\/revisions"}],"wp:featuredmedia":[{"embeddable":true,"href":"https:\/\/www.entroncamentoonline.pt\/portal\/wp-json\/wp\/v2\/media\/64582"}],"wp:attachment":[{"href":"https:\/\/www.entroncamentoonline.pt\/portal\/wp-json\/wp\/v2\/media?parent=64581"}],"wp:term":[{"taxonomy":"category","embeddable":true,"href":"https:\/\/www.entroncamentoonline.pt\/portal\/wp-json\/wp\/v2\/categories?post=64581"},{"taxonomy":"post_tag","embeddable":true,"href":"https:\/\/www.entroncamentoonline.pt\/portal\/wp-json\/wp\/v2\/tags?post=64581"}],"curies":[{"name":"wp","href":"https:\/\/api.w.org\/{rel}","templated":true}]}}