{"id":64578,"date":"2024-11-06T09:36:49","date_gmt":"2024-11-06T09:36:49","guid":{"rendered":"https:\/\/www.entroncamentoonline.pt\/portal\/?p=64578"},"modified":"2024-11-06T21:15:50","modified_gmt":"2024-11-06T21:15:50","slug":"vn-barquinha-lar-residencial-e-residencia-de-autonomizacao-e-inclusao-vai-ser-inaugurada-dia-21-de-novembro","status":"publish","type":"post","link":"https:\/\/www.entroncamentoonline.pt\/portal\/vn-barquinha-lar-residencial-e-residencia-de-autonomizacao-e-inclusao-vai-ser-inaugurada-dia-21-de-novembro\/","title":{"rendered":"VN Barquinha: Lar Residencial e Resid\u00eancia de Autonomiza\u00e7\u00e3o e Inclus\u00e3o vai abrir resposta social"},"content":{"rendered":"<p>A abertura desta resposta social \u00e9 um anseio antigo e ser\u00e1 gerida pela Santa Casa da Miseric\u00f3rdia de Vila Nova da Barquinha. O equipamento situa-se em Moita do Norte, na rua de Alfredo Farinha. A cerim\u00f3nia de abertura realizar-se-\u00e1 no dia 21 de novembro e o equipamento para deficientes ter\u00e1 o nome de \u201cCasas Moinho\u00a0de\u00a0Vento\u201d.<\/p>\n<p><span style=\"color: #2c363a;\"><span style=\"font-family: Liberation Serif, serif;\"><span style=\"font-size: medium;\">A Resid\u00eancia de Autonomiza\u00e7\u00e3o e Inclus\u00e3o \u00e9 uma resposta de alojamento residencial ou tempor\u00e1rio inserida em \u00e1reas residenciais na comunidade, destinada a pessoas com defici\u00eancia ou incapacidade com idade igual ou superior a 18 anos, com capacidade de viver de forma aut\u00f3noma, e tem por objetivo, mediante apoio individualizado, proporcionar condi\u00e7\u00f5es para a concretiza\u00e7\u00e3o de um projeto de vida aut\u00f3nomo e inclusivo.<\/span><\/span><\/span><\/p>\n<p><span style=\"color: #2c363a;\"><span style=\"font-family: Liberation Serif, serif;\"><span style=\"font-size: medium;\">A abertura deste equipamento vai suprir uma grande car\u00eancia destes servi\u00e7os na regi\u00e3o.<\/span><\/span><\/span><\/p>\n<p>A resposta vai abranger 17 deficientes, sendo que 12 s\u00e3o em resid\u00eancia permanente e cinco em autonomia.<\/p>\n<div class=\"fb-background-color\">\n\t\t\t  <div \n\t\t\t  \tclass = \"fb-comments\" \n\t\t\t  \tdata-href = \"https:\/\/www.entroncamentoonline.pt\/portal\/vn-barquinha-lar-residencial-e-residencia-de-autonomizacao-e-inclusao-vai-ser-inaugurada-dia-21-de-novembro\/\"\n\t\t\t  \tdata-numposts = \"10\"\n\t\t\t  \tdata-lazy = \"true\"\n\t\t\t\tdata-colorscheme = \"light\"\n\t\t\t\tdata-order-by = \"social\"\n\t\t\t\tdata-mobile=true>\n\t\t\t  <\/div><\/div>\n\t\t  <style>\n\t\t    .fb-background-color {\n\t\t\t\tbackground:  !important;\n\t\t\t}\n\t\t\t.fb_iframe_widget_fluid_desktop iframe {\n\t\t\t    width: 100% !important;\n\t\t\t}\n\t\t  <\/style>\n\t\t  ","protected":false},"excerpt":{"rendered":"<p>A abertura desta resposta social \u00e9 um anseio antigo e ser\u00e1 gerida pela Santa Casa da Miseric\u00f3rdia de Vila Nova da Barquinha. O equipamento situa-se em Moita do Norte, na rua de Alfredo Farinha. A cerim\u00f3nia de abertura realizar-se-\u00e1 no dia 21 de novembro e o equipamento para deficientes ter\u00e1 o nome de \u201cCasas Moinho\u00a0de\u00a0Vento\u201d. [&hellip;]<\/p>\n","protected":false},"author":43,"featured_media":64579,"comment_status":"open","ping_status":"closed","sticky":false,"template":"","format":"standard","meta":{"_acf_changed":false,"footnotes":""},"categories":[56,32,38],"tags":[],"class_list":{"0":"post-64578","1":"post","2":"type-post","3":"status-publish","4":"format-standard","5":"has-post-thumbnail","7":"category-1apagina","8":"category-noticias","9":"category-v-n-barquinha"},"acf":[],"_links":{"self":[{"href":"https:\/\/www.entroncamentoonline.pt\/portal\/wp-json\/wp\/v2\/posts\/64578","targetHints":{"allow":["GET"]}}],"collection":[{"href":"https:\/\/www.entroncamentoonline.pt\/portal\/wp-json\/wp\/v2\/posts"}],"about":[{"href":"https:\/\/www.entroncamentoonline.pt\/portal\/wp-json\/wp\/v2\/types\/post"}],"author":[{"embeddable":true,"href":"https:\/\/www.entroncamentoonline.pt\/portal\/wp-json\/wp\/v2\/users\/43"}],"replies":[{"embeddable":true,"href":"https:\/\/www.entroncamentoonline.pt\/portal\/wp-json\/wp\/v2\/comments?post=64578"}],"version-history":[{"count":0,"href":"https:\/\/www.entroncamentoonline.pt\/portal\/wp-json\/wp\/v2\/posts\/64578\/revisions"}],"wp:featuredmedia":[{"embeddable":true,"href":"https:\/\/www.entroncamentoonline.pt\/portal\/wp-json\/wp\/v2\/media\/64579"}],"wp:attachment":[{"href":"https:\/\/www.entroncamentoonline.pt\/portal\/wp-json\/wp\/v2\/media?parent=64578"}],"wp:term":[{"taxonomy":"category","embeddable":true,"href":"https:\/\/www.entroncamentoonline.pt\/portal\/wp-json\/wp\/v2\/categories?post=64578"},{"taxonomy":"post_tag","embeddable":true,"href":"https:\/\/www.entroncamentoonline.pt\/portal\/wp-json\/wp\/v2\/tags?post=64578"}],"curies":[{"name":"wp","href":"https:\/\/api.w.org\/{rel}","templated":true}]}}