{"id":64566,"date":"2024-11-05T09:29:57","date_gmt":"2024-11-05T09:29:57","guid":{"rendered":"https:\/\/www.entroncamentoonline.pt\/portal\/?p=64566"},"modified":"2024-11-05T09:29:57","modified_gmt":"2024-11-05T09:29:57","slug":"vila-nova-da-barquinha-acolhe-pela-primeira-vez-em-2024-o-festival-festfado-ribatejo","status":"publish","type":"post","link":"https:\/\/www.entroncamentoonline.pt\/portal\/vila-nova-da-barquinha-acolhe-pela-primeira-vez-em-2024-o-festival-festfado-ribatejo\/","title":{"rendered":"Vila Nova da Barquinha acolhe pela primeira vez, em 2024, o festival &#8220;Festfado Ribatejo&#8221;"},"content":{"rendered":"<p><span style=\"color: #2c363a;\"><span style=\"font-family: Liberation Serif, serif;\"><span style=\"font-size: small;\">No pr\u00f3ximo dia 9 de novembro, \u00e0s 21h30, realiza-se o derradeiro espet\u00e1culo de uma s\u00e9rie de tr\u00eas, no Centro Cultural de Vila Nova da Barquinha, com Nuno Silva (Fado de Coimbra).<\/span><\/span><\/span><\/p>\n<p><span style=\"color: #2c363a;\"><span style=\"font-family: Liberation Serif, serif;\"><span style=\"font-size: small;\">Este evento musical contar\u00e1 ainda com a fadista anfitri\u00e3, Dora Maria, e os fadistas convidados Cl\u00e1udia Zarro, Hugo Faustino, Mariana Oliveira e Jo\u00e3o Louro. O Fado ser\u00e1 acompanhado pelos m\u00fasicos Bruno Mira (guitarra portuguesa), Ginestal Martins (guitarra cl\u00e1ssica) e Fernando Nani (baixo).<\/span><\/span><\/span><\/p>\n<p align=\"left\"><span style=\"color: #2c363a;\"><span style=\"font-family: Liberation Serif, serif;\"><span style=\"font-size: small;\">O Festfado \u00e9 um projeto com a programa\u00e7\u00e3o de Dora Maria, cujo objetivo \u00e9 promover o fado, divulgando e incentivando novos fadistas, apadrinhados pela atua\u00e7\u00e3o de autores e interpretes consagrados.<\/span><\/span><\/span><\/p>\n<div class=\"fb-background-color\">\n\t\t\t  <div \n\t\t\t  \tclass = \"fb-comments\" \n\t\t\t  \tdata-href = \"https:\/\/www.entroncamentoonline.pt\/portal\/vila-nova-da-barquinha-acolhe-pela-primeira-vez-em-2024-o-festival-festfado-ribatejo\/\"\n\t\t\t  \tdata-numposts = \"10\"\n\t\t\t  \tdata-lazy = \"true\"\n\t\t\t\tdata-colorscheme = \"light\"\n\t\t\t\tdata-order-by = \"social\"\n\t\t\t\tdata-mobile=true>\n\t\t\t  <\/div><\/div>\n\t\t  <style>\n\t\t    .fb-background-color {\n\t\t\t\tbackground:  !important;\n\t\t\t}\n\t\t\t.fb_iframe_widget_fluid_desktop iframe {\n\t\t\t    width: 100% !important;\n\t\t\t}\n\t\t  <\/style>\n\t\t  ","protected":false},"excerpt":{"rendered":"<p>No pr\u00f3ximo dia 9 de novembro, \u00e0s 21h30, realiza-se o derradeiro espet\u00e1culo de uma s\u00e9rie de tr\u00eas, no Centro Cultural de Vila Nova da Barquinha, com Nuno Silva (Fado de Coimbra). Este evento musical contar\u00e1 ainda com a fadista anfitri\u00e3, Dora Maria, e os fadistas convidados Cl\u00e1udia Zarro, Hugo Faustino, Mariana Oliveira e Jo\u00e3o Louro. [&hellip;]<\/p>\n","protected":false},"author":43,"featured_media":64567,"comment_status":"open","ping_status":"closed","sticky":false,"template":"","format":"standard","meta":{"_acf_changed":false,"footnotes":""},"categories":[56,31,99,54,68,32,38],"tags":[],"class_list":{"0":"post-64566","1":"post","2":"type-post","3":"status-publish","4":"format-standard","5":"has-post-thumbnail","7":"category-1apagina","8":"category-agenda","9":"category-agenda-2","10":"category-cultura","11":"category-na-boa","12":"category-noticias","13":"category-v-n-barquinha"},"acf":[],"_links":{"self":[{"href":"https:\/\/www.entroncamentoonline.pt\/portal\/wp-json\/wp\/v2\/posts\/64566","targetHints":{"allow":["GET"]}}],"collection":[{"href":"https:\/\/www.entroncamentoonline.pt\/portal\/wp-json\/wp\/v2\/posts"}],"about":[{"href":"https:\/\/www.entroncamentoonline.pt\/portal\/wp-json\/wp\/v2\/types\/post"}],"author":[{"embeddable":true,"href":"https:\/\/www.entroncamentoonline.pt\/portal\/wp-json\/wp\/v2\/users\/43"}],"replies":[{"embeddable":true,"href":"https:\/\/www.entroncamentoonline.pt\/portal\/wp-json\/wp\/v2\/comments?post=64566"}],"version-history":[{"count":0,"href":"https:\/\/www.entroncamentoonline.pt\/portal\/wp-json\/wp\/v2\/posts\/64566\/revisions"}],"wp:featuredmedia":[{"embeddable":true,"href":"https:\/\/www.entroncamentoonline.pt\/portal\/wp-json\/wp\/v2\/media\/64567"}],"wp:attachment":[{"href":"https:\/\/www.entroncamentoonline.pt\/portal\/wp-json\/wp\/v2\/media?parent=64566"}],"wp:term":[{"taxonomy":"category","embeddable":true,"href":"https:\/\/www.entroncamentoonline.pt\/portal\/wp-json\/wp\/v2\/categories?post=64566"},{"taxonomy":"post_tag","embeddable":true,"href":"https:\/\/www.entroncamentoonline.pt\/portal\/wp-json\/wp\/v2\/tags?post=64566"}],"curies":[{"name":"wp","href":"https:\/\/api.w.org\/{rel}","templated":true}]}}