{"id":64498,"date":"2024-10-30T11:20:27","date_gmt":"2024-10-30T11:20:27","guid":{"rendered":"https:\/\/www.entroncamentoonline.pt\/portal\/?p=64498"},"modified":"2024-10-30T10:52:56","modified_gmt":"2024-10-30T10:52:56","slug":"ntroncamento-exposicao-de-desenho-caminhos-de-ferro-caminhar-com-arte-na-galeria-municipal","status":"publish","type":"post","link":"https:\/\/www.entroncamentoonline.pt\/portal\/ntroncamento-exposicao-de-desenho-caminhos-de-ferro-caminhar-com-arte-na-galeria-municipal\/","title":{"rendered":"Entroncamento: Exposi\u00e7\u00e3o de Desenho &#8220;Caminhos de Ferro, Caminhar com Arte&#8221; na galeria municipal"},"content":{"rendered":"<p>A Galeria Municipal do Entroncamento acolhe, entre os dias 31 de outubro a 14 de novembro, a Exposi\u00e7\u00e3o de Desenho &#8220;Caminhos de Ferro, Caminhar com Arte&#8221;, dos alunos das turmas 6\u00ba A, 6\u00ba B e 6\u00aa C, da Escola Dr. Ruy d&#8217; Andrade, do Entroncamento.<\/p>\n<p>&#8220;O Entroncamento e a linha f\u00e9rrea como charneira de desenvolvimento da regi\u00e3o e do Pa\u00eds&#8221; \u00e9 o mote desta exposi\u00e7\u00e3o organizada pelo Munic\u00edpio em parceria com o Agrupamento de Escolas Cidade do Entroncamento.<\/p>\n<p>O tema dos caminhos de ferro foi desenvolvido pelos alunos de tr\u00eas turmas do segundo ciclo (6\u00ba ano), na disciplina de Educa\u00e7\u00e3o Visual. S\u00e3o essencialmente desenhos de observa\u00e7\u00e3o em grafite, sobre esta tem\u00e1tica dos comboios, estando os mais significativos apresentados nesta exposi\u00e7\u00e3o. \u2013 Prof. Fernando Ferreira.<\/p>\n<p>A inaugura\u00e7\u00e3o da Exposi\u00e7\u00e3o de Desenho &#8220;Caminhos de Ferro, Caminhar com Arte&#8221;, ser\u00e1 inaugurada no dia 31 de outubro, quinta-feira, pelas 17h00 e poder\u00e1 ser visitada at\u00e9 ao dia 14 de novembro de ter\u00e7a a sexta-feira, entre as 14h00 e as 18h00 e ao s\u00e1bado das 10h00 \u00e0s 13h00 e das 14h00 \u00e0s 18h00.<\/p>\n<div class=\"fb-background-color\">\n\t\t\t  <div \n\t\t\t  \tclass = \"fb-comments\" \n\t\t\t  \tdata-href = \"https:\/\/www.entroncamentoonline.pt\/portal\/ntroncamento-exposicao-de-desenho-caminhos-de-ferro-caminhar-com-arte-na-galeria-municipal\/\"\n\t\t\t  \tdata-numposts = \"10\"\n\t\t\t  \tdata-lazy = \"true\"\n\t\t\t\tdata-colorscheme = \"light\"\n\t\t\t\tdata-order-by = \"social\"\n\t\t\t\tdata-mobile=true>\n\t\t\t  <\/div><\/div>\n\t\t  <style>\n\t\t    .fb-background-color {\n\t\t\t\tbackground:  !important;\n\t\t\t}\n\t\t\t.fb_iframe_widget_fluid_desktop iframe {\n\t\t\t    width: 100% !important;\n\t\t\t}\n\t\t  <\/style>\n\t\t  ","protected":false},"excerpt":{"rendered":"<p>A Galeria Municipal do Entroncamento acolhe, entre os dias 31 de outubro a 14 de novembro, a Exposi\u00e7\u00e3o de Desenho &#8220;Caminhos de Ferro, Caminhar com Arte&#8221;, dos alunos das turmas 6\u00ba A, 6\u00ba B e 6\u00aa C, da Escola Dr. Ruy d&#8217; Andrade, do Entroncamento. &#8220;O Entroncamento e a linha f\u00e9rrea como charneira de desenvolvimento [&hellip;]<\/p>\n","protected":false},"author":43,"featured_media":64499,"comment_status":"open","ping_status":"closed","sticky":false,"template":"","format":"standard","meta":{"_acf_changed":false,"footnotes":""},"categories":[31,99,54,26,68,32],"tags":[],"class_list":{"0":"post-64498","1":"post","2":"type-post","3":"status-publish","4":"format-standard","5":"has-post-thumbnail","7":"category-agenda","8":"category-agenda-2","9":"category-cultura","10":"category-entroncamento","11":"category-na-boa","12":"category-noticias"},"acf":[],"_links":{"self":[{"href":"https:\/\/www.entroncamentoonline.pt\/portal\/wp-json\/wp\/v2\/posts\/64498","targetHints":{"allow":["GET"]}}],"collection":[{"href":"https:\/\/www.entroncamentoonline.pt\/portal\/wp-json\/wp\/v2\/posts"}],"about":[{"href":"https:\/\/www.entroncamentoonline.pt\/portal\/wp-json\/wp\/v2\/types\/post"}],"author":[{"embeddable":true,"href":"https:\/\/www.entroncamentoonline.pt\/portal\/wp-json\/wp\/v2\/users\/43"}],"replies":[{"embeddable":true,"href":"https:\/\/www.entroncamentoonline.pt\/portal\/wp-json\/wp\/v2\/comments?post=64498"}],"version-history":[{"count":0,"href":"https:\/\/www.entroncamentoonline.pt\/portal\/wp-json\/wp\/v2\/posts\/64498\/revisions"}],"wp:featuredmedia":[{"embeddable":true,"href":"https:\/\/www.entroncamentoonline.pt\/portal\/wp-json\/wp\/v2\/media\/64499"}],"wp:attachment":[{"href":"https:\/\/www.entroncamentoonline.pt\/portal\/wp-json\/wp\/v2\/media?parent=64498"}],"wp:term":[{"taxonomy":"category","embeddable":true,"href":"https:\/\/www.entroncamentoonline.pt\/portal\/wp-json\/wp\/v2\/categories?post=64498"},{"taxonomy":"post_tag","embeddable":true,"href":"https:\/\/www.entroncamentoonline.pt\/portal\/wp-json\/wp\/v2\/tags?post=64498"}],"curies":[{"name":"wp","href":"https:\/\/api.w.org\/{rel}","templated":true}]}}