{"id":64464,"date":"2024-10-29T11:57:06","date_gmt":"2024-10-29T11:57:06","guid":{"rendered":"https:\/\/www.entroncamentoonline.pt\/portal\/?p=64464"},"modified":"2024-10-29T12:03:44","modified_gmt":"2024-10-29T12:03:44","slug":"cronica-de-evelina-gaspar-sapatos-ha-muitos","status":"publish","type":"post","link":"https:\/\/www.entroncamentoonline.pt\/portal\/cronica-de-evelina-gaspar-sapatos-ha-muitos\/","title":{"rendered":"Cr\u00f3nica de Evelina Gaspar: Sapatos, h\u00e1 muitos"},"content":{"rendered":"<p align=\"justify\"><span style=\"font-family: Times New Roman, serif;\"><span style=\"font-size: medium;\">Quantos sapatos cal\u00e7a algu\u00e9m no decorrer de uma vida? Dezenas? Centenas? Milhares? C\u00e9line Dion, que voltou aos palcos recentemente ap\u00f3s uma doen\u00e7a neurol\u00f3gica rara ter imposto o seu afastamento, revelou possuir mais de dez mil pares de sapatos, o que d\u00e1 que pensar. Quanto a mim, n\u00e3o devo ter mais de uma d\u00fazia, quatro deles alinhados ao fundo da cama, dentre os quais escolho a cada manh\u00e3 onde enfiar os p\u00e9s para fazer o caminho desse dia. <\/span><\/span><\/p>\n<p align=\"justify\"><span style=\"font-family: Times New Roman, serif;\"><span style=\"font-size: medium;\">Quando os meus pais eram crian\u00e7as os sapatos eram um luxo a que nem todos tinham direito nesse Portugal dos pequenitos, havendo quem n\u00e3o possu\u00edsse uns \u00fanicos sapatos dignos desse nome. Felizmente hoje praticamente todo o par de p\u00e9s que caminha, rico ou pobre, anda cal\u00e7ado, melhor ou pior. E nem \u00e9 preciso caminhar, porque os meus filhos tiveram sapatos antes mesmo de aprenderem a andar. Ainda guardo o seu primeiro par de sapatos, o mesmo que serviu dois pares de p\u00e9s, e que bem poderia ter servido um batalh\u00e3o de pezinhos se eu tivesse dado \u00e0 luz um batalh\u00e3o de criaturas, porque foram sapatos que nunca conheceram ch\u00e3o, e que por isso nunca se gastaram. Porque \u00e9 o contacto com o ch\u00e3o que faz o tempo passar pelos sapatos, o caminhar dos p\u00e9s em direc\u00e7\u00e3o a um destino \u00e9 que faz valer o tempo de uma vida. N\u00e3o concordam? <\/span><\/span><\/p>\n<p align=\"justify\"><span style=\"font-family: Times New Roman, serif;\"><span style=\"font-size: medium;\">S\u00f3 na cama e na campa se dispensam os sapatos. E apesar de fazermos muita quest\u00e3o em enterrar os nossos mortos cal\u00e7ados, eu tenho para mim que, assim que se v\u00eam sozinhos, eles mandam os sapatos \u00e0s urtigas antes de abra\u00e7arem a vida eterna. At\u00e9 porque o p\u00e9 descal\u00e7o \u00e9 sinal de humildade, e na morte afinal somos todos humildes. N\u00e3o h\u00e1 riquezas nem t\u00edtulos que venham em nosso aux\u00edlio depois da vida. Dez mil pares de sapatos n\u00e3o nos servem ent\u00e3o de nada. O outro fazedor de humildes universal \u00e9, pois claro, o amor, uma vez que n\u00e3o h\u00e1 como ele para fazer dobrar a espinha ao orgulhoso mais teso.<\/span><\/span><\/p>\n<p align=\"justify\"><span style=\"font-family: Times New Roman, serif;\"><span style=\"font-size: medium;\">Eu usei, at\u00e9 a uma idade embara\u00e7osa, botas ortop\u00e9dicas. <\/span><\/span><span style=\"font-family: Times New Roman, serif;\"><span style=\"font-size: medium;\"><i>Botas da tropa<\/i><\/span><\/span><span style=\"font-family: Times New Roman, serif;\"><span style=\"font-size: medium;\">, correctoras, duras, escuras e feias, e nessa \u00e9poca, naturalmente, eu sonhava era com sand\u00e1lias, finas e delicadas. No dia em que o m\u00e9dico me autorizou, finalmente, a usar <\/span><\/span><span style=\"font-family: Times New Roman, serif;\"><span style=\"font-size: medium;\"><i>cal\u00e7ado civil<\/i><\/span><\/span><span style=\"font-family: Times New Roman, serif;\"><span style=\"font-size: medium;\">, corri uma fiada de sapatarias em busca de umas pirosas sand\u00e1lias brancas, de tiras de enrolar \u00e0s pernas quase at\u00e9 ao joelho. Que dia festivo esse.<\/span><\/span><\/p>\n<p align=\"justify\"><span style=\"font-family: Times New Roman, serif;\"><span style=\"font-size: medium;\">Entretanto, depois dessas sand\u00e1lias, j\u00e1 enfiei o p\u00e9 em muito tipo de cal\u00e7ado. Rasos, de salto, com fivela, com atilhos, finos, grossos, pesados, leves, enfim, \u00e9 todo um historial de sapatos, diferentes pares para diferentes fases, pois que \u00e9 precisa muita experimenta\u00e7\u00e3o para saber com certeza cient\u00edfica que tipo de cal\u00e7ado verdadeiramente condiz com a nossa personalidade. Sobretudo aprendi a escolher bem e n\u00e3o me esque\u00e7o que sou eu que uso os sapatos, n\u00e3o s\u00e3o eles que me usam a mim. <\/span><\/span><\/p>\n<p align=\"justify\"><span style=\"font-family: Times New Roman, serif;\"><span style=\"font-size: medium;\">Chocou-me saber que a diva C\u00e9line Dion cal\u00e7a sapatos dos n\u00fameros 35 ao 40. Segundo partilha no document\u00e1rio \u201c<\/span><\/span><span style=\"font-family: Times New Roman, serif;\"><span style=\"font-size: medium;\">I Am: C\u00e9line Dion\u201d, ora <\/span><\/span><span style=\"font-family: Times New Roman, serif;\"><span style=\"font-size: medium;\">encolhe os dedos dos p\u00e9s para os fazer caber \u00e0 for\u00e7a dentro de sapatos apertados, expondo-se \u00e0s bolhas, \u00e0 unha encravada e ao joanete \u2013 tudo coisas muito pouco sensuais \u2013, ora mant\u00e9m-nos abertos como os dentes de uma forquilha, para que lhe n\u00e3o caiam dos p\u00e9s ao andar. Ou seja, o facto de n\u00e3o haver na sapataria o seu n\u00famero, que se situa a meio entre o 35 e o 40, n\u00e3o a demove de comprar os sapatos que a cativaram. O mais intrigante \u00e9 que ela diz exactamente o que eu afirmei no par\u00e1grafo anterior, \u201ceu uso os sapatos, os sapatos n\u00e3o me usam a mim\u201d. N\u00e3o? A s\u00e9rio? \u00c9 que a mim parece-me que s\u00e3o os sapatos que levam a palma \u00e0 C\u00e9line e n\u00e3o o contr\u00e1rio. <\/span><\/span><\/p>\n<p align=\"justify\"><span style=\"font-family: Times New Roman, serif;\"><span style=\"font-size: medium;\">Num certo m\u00eas de Junho, teria eu quinze anos, uma carrinha de caixa fechada estacionou durante uma semana \u00e0 porta do pr\u00e9dio onde eu vivia, numa tranquila rua da cidade de Tomar. \u00c0 noite, da janela do meu quarto eu podia ver dois pares de sapatos alinhados, muito juntinhos, no ch\u00e3o debaixo da carrinha, junto \u00e0s portas traseiras. Eram t\u00e9nis, uns possivelmente n\u00famero 42, de homem, outros talvez 38, de mulher. Fossem quem fossem, os donos dos t\u00e9nis teriam um colch\u00e3o ou um saco-cama no interior da carrinha, onde passavam as noites. Recordo que me punha a imaginar que g\u00e9nero de pessoas seriam. A curiosidade tinha raz\u00e3o de ser, uma vez que a carrinha abanava ligeiramente todas as noites. Quando dei conta, tinha a fam\u00edlia reunida no meu quarto, todos debru\u00e7ados do parapeito da janela. Quem seriam, quem n\u00e3o seriam? O meu pai ria daquela candura despudorada, onde j\u00e1 se viu, no <\/span><\/span><span style=\"font-family: Times New Roman, serif;\"><span style=\"font-size: medium;\"><i>truca-truca<\/i><\/span><\/span><span style=\"font-family: Times New Roman, serif;\"><span style=\"font-size: medium;\"> mesmo nas nossas barbas? Eu era ent\u00e3o uma adolescente tola e cheguei a sugerir surripiarmos os sapatos, por gra\u00e7a, mas acharam todos uma ideia parva e eu calei-me, envergonhada. A minha m\u00e3e apostava que eram jovens, um casalinho de f\u00e9rias, sem dinheiro para pens\u00f5es. Mas h\u00e1 um parque de campismo aqui mesmo ao lado!, respondia o meu irm\u00e3o. Talvez tivessem fugido de casa, talvez um deles fosse menor de idade. Ali tinha de haver hist\u00f3ria. N\u00e3o os cheg\u00e1mos nunca a ver. De manh\u00e3, quando sa\u00edamos de casa, os t\u00e9nis estavam l\u00e1, e nunca os v\u00edamos regressar, sab\u00edamos apenas que recolhiam cedo \u00e0 privacidade da carrinha, e que n\u00e3o era para dormir.<\/span><\/span><\/p>\n<p align=\"justify\"><span style=\"font-family: Times New Roman, serif;\"><span style=\"font-size: medium;\">C\u00e9line Dion, que confessa a sua tend\u00eancia para a acumula\u00e7\u00e3o, guarda a sua desmesurada colec\u00e7\u00e3o de sapatos num armaz\u00e9m em Las Vegas. Hoje penso que deveria ter guardado pelo menos um par das minhas botas ortop\u00e9dicas, para recorda\u00e7\u00e3o desse desconforto por que passei. O \u00fanico cal\u00e7ado que guardei, muito em segredo, e durante mais anos do que quero confessar, foram dois pares de t\u00e9nis que roubei certa madrugada, h\u00e1 muito tempo de sob uma misteriosa carrinha de caixa fechada. Chiu. N\u00e3o contem a ningu\u00e9m, est\u00e1 bem?<\/span><\/span><\/p>\n<p align=\"justify\"><span style=\"font-family: Times New Roman, serif;\"><span style=\"font-size: medium;\">Se me \u00e9 permitido deixar um conselho \u00e0s adolescentes que venham a ler estas palavras, possivelmente aqui chegadas enganadas pelo t\u00edtulo e julgando que se trata de uma cr\u00f3nica sobre sapatos e moda, aqui vai: <\/span><\/span><\/p>\n<p align=\"justify\"><span style=\"font-family: Times New Roman, serif;\"><span style=\"font-size: medium;\">Evitem toda e qualquer forma de cal\u00e7ado mortificante e prefiram, para caminhar vida fora, o descomplexado conforto de sapatos amigos dos vossos p\u00e9s. Por exemplo, um bom par de t\u00e9nis\u2026<\/span><\/span><\/p>\n<div class=\"fb-background-color\">\n\t\t\t  <div \n\t\t\t  \tclass = \"fb-comments\" \n\t\t\t  \tdata-href = \"https:\/\/www.entroncamentoonline.pt\/portal\/cronica-de-evelina-gaspar-sapatos-ha-muitos\/\"\n\t\t\t  \tdata-numposts = \"10\"\n\t\t\t  \tdata-lazy = \"true\"\n\t\t\t\tdata-colorscheme = \"light\"\n\t\t\t\tdata-order-by = \"social\"\n\t\t\t\tdata-mobile=true>\n\t\t\t  <\/div><\/div>\n\t\t  <style>\n\t\t    .fb-background-color {\n\t\t\t\tbackground:  !important;\n\t\t\t}\n\t\t\t.fb_iframe_widget_fluid_desktop iframe {\n\t\t\t    width: 100% !important;\n\t\t\t}\n\t\t  <\/style>\n\t\t  ","protected":false},"excerpt":{"rendered":"<p>Quantos sapatos cal\u00e7a algu\u00e9m no decorrer de uma vida? Dezenas? Centenas? Milhares? C\u00e9line Dion, que voltou aos palcos recentemente ap\u00f3s uma doen\u00e7a neurol\u00f3gica rara ter imposto o seu afastamento, revelou possuir mais de dez mil pares de sapatos, o que d\u00e1 que pensar. Quanto a mim, n\u00e3o devo ter mais de uma d\u00fazia, quatro deles [&hellip;]<\/p>\n","protected":false},"author":48,"featured_media":64467,"comment_status":"open","ping_status":"closed","sticky":false,"template":"","format":"standard","meta":{"_acf_changed":false,"footnotes":""},"categories":[56,55,139,206],"tags":[],"class_list":{"0":"post-64464","1":"post","2":"type-post","3":"status-publish","4":"format-standard","5":"has-post-thumbnail","7":"category-1apagina","8":"category-cronica","9":"category-cronica-eol","10":"category-evelina-gaspar"},"acf":[],"_links":{"self":[{"href":"https:\/\/www.entroncamentoonline.pt\/portal\/wp-json\/wp\/v2\/posts\/64464","targetHints":{"allow":["GET"]}}],"collection":[{"href":"https:\/\/www.entroncamentoonline.pt\/portal\/wp-json\/wp\/v2\/posts"}],"about":[{"href":"https:\/\/www.entroncamentoonline.pt\/portal\/wp-json\/wp\/v2\/types\/post"}],"author":[{"embeddable":true,"href":"https:\/\/www.entroncamentoonline.pt\/portal\/wp-json\/wp\/v2\/users\/48"}],"replies":[{"embeddable":true,"href":"https:\/\/www.entroncamentoonline.pt\/portal\/wp-json\/wp\/v2\/comments?post=64464"}],"version-history":[{"count":0,"href":"https:\/\/www.entroncamentoonline.pt\/portal\/wp-json\/wp\/v2\/posts\/64464\/revisions"}],"wp:featuredmedia":[{"embeddable":true,"href":"https:\/\/www.entroncamentoonline.pt\/portal\/wp-json\/wp\/v2\/media\/64467"}],"wp:attachment":[{"href":"https:\/\/www.entroncamentoonline.pt\/portal\/wp-json\/wp\/v2\/media?parent=64464"}],"wp:term":[{"taxonomy":"category","embeddable":true,"href":"https:\/\/www.entroncamentoonline.pt\/portal\/wp-json\/wp\/v2\/categories?post=64464"},{"taxonomy":"post_tag","embeddable":true,"href":"https:\/\/www.entroncamentoonline.pt\/portal\/wp-json\/wp\/v2\/tags?post=64464"}],"curies":[{"name":"wp","href":"https:\/\/api.w.org\/{rel}","templated":true}]}}