{"id":64443,"date":"2024-10-28T11:00:03","date_gmt":"2024-10-28T11:00:03","guid":{"rendered":"https:\/\/www.entroncamentoonline.pt\/portal\/?p=64443"},"modified":"2024-10-28T09:57:08","modified_gmt":"2024-10-28T09:57:08","slug":"cronica-os-telhados-e-as-arvores-depois-de-passados-a-verniz","status":"publish","type":"post","link":"https:\/\/www.entroncamentoonline.pt\/portal\/cronica-os-telhados-e-as-arvores-depois-de-passados-a-verniz\/","title":{"rendered":"Cr\u00f3nica: Os telhados e as \u00e1rvores depois de passados a verniz"},"content":{"rendered":"<p align=\"left\"><span style=\"font-family: Liberation Serif, serif;\"><span style=\"font-size: medium;\">Sobre a secret\u00e1ria onde costumo escrever, existem uns quantos objetos que podiam ser da fam\u00edlia dos aeroportos ou das c\u00e1psulas do tempo. Por vezes, ao pegar na caneta, n\u00e3o sei bem para onde ir, e essa \u00e9 uma realidade que assumo com absoluta sinceridade.<\/span><\/span><\/p>\n<p align=\"left\"><span style=\"font-family: Liberation Serif, serif;\"><span style=\"font-size: medium;\">Com o passar dos anos, tenho aprendido a contrariar tal condi\u00e7\u00e3o, obrigando-me a entrar no escuro, qual mineiro em busca do brilho de pequenas pepitas. De caneta \u00e0s costas, l\u00e1 vou avan\u00e7ando \u00e0s cegas, confiante de que alguma palavra, frase ou ideia, haver\u00e1 de me cintilar no caminho.<\/span><\/span><\/p>\n<p align=\"left\"><span style=\"font-family: Liberation Serif, serif;\"><span style=\"font-size: medium;\">Palavra de honra que n\u00e3o entendo, mas por norma, nestas incurs\u00f5es pelo escuro, acabo por me fascinar por coisinhas simples, que ningu\u00e9m liga. Quase sempre gestos mundanos, muito discretos e praticamente impercet\u00edveis, banalidades que se empoleiram por mim acima, que recebo com o mesmo encanto de um menino a apanhar pirilampos, sempre cheio de medo que a sua luz se extinga. <\/span><\/span><\/p>\n<p align=\"left\"><span style=\"font-family: Liberation Serif, serif;\"><span style=\"font-size: medium;\">Obviamente, tamb\u00e9m me acontecem dias de maior sorte, onde me cruzo com gente carregada de infinita poesia. Solit\u00e1rios cheios de pluralidades, pessoas que num suspiro esvaziam o peito todo, ou, at\u00e9, o vislumbre de uma mulher a ler um livro com uma nesga de ombro ao sol, e essa, acreditem, \u00e9 a beleza para l\u00e1 da possibilidade.<\/span><\/span><\/p>\n<p align=\"left\"><span style=\"font-family: Liberation Serif, serif;\"><span style=\"font-size: medium;\">Acontece que, na grande maioria das vezes, estou somente aqui, isolado nesta secret\u00e1ria, a espalmar as m\u00e3os nos olhos, ao mesmo tempo que vou escrevendo p\u00e1ginas com imenso carinho e cuidado, mesmo sabendo que, no fim da noite, tudo estar\u00e1 amarfanhado no cesto dos pap\u00e9is. E \u00e9 nos momentos em que escrever se aproxima do deserto, naqueles em que a d\u00favida avan\u00e7a com dentes de le\u00e3o, que os objetos em cima da secret\u00e1ria me resgatam para lugares subterr\u00e2neos, onde a luz se multiplica sempre e as palavras me voltam \u00e0 cor. \u00c9 uma quest\u00e3o de pr\u00e1tica e levou o seu tempo. <\/span><\/span><\/p>\n<p align=\"left\"><span style=\"font-family: Liberation Serif, serif;\"><span style=\"font-size: medium;\">Agora, por exemplo, um anelzinho que me ofereceram, uma rosa dos desertos que trouxe da Tun\u00edsia, umas quantas fotografias, a caneta com que assino os livros desde que ando \u201cnisto\u201d. E, como quem n\u00e3o quer a coisa, pousado entre duas torres de livros, est\u00e1 o rel\u00f3gio de pulso que o meu querido av\u00f4 Jo\u00e3o usou toda a sua vida. Olho-o e, em poucos segundos, entro numa outra realidade. Acendem-se em mim uma catadupa de mem\u00f3rias, todas elas a quererem chegar-se \u00e0 frente, procurando que as relembre e acenda, porque n\u00e3o h\u00e1 outra maneira de combater o esquecimento. Curiosamente, h\u00e1 uma mais persistente, muito n\u00edtida, que se destaca das outras (talvez por hoje estar a chover). <\/span><\/span><\/p>\n<p align=\"left\"><span style=\"font-family: Liberation Serif, serif;\"><span style=\"font-size: medium;\">O meu av\u00f4, em frente ao janel\u00e3o da cozinha, a dizer-me com uma express\u00e3o de espanto:<\/span><\/span><\/p>\n<p align=\"left\"><span style=\"font-family: Liberation Serif, serif;\"><span style=\"font-size: medium;\"><i>&#8211; Gosto muito de olhar l\u00e1 para fora depois da chuva passar!<\/i><\/span><\/span><\/p>\n<p align=\"left\"><span style=\"font-family: Liberation Serif, serif;\"><span style=\"font-size: medium;\"><i>&#8211; Por que dizes isso, av\u00f4?<\/i><\/span><\/span><\/p>\n<p align=\"left\"><span style=\"font-family: Liberation Serif, serif;\"><span style=\"font-size: medium;\"><i>&#8211; Porque me parece sempre que os telhados e as \u00e1rvores foram passados a verniz!<\/i><\/span><\/span><\/p>\n<p align=\"left\"><span style=\"font-family: Liberation Serif, serif;\"><span style=\"font-size: medium;\">Acabei por lhe responder que tamb\u00e9m j\u00e1 tinha reparado, quando, na verdade, nem sequer tinha pensado nisso. \u00c0 medida que me aproximo dele, para entrar na sua realidade, avisto l\u00e1 fora um pombo, numa leveza de sonho, a pousar num galho molhado da oliveira. E aquele momento atravessou-me e ficou-me c\u00e1 dentro.<\/span><\/span><\/p>\n<p align=\"left\"><span style=\"font-family: Liberation Serif, serif;\"><span style=\"font-size: medium;\">Por estes dias a chuva j\u00e1 anda por todo o lado, a envernizar os jardins e as casas<\/span><\/span><\/p>\n<p align=\"left\"><span style=\"font-family: Liberation Serif, serif;\"><span style=\"font-size: medium;\">com o brilho do inverno. As pessoas arrumam-se nos apartamentos, muito encolhidas nos sof\u00e1s, para que o quente n\u00e3o lhes fuja. Est\u00e3o para ali, com os olhos fixos nos televisores ou nos telem\u00f3veis, inventando formas de encher sil\u00eancio antes de se deitarem para dormir. H\u00e1 os que sentem qualquer coisa a arder por dentro e fazem amor, que \u00e9 uma esp\u00e9cie de dan\u00e7a onde n\u00e3o se leva a mal os apalp\u00f5es. H\u00e1 tamb\u00e9m os que trocam olhares e palavrinhas com os mortos nos retratos, puxando-os para si. Depois, bem\u2026 depois h\u00e1 os que olham para rel\u00f3gios velhos, onde os ponteiros ainda batem, <\/span><span style=\"font-size: medium;\"><i>pum-pum, pum-pum,<\/i><\/span><span style=\"font-size: medium;\"> qual cora\u00e7\u00e3o cheio de asas.<\/span><\/span><\/p>\n<p align=\"left\"><span style=\"font-family: Liberation Serif, serif;\"><span style=\"font-size: medium;\">S\u00e3o t\u00e3o bonitos os telhados e as \u00e1rvores depois de passados a verniz! <\/span><\/span><\/p>\n<p align=\"left\"><span style=\"font-family: Liberation Serif, serif;\"><span style=\"font-size: medium;\">N\u00e3o acham?!<\/span><\/span><\/p>\n<p align=\"left\"><strong><span style=\"font-family: Liberation Serif, serif;\"><span style=\"font-size: medium;\">Telmo Mendes<\/span><\/span><\/strong><\/p>\n<p align=\"left\"><em>Siga o trabalho do escritor em<\/em><\/p>\n<p align=\"justify\"><span style=\"color: #0563c1;\"><u><a href=\"https:\/\/www.facebook.com\/pelopeitoadentro\/\"><span style=\"font-family: Times New Roman, serif;\"><span style=\"font-size: medium;\">https:\/\/www.facebook.com\/pelopeitoadentro\/<\/span><\/span><\/a><\/u><\/span><\/p>\n<p align=\"justify\"><span style=\"color: #0563c1;\"><u><a href=\"https:\/\/www.instagram.com\/telmo.mendes.writer\/\"><span style=\"font-family: Times New Roman, serif;\"><span style=\"font-size: medium;\">https:\/\/www.instagram.com\/telmo.mendes.writer\/<\/span><\/span><\/a><\/u><\/span><\/p>\n<p align=\"justify\">\n<div class=\"fb-background-color\">\n\t\t\t  <div \n\t\t\t  \tclass = \"fb-comments\" \n\t\t\t  \tdata-href = \"https:\/\/www.entroncamentoonline.pt\/portal\/cronica-os-telhados-e-as-arvores-depois-de-passados-a-verniz\/\"\n\t\t\t  \tdata-numposts = \"10\"\n\t\t\t  \tdata-lazy = \"true\"\n\t\t\t\tdata-colorscheme = \"light\"\n\t\t\t\tdata-order-by = \"social\"\n\t\t\t\tdata-mobile=true>\n\t\t\t  <\/div><\/div>\n\t\t  <style>\n\t\t    .fb-background-color {\n\t\t\t\tbackground:  !important;\n\t\t\t}\n\t\t\t.fb_iframe_widget_fluid_desktop iframe {\n\t\t\t    width: 100% !important;\n\t\t\t}\n\t\t  <\/style>\n\t\t  ","protected":false},"excerpt":{"rendered":"<p>Sobre a secret\u00e1ria onde costumo escrever, existem uns quantos objetos que podiam ser da fam\u00edlia dos aeroportos ou das c\u00e1psulas do tempo. Por vezes, ao pegar na caneta, n\u00e3o sei bem para onde ir, e essa \u00e9 uma realidade que assumo com absoluta sinceridade. Com o passar dos anos, tenho aprendido a contrariar tal condi\u00e7\u00e3o, [&hellip;]<\/p>\n","protected":false},"author":44,"featured_media":64444,"comment_status":"open","ping_status":"closed","sticky":false,"template":"","format":"standard","meta":{"_acf_changed":false,"footnotes":""},"categories":[56,55,139,204],"tags":[],"class_list":{"0":"post-64443","1":"post","2":"type-post","3":"status-publish","4":"format-standard","5":"has-post-thumbnail","7":"category-1apagina","8":"category-cronica","9":"category-cronica-eol","10":"category-telmo-mendes-cronica"},"acf":[],"_links":{"self":[{"href":"https:\/\/www.entroncamentoonline.pt\/portal\/wp-json\/wp\/v2\/posts\/64443","targetHints":{"allow":["GET"]}}],"collection":[{"href":"https:\/\/www.entroncamentoonline.pt\/portal\/wp-json\/wp\/v2\/posts"}],"about":[{"href":"https:\/\/www.entroncamentoonline.pt\/portal\/wp-json\/wp\/v2\/types\/post"}],"author":[{"embeddable":true,"href":"https:\/\/www.entroncamentoonline.pt\/portal\/wp-json\/wp\/v2\/users\/44"}],"replies":[{"embeddable":true,"href":"https:\/\/www.entroncamentoonline.pt\/portal\/wp-json\/wp\/v2\/comments?post=64443"}],"version-history":[{"count":0,"href":"https:\/\/www.entroncamentoonline.pt\/portal\/wp-json\/wp\/v2\/posts\/64443\/revisions"}],"wp:featuredmedia":[{"embeddable":true,"href":"https:\/\/www.entroncamentoonline.pt\/portal\/wp-json\/wp\/v2\/media\/64444"}],"wp:attachment":[{"href":"https:\/\/www.entroncamentoonline.pt\/portal\/wp-json\/wp\/v2\/media?parent=64443"}],"wp:term":[{"taxonomy":"category","embeddable":true,"href":"https:\/\/www.entroncamentoonline.pt\/portal\/wp-json\/wp\/v2\/categories?post=64443"},{"taxonomy":"post_tag","embeddable":true,"href":"https:\/\/www.entroncamentoonline.pt\/portal\/wp-json\/wp\/v2\/tags?post=64443"}],"curies":[{"name":"wp","href":"https:\/\/api.w.org\/{rel}","templated":true}]}}