{"id":64378,"date":"2024-10-22T09:49:13","date_gmt":"2024-10-22T08:49:13","guid":{"rendered":"https:\/\/www.entroncamentoonline.pt\/portal\/?p=64378"},"modified":"2024-10-22T09:49:13","modified_gmt":"2024-10-22T08:49:13","slug":"vn-barquinha-a-mesa-com-azeite-regressa-aos-restaurantes-do-concelho","status":"publish","type":"post","link":"https:\/\/www.entroncamentoonline.pt\/portal\/vn-barquinha-a-mesa-com-azeite-regressa-aos-restaurantes-do-concelho\/","title":{"rendered":"VN Barquinha: \u00c0 Mesa com Azeite regressa aos restaurantes do concelho"},"content":{"rendered":"<p>A edi\u00e7\u00e3o de 2024 de \u201c\u00c0 Mesa com Azeite\u201d vai contar com oito restaurantes aderentes e durante um m\u00eas, v\u00e3o dar o azeite a provar como entrada e servir\u00e3o pratos como Petingas no forno, Polvo \u00e0 Lagareiro, Sopa de couve e muitas outras receitas que t\u00eam no azeite um denominador comum.<\/p>\n<p>A mostra gastron\u00f3mica foi criada em 1999 com o objetivo de diversificar a oferta tur\u00edstica, como complemento de visita\u00e7\u00e3o aos muitos atrativos, homenageando em simult\u00e2neo este ingrediente emblem\u00e1tico na hist\u00f3ria do concelho.<\/p>\n<p>Desde h\u00e1 s\u00e9culos presentes na paisagem destas terras, as oliveiras e os seus frutos negros integram desde sempre a her\u00e1ldica do Munic\u00edpio, fator demonstrativo da sua import\u00e2ncia na economia local.<br \/>\nA iniciativa da C\u00e2mara Municipal pretende real\u00e7ar a import\u00e2ncia do produto neste territ\u00f3rio, em tempos um imenso e generoso olival que fornecia mat\u00e9ria-prima para alimentar a labora\u00e7\u00e3o de cerca de duas dezenas de lagares.<\/p>\n<p>A degusta\u00e7\u00e3o do azeite \u00e0 mesa \u00e9 a melhor forma de preservar esta mem\u00f3ria. Durante um m\u00eas, os restaurantes aderentes d\u00e3o o azeite a provar como entrada e servem pratos como Petingas no forno, Polvo \u00e0 Lagareiro, Sopa de couve e muitas outras receitas que t\u00eam no azeite um denominador comum.<\/p>\n<p>A autarquia quer tamb\u00e9m divulgar este produto saud\u00e1vel e caracter\u00edstico da dieta mediterr\u00e2nica, Patrim\u00f3nio Cultural Imaterial da Humanidade.<\/p>\n<p>Os restaurantes aderentes s\u00e3o o Almourol, Caf\u00e9 Estrela, Loreto, Stop, O Remo, Trindade, Ribeirinho e Tasquinha da Ad\u00e9lia.<\/p>\n<p>No dia 7 de dezembro, pelas 15h00 h\u00e1 lugar a uma visita guiada ao Lagar do Casalinho, com transporte em autocarro desde o Centro Cultural da vila. As inscri\u00e7\u00f5es podem ser feitas atrav\u00e9s do e-mail <a href=\"mailto:turismo@cm-vnbarquinha.pt\">turismo@cm-vnbarquinha.pt<\/a> ou do n\u00famero 249720358.<\/p>\n<div class=\"fb-background-color\">\n\t\t\t  <div \n\t\t\t  \tclass = \"fb-comments\" \n\t\t\t  \tdata-href = \"https:\/\/www.entroncamentoonline.pt\/portal\/vn-barquinha-a-mesa-com-azeite-regressa-aos-restaurantes-do-concelho\/\"\n\t\t\t  \tdata-numposts = \"10\"\n\t\t\t  \tdata-lazy = \"true\"\n\t\t\t\tdata-colorscheme = \"light\"\n\t\t\t\tdata-order-by = \"social\"\n\t\t\t\tdata-mobile=true>\n\t\t\t  <\/div><\/div>\n\t\t  <style>\n\t\t    .fb-background-color {\n\t\t\t\tbackground:  !important;\n\t\t\t}\n\t\t\t.fb_iframe_widget_fluid_desktop iframe {\n\t\t\t    width: 100% !important;\n\t\t\t}\n\t\t  <\/style>\n\t\t  ","protected":false},"excerpt":{"rendered":"<p>A edi\u00e7\u00e3o de 2024 de \u201c\u00c0 Mesa com Azeite\u201d vai contar com oito restaurantes aderentes e durante um m\u00eas, v\u00e3o dar o azeite a provar como entrada e servir\u00e3o pratos como Petingas no forno, Polvo \u00e0 Lagareiro, Sopa de couve e muitas outras receitas que t\u00eam no azeite um denominador comum. A mostra gastron\u00f3mica foi [&hellip;]<\/p>\n","protected":false},"author":43,"featured_media":64379,"comment_status":"open","ping_status":"closed","sticky":false,"template":"","format":"standard","meta":{"_acf_changed":false,"footnotes":""},"categories":[56,31,99,68,32,38],"tags":[],"class_list":{"0":"post-64378","1":"post","2":"type-post","3":"status-publish","4":"format-standard","5":"has-post-thumbnail","7":"category-1apagina","8":"category-agenda","9":"category-agenda-2","10":"category-na-boa","11":"category-noticias","12":"category-v-n-barquinha"},"acf":[],"_links":{"self":[{"href":"https:\/\/www.entroncamentoonline.pt\/portal\/wp-json\/wp\/v2\/posts\/64378","targetHints":{"allow":["GET"]}}],"collection":[{"href":"https:\/\/www.entroncamentoonline.pt\/portal\/wp-json\/wp\/v2\/posts"}],"about":[{"href":"https:\/\/www.entroncamentoonline.pt\/portal\/wp-json\/wp\/v2\/types\/post"}],"author":[{"embeddable":true,"href":"https:\/\/www.entroncamentoonline.pt\/portal\/wp-json\/wp\/v2\/users\/43"}],"replies":[{"embeddable":true,"href":"https:\/\/www.entroncamentoonline.pt\/portal\/wp-json\/wp\/v2\/comments?post=64378"}],"version-history":[{"count":0,"href":"https:\/\/www.entroncamentoonline.pt\/portal\/wp-json\/wp\/v2\/posts\/64378\/revisions"}],"wp:featuredmedia":[{"embeddable":true,"href":"https:\/\/www.entroncamentoonline.pt\/portal\/wp-json\/wp\/v2\/media\/64379"}],"wp:attachment":[{"href":"https:\/\/www.entroncamentoonline.pt\/portal\/wp-json\/wp\/v2\/media?parent=64378"}],"wp:term":[{"taxonomy":"category","embeddable":true,"href":"https:\/\/www.entroncamentoonline.pt\/portal\/wp-json\/wp\/v2\/categories?post=64378"},{"taxonomy":"post_tag","embeddable":true,"href":"https:\/\/www.entroncamentoonline.pt\/portal\/wp-json\/wp\/v2\/tags?post=64378"}],"curies":[{"name":"wp","href":"https:\/\/api.w.org\/{rel}","templated":true}]}}