{"id":64041,"date":"2024-09-23T09:56:26","date_gmt":"2024-09-23T08:56:26","guid":{"rendered":"https:\/\/www.entroncamentoonline.pt\/portal\/?p=64041"},"modified":"2024-09-23T09:56:26","modified_gmt":"2024-09-23T08:56:26","slug":"na-ressaca-do-remember-entroncamento-2024-ja-ha-data-de-regresso-para-2025","status":"publish","type":"post","link":"https:\/\/www.entroncamentoonline.pt\/portal\/na-ressaca-do-remember-entroncamento-2024-ja-ha-data-de-regresso-para-2025\/","title":{"rendered":"Na \u201cressaca\u201d do Remember Entroncamento 2024, j\u00e1 h\u00e1 data de regresso para 2025"},"content":{"rendered":"<p>Milhares de pessoas acorreram ao Parque Ribeirinho de Vila Nova da Barquinha, no s\u00e1bado, dia 21, para a 9.\u00aa edi\u00e7\u00e3o do Remember Entroncamento, evento carregado de nostalgia com v\u00e1rios palcos dedicados \u00e0 m\u00fasica e cultura dos anos 70, 80 e 90.<\/p>\n<p><img loading=\"lazy\" decoding=\"async\" class=\"alignnone size-medium wp-image-64043\" src=\"https:\/\/www.entroncamentoonline.pt\/portal\/wp-content\/uploads\/2024\/09\/IMG_3099-800x534.jpeg\" alt=\"\" width=\"800\" height=\"534\" srcset=\"https:\/\/www.entroncamentoonline.pt\/portal\/wp-content\/uploads\/2024\/09\/IMG_3099-800x534.jpeg 800w, https:\/\/www.entroncamentoonline.pt\/portal\/wp-content\/uploads\/2024\/09\/IMG_3099-2024x1350.jpeg 2024w, https:\/\/www.entroncamentoonline.pt\/portal\/wp-content\/uploads\/2024\/09\/IMG_3099-768x512.jpeg 768w, https:\/\/www.entroncamentoonline.pt\/portal\/wp-content\/uploads\/2024\/09\/IMG_3099-1536x1024.jpeg 1536w, https:\/\/www.entroncamentoonline.pt\/portal\/wp-content\/uploads\/2024\/09\/IMG_3099-2048x1366.jpeg 2048w, https:\/\/www.entroncamentoonline.pt\/portal\/wp-content\/uploads\/2024\/09\/IMG_3099-696x464.jpeg 696w, https:\/\/www.entroncamentoonline.pt\/portal\/wp-content\/uploads\/2024\/09\/IMG_3099-1068x712.jpeg 1068w\" sizes=\"auto, (max-width: 800px) 100vw, 800px\" \/><\/p>\n<p>Um momento de descontra\u00e7\u00e3o que j\u00e1 faz parte da agenda anual da popula\u00e7\u00e3o da regi\u00e3o e que serve para recordar m\u00fasica e amigos e proporcionar reencontros.<\/p>\n<p>Logo ap\u00f3s o encerramento da edi\u00e7\u00e3o deste ano, a organiza\u00e7\u00e3o lan\u00e7ou a data para 2025, para dia 27 de setembro, real\u00e7ando que ser\u00e1 a d\u00e9cima edi\u00e7\u00e3o do evento e que a mesma ter\u00e1 de ser \u201chist\u00f3rica\u201d.<\/p>\n<p><img loading=\"lazy\" decoding=\"async\" class=\"alignnone size-medium wp-image-64044\" src=\"https:\/\/www.entroncamentoonline.pt\/portal\/wp-content\/uploads\/2024\/09\/IMG_3102-800x534.jpeg\" alt=\"\" width=\"800\" height=\"534\" srcset=\"https:\/\/www.entroncamentoonline.pt\/portal\/wp-content\/uploads\/2024\/09\/IMG_3102-800x534.jpeg 800w, https:\/\/www.entroncamentoonline.pt\/portal\/wp-content\/uploads\/2024\/09\/IMG_3102-2024x1350.jpeg 2024w, https:\/\/www.entroncamentoonline.pt\/portal\/wp-content\/uploads\/2024\/09\/IMG_3102-768x512.jpeg 768w, https:\/\/www.entroncamentoonline.pt\/portal\/wp-content\/uploads\/2024\/09\/IMG_3102-1536x1024.jpeg 1536w, https:\/\/www.entroncamentoonline.pt\/portal\/wp-content\/uploads\/2024\/09\/IMG_3102-2048x1366.jpeg 2048w, https:\/\/www.entroncamentoonline.pt\/portal\/wp-content\/uploads\/2024\/09\/IMG_3102-696x464.jpeg 696w, https:\/\/www.entroncamentoonline.pt\/portal\/wp-content\/uploads\/2024\/09\/IMG_3102-1068x712.jpeg 1068w, https:\/\/www.entroncamentoonline.pt\/portal\/wp-content\/uploads\/2024\/09\/IMG_3102-1920x1281.jpeg 1920w, https:\/\/www.entroncamentoonline.pt\/portal\/wp-content\/uploads\/2024\/09\/IMG_3102-630x420.jpeg 630w\" sizes=\"auto, (max-width: 800px) 100vw, 800px\" \/><\/p>\n<p>Recorde-se que a primeira edi\u00e7\u00e3o do Remember realizou-se em 2014, na Quinta das Vendas, no Entroncamento.<\/p>\n<p><img loading=\"lazy\" decoding=\"async\" class=\"alignnone size-medium wp-image-64045\" src=\"https:\/\/www.entroncamentoonline.pt\/portal\/wp-content\/uploads\/2024\/09\/IMG_3115-800x534.jpeg\" alt=\"\" width=\"800\" height=\"534\" srcset=\"https:\/\/www.entroncamentoonline.pt\/portal\/wp-content\/uploads\/2024\/09\/IMG_3115-800x534.jpeg 800w, https:\/\/www.entroncamentoonline.pt\/portal\/wp-content\/uploads\/2024\/09\/IMG_3115-2024x1350.jpeg 2024w, https:\/\/www.entroncamentoonline.pt\/portal\/wp-content\/uploads\/2024\/09\/IMG_3115-768x512.jpeg 768w, https:\/\/www.entroncamentoonline.pt\/portal\/wp-content\/uploads\/2024\/09\/IMG_3115-1536x1024.jpeg 1536w, https:\/\/www.entroncamentoonline.pt\/portal\/wp-content\/uploads\/2024\/09\/IMG_3115-2048x1366.jpeg 2048w, https:\/\/www.entroncamentoonline.pt\/portal\/wp-content\/uploads\/2024\/09\/IMG_3115-696x464.jpeg 696w, https:\/\/www.entroncamentoonline.pt\/portal\/wp-content\/uploads\/2024\/09\/IMG_3115-1068x712.jpeg 1068w, https:\/\/www.entroncamentoonline.pt\/portal\/wp-content\/uploads\/2024\/09\/IMG_3115-1920x1281.jpeg 1920w, https:\/\/www.entroncamentoonline.pt\/portal\/wp-content\/uploads\/2024\/09\/IMG_3115-630x420.jpeg 630w\" sizes=\"auto, (max-width: 800px) 100vw, 800px\" \/><\/p>\n<p><em>Texto e fotos: Ricardo Alves<\/em><\/p>\n<div class=\"fb-background-color\">\n\t\t\t  <div \n\t\t\t  \tclass = \"fb-comments\" \n\t\t\t  \tdata-href = \"https:\/\/www.entroncamentoonline.pt\/portal\/na-ressaca-do-remember-entroncamento-2024-ja-ha-data-de-regresso-para-2025\/\"\n\t\t\t  \tdata-numposts = \"10\"\n\t\t\t  \tdata-lazy = \"true\"\n\t\t\t\tdata-colorscheme = \"light\"\n\t\t\t\tdata-order-by = \"social\"\n\t\t\t\tdata-mobile=true>\n\t\t\t  <\/div><\/div>\n\t\t  <style>\n\t\t    .fb-background-color {\n\t\t\t\tbackground:  !important;\n\t\t\t}\n\t\t\t.fb_iframe_widget_fluid_desktop iframe {\n\t\t\t    width: 100% !important;\n\t\t\t}\n\t\t  <\/style>\n\t\t  ","protected":false},"excerpt":{"rendered":"<p>Milhares de pessoas acorreram ao Parque Ribeirinho de Vila Nova da Barquinha, no s\u00e1bado, dia 21, para a 9.\u00aa edi\u00e7\u00e3o do Remember Entroncamento, evento carregado de nostalgia com v\u00e1rios palcos dedicados \u00e0 m\u00fasica e cultura dos anos 70, 80 e 90. Um momento de descontra\u00e7\u00e3o que j\u00e1 faz parte da agenda anual da popula\u00e7\u00e3o da [&hellip;]<\/p>\n","protected":false},"author":43,"featured_media":64042,"comment_status":"open","ping_status":"closed","sticky":false,"template":"","format":"standard","meta":{"_acf_changed":false,"footnotes":""},"categories":[56,54,26,75,48,38],"tags":[],"class_list":{"0":"post-64041","1":"post","2":"type-post","3":"status-publish","4":"format-standard","5":"has-post-thumbnail","7":"category-1apagina","8":"category-cultura","9":"category-entroncamento","10":"category-medio-tejo","11":"category-regiao","12":"category-v-n-barquinha"},"acf":[],"_links":{"self":[{"href":"https:\/\/www.entroncamentoonline.pt\/portal\/wp-json\/wp\/v2\/posts\/64041","targetHints":{"allow":["GET"]}}],"collection":[{"href":"https:\/\/www.entroncamentoonline.pt\/portal\/wp-json\/wp\/v2\/posts"}],"about":[{"href":"https:\/\/www.entroncamentoonline.pt\/portal\/wp-json\/wp\/v2\/types\/post"}],"author":[{"embeddable":true,"href":"https:\/\/www.entroncamentoonline.pt\/portal\/wp-json\/wp\/v2\/users\/43"}],"replies":[{"embeddable":true,"href":"https:\/\/www.entroncamentoonline.pt\/portal\/wp-json\/wp\/v2\/comments?post=64041"}],"version-history":[{"count":0,"href":"https:\/\/www.entroncamentoonline.pt\/portal\/wp-json\/wp\/v2\/posts\/64041\/revisions"}],"wp:featuredmedia":[{"embeddable":true,"href":"https:\/\/www.entroncamentoonline.pt\/portal\/wp-json\/wp\/v2\/media\/64042"}],"wp:attachment":[{"href":"https:\/\/www.entroncamentoonline.pt\/portal\/wp-json\/wp\/v2\/media?parent=64041"}],"wp:term":[{"taxonomy":"category","embeddable":true,"href":"https:\/\/www.entroncamentoonline.pt\/portal\/wp-json\/wp\/v2\/categories?post=64041"},{"taxonomy":"post_tag","embeddable":true,"href":"https:\/\/www.entroncamentoonline.pt\/portal\/wp-json\/wp\/v2\/tags?post=64041"}],"curies":[{"name":"wp","href":"https:\/\/api.w.org\/{rel}","templated":true}]}}