{"id":64017,"date":"2024-09-19T13:16:37","date_gmt":"2024-09-19T12:16:37","guid":{"rendered":"https:\/\/www.entroncamentoonline.pt\/portal\/?p=64017"},"modified":"2024-09-23T10:40:57","modified_gmt":"2024-09-23T09:40:57","slug":"vn-barquinha-novo-mini-mercado-inaugurado-numa-das-zonas-mais-densamente-populacionais-do-concelho","status":"publish","type":"post","link":"https:\/\/www.entroncamentoonline.pt\/portal\/vn-barquinha-novo-mini-mercado-inaugurado-numa-das-zonas-mais-densamente-populacionais-do-concelho\/","title":{"rendered":"VN Barquinha: novo mini mercado inaugurado numa das zonas mais densamente populadas do concelho"},"content":{"rendered":"<p>No Alto da Fonte, surge um novo neg\u00f3cio. Um que muitos dos que vivem na urbaniza\u00e7\u00e3o imediatamente a norte da linha ferrovi\u00e1ria, vinham desejando.<\/p>\n<p><img loading=\"lazy\" decoding=\"async\" class=\"alignnone size-medium wp-image-64019\" src=\"https:\/\/www.entroncamentoonline.pt\/portal\/wp-content\/uploads\/2024\/09\/IMG_20240919_123233-800x360.jpg\" alt=\"\" width=\"800\" height=\"360\" srcset=\"https:\/\/www.entroncamentoonline.pt\/portal\/wp-content\/uploads\/2024\/09\/IMG_20240919_123233-800x360.jpg 800w, https:\/\/www.entroncamentoonline.pt\/portal\/wp-content\/uploads\/2024\/09\/IMG_20240919_123233-2024x911.jpg 2024w, https:\/\/www.entroncamentoonline.pt\/portal\/wp-content\/uploads\/2024\/09\/IMG_20240919_123233-768x346.jpg 768w, https:\/\/www.entroncamentoonline.pt\/portal\/wp-content\/uploads\/2024\/09\/IMG_20240919_123233-1536x691.jpg 1536w, https:\/\/www.entroncamentoonline.pt\/portal\/wp-content\/uploads\/2024\/09\/IMG_20240919_123233-2048x922.jpg 2048w, https:\/\/www.entroncamentoonline.pt\/portal\/wp-content\/uploads\/2024\/09\/IMG_20240919_123233-696x313.jpg 696w, https:\/\/www.entroncamentoonline.pt\/portal\/wp-content\/uploads\/2024\/09\/IMG_20240919_123233-1068x481.jpg 1068w, https:\/\/www.entroncamentoonline.pt\/portal\/wp-content\/uploads\/2024\/09\/IMG_20240919_123233-1920x864.jpg 1920w, https:\/\/www.entroncamentoonline.pt\/portal\/wp-content\/uploads\/2024\/09\/IMG_20240919_123233-933x420.jpg 933w\" sizes=\"auto, (max-width: 800px) 100vw, 800px\" \/><\/p>\n<p>A inaugura\u00e7\u00e3o de um mini mercado ocorreu hoje, sem pompa nem circunst\u00e2ncia, mas com qualidade e com produtos essenciais e outros.<\/p>\n<p>Os empreendedores s\u00e3o de Tomar, F\u00e1bio e Daniela Gomes. Dois jovens que pretendem viver no concelho de Vila Nova da Barquinha.<\/p>\n<p><img loading=\"lazy\" decoding=\"async\" class=\"alignnone size-medium wp-image-64020\" src=\"https:\/\/www.entroncamentoonline.pt\/portal\/wp-content\/uploads\/2024\/09\/IMG_20240919_123241-800x360.jpg\" alt=\"\" width=\"800\" height=\"360\" srcset=\"https:\/\/www.entroncamentoonline.pt\/portal\/wp-content\/uploads\/2024\/09\/IMG_20240919_123241-800x360.jpg 800w, https:\/\/www.entroncamentoonline.pt\/portal\/wp-content\/uploads\/2024\/09\/IMG_20240919_123241-2024x911.jpg 2024w, https:\/\/www.entroncamentoonline.pt\/portal\/wp-content\/uploads\/2024\/09\/IMG_20240919_123241-768x346.jpg 768w, https:\/\/www.entroncamentoonline.pt\/portal\/wp-content\/uploads\/2024\/09\/IMG_20240919_123241-1536x691.jpg 1536w, https:\/\/www.entroncamentoonline.pt\/portal\/wp-content\/uploads\/2024\/09\/IMG_20240919_123241-2048x922.jpg 2048w, https:\/\/www.entroncamentoonline.pt\/portal\/wp-content\/uploads\/2024\/09\/IMG_20240919_123241-696x313.jpg 696w, https:\/\/www.entroncamentoonline.pt\/portal\/wp-content\/uploads\/2024\/09\/IMG_20240919_123241-1068x481.jpg 1068w, https:\/\/www.entroncamentoonline.pt\/portal\/wp-content\/uploads\/2024\/09\/IMG_20240919_123241-1920x864.jpg 1920w, https:\/\/www.entroncamentoonline.pt\/portal\/wp-content\/uploads\/2024\/09\/IMG_20240919_123241-933x420.jpg 933w\" sizes=\"auto, (max-width: 800px) 100vw, 800px\" \/><\/p>\n<p>A nova loja \u00e9 vizinha da Pastelaria Alto da Fonte e vai colmatar um nicho importante para os habitantes.<\/p>\n<div class=\"fb-background-color\">\n\t\t\t  <div \n\t\t\t  \tclass = \"fb-comments\" \n\t\t\t  \tdata-href = \"https:\/\/www.entroncamentoonline.pt\/portal\/vn-barquinha-novo-mini-mercado-inaugurado-numa-das-zonas-mais-densamente-populacionais-do-concelho\/\"\n\t\t\t  \tdata-numposts = \"10\"\n\t\t\t  \tdata-lazy = \"true\"\n\t\t\t\tdata-colorscheme = \"light\"\n\t\t\t\tdata-order-by = \"social\"\n\t\t\t\tdata-mobile=true>\n\t\t\t  <\/div><\/div>\n\t\t  <style>\n\t\t    .fb-background-color {\n\t\t\t\tbackground:  !important;\n\t\t\t}\n\t\t\t.fb_iframe_widget_fluid_desktop iframe {\n\t\t\t    width: 100% !important;\n\t\t\t}\n\t\t  <\/style>\n\t\t  ","protected":false},"excerpt":{"rendered":"<p>No Alto da Fonte, surge um novo neg\u00f3cio. Um que muitos dos que vivem na urbaniza\u00e7\u00e3o imediatamente a norte da linha ferrovi\u00e1ria, vinham desejando. A inaugura\u00e7\u00e3o de um mini mercado ocorreu hoje, sem pompa nem circunst\u00e2ncia, mas com qualidade e com produtos essenciais e outros. Os empreendedores s\u00e3o de Tomar, F\u00e1bio e Daniela Gomes. Dois [&hellip;]<\/p>\n","protected":false},"author":43,"featured_media":64018,"comment_status":"open","ping_status":"closed","sticky":false,"template":"","format":"standard","meta":{"_acf_changed":false,"footnotes":""},"categories":[56,38],"tags":[],"class_list":{"0":"post-64017","1":"post","2":"type-post","3":"status-publish","4":"format-standard","5":"has-post-thumbnail","7":"category-1apagina","8":"category-v-n-barquinha"},"acf":[],"_links":{"self":[{"href":"https:\/\/www.entroncamentoonline.pt\/portal\/wp-json\/wp\/v2\/posts\/64017","targetHints":{"allow":["GET"]}}],"collection":[{"href":"https:\/\/www.entroncamentoonline.pt\/portal\/wp-json\/wp\/v2\/posts"}],"about":[{"href":"https:\/\/www.entroncamentoonline.pt\/portal\/wp-json\/wp\/v2\/types\/post"}],"author":[{"embeddable":true,"href":"https:\/\/www.entroncamentoonline.pt\/portal\/wp-json\/wp\/v2\/users\/43"}],"replies":[{"embeddable":true,"href":"https:\/\/www.entroncamentoonline.pt\/portal\/wp-json\/wp\/v2\/comments?post=64017"}],"version-history":[{"count":0,"href":"https:\/\/www.entroncamentoonline.pt\/portal\/wp-json\/wp\/v2\/posts\/64017\/revisions"}],"wp:featuredmedia":[{"embeddable":true,"href":"https:\/\/www.entroncamentoonline.pt\/portal\/wp-json\/wp\/v2\/media\/64018"}],"wp:attachment":[{"href":"https:\/\/www.entroncamentoonline.pt\/portal\/wp-json\/wp\/v2\/media?parent=64017"}],"wp:term":[{"taxonomy":"category","embeddable":true,"href":"https:\/\/www.entroncamentoonline.pt\/portal\/wp-json\/wp\/v2\/categories?post=64017"},{"taxonomy":"post_tag","embeddable":true,"href":"https:\/\/www.entroncamentoonline.pt\/portal\/wp-json\/wp\/v2\/tags?post=64017"}],"curies":[{"name":"wp","href":"https:\/\/api.w.org\/{rel}","templated":true}]}}