{"id":63735,"date":"2024-08-07T11:25:35","date_gmt":"2024-08-07T10:25:35","guid":{"rendered":"https:\/\/www.entroncamentoonline.pt\/portal\/?p=63735"},"modified":"2024-08-07T11:25:35","modified_gmt":"2024-08-07T10:25:35","slug":"transito-condicionado-no-ic3-ate-9-de-agosto-entre-barquinha-e-entroncamento","status":"publish","type":"post","link":"https:\/\/www.entroncamentoonline.pt\/portal\/transito-condicionado-no-ic3-ate-9-de-agosto-entre-barquinha-e-entroncamento\/","title":{"rendered":"Tr\u00e2nsito condicionado no IC3 at\u00e9 9 de agosto entre Barquinha e Entroncamento"},"content":{"rendered":"<p>At\u00e9 9 de agosto o tr\u00e2nsito vai estar condicionado no itiner\u00e1rio Complementar (IC) 3, entre os quil\u00f3metros 77 e 82, nos concelhos do Entroncamento e Vila Nova da Barquinha, para trabalhos de repara\u00e7\u00e3o do pavimento, segundo informou a Infraestruturas de Portugal (IP).<\/p>\n<p>Em comunicado, a empresa explica que os trabalhos de\u00a0<em>\u201cbeneficia\u00e7\u00e3o das condi\u00e7\u00f5es de circula\u00e7\u00e3o e seguran\u00e7a no IC3\u201d<\/em>\u00a0ser\u00e3o executados entre as 7h00 e as 18h00.<\/p>\n<p>Durante estes trabalhos, a circula\u00e7\u00e3o de tr\u00e2nsito \u00e9 feita de forma alternada, com o apoio de sem\u00e1foros.<\/p>\n<div class=\"fb-background-color\">\n\t\t\t  <div \n\t\t\t  \tclass = \"fb-comments\" \n\t\t\t  \tdata-href = \"https:\/\/www.entroncamentoonline.pt\/portal\/transito-condicionado-no-ic3-ate-9-de-agosto-entre-barquinha-e-entroncamento\/\"\n\t\t\t  \tdata-numposts = \"10\"\n\t\t\t  \tdata-lazy = \"true\"\n\t\t\t\tdata-colorscheme = \"light\"\n\t\t\t\tdata-order-by = \"social\"\n\t\t\t\tdata-mobile=true>\n\t\t\t  <\/div><\/div>\n\t\t  <style>\n\t\t    .fb-background-color {\n\t\t\t\tbackground:  !important;\n\t\t\t}\n\t\t\t.fb_iframe_widget_fluid_desktop iframe {\n\t\t\t    width: 100% !important;\n\t\t\t}\n\t\t  <\/style>\n\t\t  ","protected":false},"excerpt":{"rendered":"<p>At\u00e9 9 de agosto o tr\u00e2nsito vai estar condicionado no itiner\u00e1rio Complementar (IC) 3, entre os quil\u00f3metros 77 e 82, nos concelhos do Entroncamento e Vila Nova da Barquinha, para trabalhos de repara\u00e7\u00e3o do pavimento, segundo informou a Infraestruturas de Portugal (IP). Em comunicado, a empresa explica que os trabalhos de\u00a0\u201cbeneficia\u00e7\u00e3o das condi\u00e7\u00f5es de circula\u00e7\u00e3o [&hellip;]<\/p>\n","protected":false},"author":43,"featured_media":63736,"comment_status":"open","ping_status":"closed","sticky":false,"template":"","format":"standard","meta":{"_acf_changed":false,"footnotes":""},"categories":[56,26,38],"tags":[],"class_list":{"0":"post-63735","1":"post","2":"type-post","3":"status-publish","4":"format-standard","5":"has-post-thumbnail","7":"category-1apagina","8":"category-entroncamento","9":"category-v-n-barquinha"},"acf":[],"_links":{"self":[{"href":"https:\/\/www.entroncamentoonline.pt\/portal\/wp-json\/wp\/v2\/posts\/63735","targetHints":{"allow":["GET"]}}],"collection":[{"href":"https:\/\/www.entroncamentoonline.pt\/portal\/wp-json\/wp\/v2\/posts"}],"about":[{"href":"https:\/\/www.entroncamentoonline.pt\/portal\/wp-json\/wp\/v2\/types\/post"}],"author":[{"embeddable":true,"href":"https:\/\/www.entroncamentoonline.pt\/portal\/wp-json\/wp\/v2\/users\/43"}],"replies":[{"embeddable":true,"href":"https:\/\/www.entroncamentoonline.pt\/portal\/wp-json\/wp\/v2\/comments?post=63735"}],"version-history":[{"count":0,"href":"https:\/\/www.entroncamentoonline.pt\/portal\/wp-json\/wp\/v2\/posts\/63735\/revisions"}],"wp:featuredmedia":[{"embeddable":true,"href":"https:\/\/www.entroncamentoonline.pt\/portal\/wp-json\/wp\/v2\/media\/63736"}],"wp:attachment":[{"href":"https:\/\/www.entroncamentoonline.pt\/portal\/wp-json\/wp\/v2\/media?parent=63735"}],"wp:term":[{"taxonomy":"category","embeddable":true,"href":"https:\/\/www.entroncamentoonline.pt\/portal\/wp-json\/wp\/v2\/categories?post=63735"},{"taxonomy":"post_tag","embeddable":true,"href":"https:\/\/www.entroncamentoonline.pt\/portal\/wp-json\/wp\/v2\/tags?post=63735"}],"curies":[{"name":"wp","href":"https:\/\/api.w.org\/{rel}","templated":true}]}}