{"id":6372,"date":"2019-05-03T22:23:07","date_gmt":"2019-05-03T21:23:07","guid":{"rendered":"https:\/\/www.entroncamentoonline.pt\/portal\/?p=6372"},"modified":"2019-05-24T23:59:09","modified_gmt":"2019-05-24T22:59:09","slug":"cds-nuno-melo-e-pedro-mota-soares-no-distrito-de-santarem","status":"publish","type":"post","link":"https:\/\/www.entroncamentoonline.pt\/portal\/cds-nuno-melo-e-pedro-mota-soares-no-distrito-de-santarem\/","title":{"rendered":"CDS | Nuno Melo e Pedro Mota Soares no distrito de Santar\u00e9m"},"content":{"rendered":"<p><span style=\"font-size: 10.0pt; font-family: 'Arial',sans-serif; color: black;\">Nuno Melo e Pedro Mota Soares, candidatos do CDS-PP \u00e0s Europeias 2019, visitaram hoje a Escola Profissional Gustave Eiffel \u2013 Entroncamento e a Santa Casa de Miseric\u00f3rdia de Rio Maior, no distrito de Santar\u00e9m, acompanhados pela deputada e presidente da Comiss\u00e3o Pol\u00edtica Distrital do CDS-PP, Patr\u00edcia Fonseca, e por outros dirigentes locais do partido.<\/span><span style=\"font-size: 10.0pt; font-family: 'Arial',sans-serif; color: black;\">\u00a0<\/span><\/p>\n<p><span style=\"font-size: 10.0pt; font-family: 'Arial',sans-serif; color: black;\">Segundo Nuno Melo a Gustave Eiffel \u00abesta escola \u00e9 um fant\u00e1stico exemplo de ensino profissional. D\u00e1 oportunidades a muitos jovens da regi\u00e3o e ajuda a qualificar muitas empresas de todo o distrito de Santar\u00e9m. Sabemos a import\u00e2ncia dos fundos comunit\u00e1rios para o funcionamento desta escola\u00bb.<\/span><span style=\"font-size: 10.0pt; font-family: 'Arial',sans-serif; color: black;\">\u00a0<\/span><\/p>\n<p><span style=\"font-size: 10.0pt; font-family: 'Arial',sans-serif; color: black;\">\u00abQueremos lutar em Bruxelas por mais dinheiro para Portugal e queremos que estas verbas sejam aplicadas na totalidade. Infelizmente, quando Portugal mais precisa, o PS desperdi\u00e7a. Queremos mais e melhor\u00bb, acrescentou o eurodeputado e cabe\u00e7a de lista do CDS-PP \u00e0s Europeias 2019.<\/span><span style=\"font-size: 10.0pt; font-family: 'Arial',sans-serif; color: black;\">\u00a0<\/span><\/p>\n<p><img loading=\"lazy\" decoding=\"async\" class=\"size-full wp-image-6373 aligncenter\" src=\"https:\/\/www.entroncamentoonline.pt\/portal\/wp-content\/uploads\/2019\/05\/Escola-profissional-Gustave-Eifel.jpeg\" alt=\"\" width=\"577\" height=\"433\" srcset=\"https:\/\/www.entroncamentoonline.pt\/portal\/wp-content\/uploads\/2019\/05\/Escola-profissional-Gustave-Eifel.jpeg 577w, https:\/\/www.entroncamentoonline.pt\/portal\/wp-content\/uploads\/2019\/05\/Escola-profissional-Gustave-Eifel-80x60.jpeg 80w, https:\/\/www.entroncamentoonline.pt\/portal\/wp-content\/uploads\/2019\/05\/Escola-profissional-Gustave-Eifel-265x198.jpeg 265w, https:\/\/www.entroncamentoonline.pt\/portal\/wp-content\/uploads\/2019\/05\/Escola-profissional-Gustave-Eifel-560x420.jpeg 560w\" sizes=\"auto, (max-width: 577px) 100vw, 577px\" \/><\/p>\n<p><span style=\"font-size: 10.0pt; font-family: 'Arial',sans-serif; color: black;\">A comitiva do CDS-PP seguiu depois para Rio Maior, onde visitou a Santa Casa da Miseric\u00f3rdia e o Lar Dr. Calado da Maia.<\/span><span style=\"color: black; font-family: Arial, sans-serif; font-size: 10pt;\">\u00a0<\/span><\/p>\n<p><span style=\"font-size: 10.0pt; font-family: 'Arial',sans-serif; color: black;\">\u00abQue grande institui\u00e7\u00e3o que \u00e9 a Santa Casa da Miseric\u00f3rdia de Rio Maior\u00bb, admitiu Nuno Melo, real\u00e7ando que a institui\u00e7\u00e3o d\u00e1 \u00abapoio social a quem mais precisa\u00bb e que \u00ab\u00e9 preciso apoiar quem d\u00e1 este apoio\u00bb.<\/span><span style=\"font-size: 10.0pt; font-family: 'Arial',sans-serif; color: black;\">\u00a0<\/span><\/p>\n<p><span style=\"font-size: 10.0pt; font-family: 'Arial',sans-serif; color: black;\">Nuno Melo frisou que \u00abo projeto do novo lar \u00e9 muito importante para Rio Maior e toda a regi\u00e3o\u00bb, acrescentado que \u00abo CDS-PP quer ser a voz de Portugal na Europa para poder canalizar mais fundos europeus para projetos sociais\u00bb.<\/span><span style=\"color: black; font-family: Arial, sans-serif; font-size: 10pt;\">\u00a0<\/span><\/p>\n<p><span style=\"font-size: 10.0pt; font-family: 'Arial',sans-serif; color: black;\">A visita prosseguiu com passagem pela Expoca\u00e7a, em Santar\u00e9m, a Silvex &#8211; Ind\u00fastria de Pl\u00e1sticos, em Benavente, e termina com uma passagem pela Feira \u201cSabores do Toiro Bravo\u201d, em Coruche.\u200b<\/span><\/p>\n<div class=\"fb-background-color\">\n\t\t\t  <div \n\t\t\t  \tclass = \"fb-comments\" \n\t\t\t  \tdata-href = \"https:\/\/www.entroncamentoonline.pt\/portal\/cds-nuno-melo-e-pedro-mota-soares-no-distrito-de-santarem\/\"\n\t\t\t  \tdata-numposts = \"10\"\n\t\t\t  \tdata-lazy = \"true\"\n\t\t\t\tdata-colorscheme = \"light\"\n\t\t\t\tdata-order-by = \"social\"\n\t\t\t\tdata-mobile=true>\n\t\t\t  <\/div><\/div>\n\t\t  <style>\n\t\t    .fb-background-color {\n\t\t\t\tbackground:  !important;\n\t\t\t}\n\t\t\t.fb_iframe_widget_fluid_desktop iframe {\n\t\t\t    width: 100% !important;\n\t\t\t}\n\t\t  <\/style>\n\t\t  ","protected":false},"excerpt":{"rendered":"<p>Nuno Melo e Pedro Mota Soares, candidatos do CDS-PP \u00e0s Europeias 2019, visitaram hoje a Escola Profissional Gustave Eiffel \u2013 Entroncamento e a Santa Casa de Miseric\u00f3rdia de Rio Maior, no distrito de Santar\u00e9m, acompanhados pela deputada e presidente da Comiss\u00e3o Pol\u00edtica Distrital do CDS-PP, Patr\u00edcia Fonseca, e por outros dirigentes locais do partido.\u00a0 Segundo [&hellip;]<\/p>\n","protected":false},"author":1,"featured_media":6374,"comment_status":"open","ping_status":"closed","sticky":false,"template":"","format":"standard","meta":{"_acf_changed":false,"footnotes":""},"categories":[1],"tags":[],"class_list":{"0":"post-6372","1":"post","2":"type-post","3":"status-publish","4":"format-standard","5":"has-post-thumbnail","7":"category-sem-categoria"},"acf":[],"_links":{"self":[{"href":"https:\/\/www.entroncamentoonline.pt\/portal\/wp-json\/wp\/v2\/posts\/6372","targetHints":{"allow":["GET"]}}],"collection":[{"href":"https:\/\/www.entroncamentoonline.pt\/portal\/wp-json\/wp\/v2\/posts"}],"about":[{"href":"https:\/\/www.entroncamentoonline.pt\/portal\/wp-json\/wp\/v2\/types\/post"}],"author":[{"embeddable":true,"href":"https:\/\/www.entroncamentoonline.pt\/portal\/wp-json\/wp\/v2\/users\/1"}],"replies":[{"embeddable":true,"href":"https:\/\/www.entroncamentoonline.pt\/portal\/wp-json\/wp\/v2\/comments?post=6372"}],"version-history":[{"count":0,"href":"https:\/\/www.entroncamentoonline.pt\/portal\/wp-json\/wp\/v2\/posts\/6372\/revisions"}],"wp:featuredmedia":[{"embeddable":true,"href":"https:\/\/www.entroncamentoonline.pt\/portal\/wp-json\/wp\/v2\/media\/6374"}],"wp:attachment":[{"href":"https:\/\/www.entroncamentoonline.pt\/portal\/wp-json\/wp\/v2\/media?parent=6372"}],"wp:term":[{"taxonomy":"category","embeddable":true,"href":"https:\/\/www.entroncamentoonline.pt\/portal\/wp-json\/wp\/v2\/categories?post=6372"},{"taxonomy":"post_tag","embeddable":true,"href":"https:\/\/www.entroncamentoonline.pt\/portal\/wp-json\/wp\/v2\/tags?post=6372"}],"curies":[{"name":"wp","href":"https:\/\/api.w.org\/{rel}","templated":true}]}}