{"id":63538,"date":"2024-07-05T14:35:41","date_gmt":"2024-07-05T13:35:41","guid":{"rendered":"https:\/\/www.entroncamentoonline.pt\/portal\/?p=63538"},"modified":"2024-07-05T14:35:41","modified_gmt":"2024-07-05T13:35:41","slug":"vn-barquinha-municipio-entrega-viaturas-eletricas-a-unidades-de-saude","status":"publish","type":"post","link":"https:\/\/www.entroncamentoonline.pt\/portal\/vn-barquinha-municipio-entrega-viaturas-eletricas-a-unidades-de-saude\/","title":{"rendered":"VN Barquinha: Munic\u00edpio entrega viaturas el\u00e9tricas a unidades de sa\u00fade"},"content":{"rendered":"<div class=\"xdj266r x11i5rnm xat24cr x1mh8g0r x1vvkbs x126k92a\">\n<div dir=\"auto\">O Munic\u00edpio de Vila Nova da Barquinha entregou hoje \u00e0 USF e \u00e1 UCC duas viaturas el\u00e9tricas, marca Citroen, modelo E-Berlingo, matr\u00edculas BH-72-ET e BH-47-EU, para refor\u00e7o da resposta ao n\u00edvel dos Cuidados de Sa\u00fade Prim\u00e1rios no concelho, nomeadamente na promo\u00e7\u00e3o da sa\u00fade, preven\u00e7\u00e3o da doen\u00e7a, diagn\u00f3stico precoce, tratamento adequado e reabilita\u00e7\u00e3o.<\/div>\n<div dir=\"auto\"><\/div>\n<\/div>\n<div class=\"x11i5rnm xat24cr x1mh8g0r x1vvkbs xtlvy1s x126k92a\">\n<div dir=\"auto\">A entrega destas viaturas resulta de uma candidatura da Administra\u00e7\u00e3o Regional de Lisboa e Vale do Tejo (ARSLVT) efetuada ao PRR \u2013 Plano de Recupera\u00e7\u00e3o e Resili\u00eancia, do Estado Portugu\u00eas, Investimento \u201cCuidados de Sa\u00fade Prim\u00e1rios com mais respostas\u201d, no qual se inclui a meta i1-10, para disponibilizar viaturas el\u00e9tricas para apoio \u00e0 presta\u00e7\u00e3o de cuidados domicili\u00e1rios nos Centro de Sa\u00fade.<\/div>\n<div dir=\"auto\"><img loading=\"lazy\" decoding=\"async\" class=\"alignnone size-medium wp-image-63540\" src=\"https:\/\/www.entroncamentoonline.pt\/portal\/wp-content\/uploads\/2024\/07\/449754448_811774517794474_9007070500405422808_n-800x450.jpg\" alt=\"\" width=\"800\" height=\"450\" srcset=\"https:\/\/www.entroncamentoonline.pt\/portal\/wp-content\/uploads\/2024\/07\/449754448_811774517794474_9007070500405422808_n-800x450.jpg 800w, https:\/\/www.entroncamentoonline.pt\/portal\/wp-content\/uploads\/2024\/07\/449754448_811774517794474_9007070500405422808_n-768x432.jpg 768w, https:\/\/www.entroncamentoonline.pt\/portal\/wp-content\/uploads\/2024\/07\/449754448_811774517794474_9007070500405422808_n-696x392.jpg 696w, https:\/\/www.entroncamentoonline.pt\/portal\/wp-content\/uploads\/2024\/07\/449754448_811774517794474_9007070500405422808_n-1068x601.jpg 1068w, https:\/\/www.entroncamentoonline.pt\/portal\/wp-content\/uploads\/2024\/07\/449754448_811774517794474_9007070500405422808_n-747x420.jpg 747w, https:\/\/www.entroncamentoonline.pt\/portal\/wp-content\/uploads\/2024\/07\/449754448_811774517794474_9007070500405422808_n.jpg 1200w\" sizes=\"auto, (max-width: 800px) 100vw, 800px\" \/><\/div>\n<div dir=\"auto\"><\/div>\n<\/div>\n<div class=\"x11i5rnm xat24cr x1mh8g0r x1vvkbs xtlvy1s x126k92a\">\n<div dir=\"auto\">As duas viaturas foram entregues pela ARSLVT ao Munic\u00edpio de Vila Nova da Barquinha, ao abrigo da transfer\u00eancia de compet\u00eancias para as autarquias locais.<\/div>\n<\/div>\n<div class=\"x11i5rnm xat24cr x1mh8g0r x1vvkbs xtlvy1s x126k92a\">\n<div dir=\"auto\">A entrega decorreu simbolicamente junto ao edif\u00edcio da Unidade de Sa\u00fade Familiar de Vila Nova da Barquinha desta quinta-feira, 4 de julho. Estiveram presentes o presidente da C\u00e2mara Municipal, Fernando Freire, a Vice-Presidente, Marina Hon\u00f3rio e o Coordenador da USF, Miguel Gon\u00e7alo Heitor Cabanelas.<\/div>\n<div dir=\"auto\"><\/div>\n<\/div>\n<div class=\"x11i5rnm xat24cr x1mh8g0r x1vvkbs xtlvy1s x126k92a\">\n<div dir=\"auto\">Os dois ve\u00edculos movidos por meio de motores el\u00e9tricos garantem ainda a sustentabilidade do planeta, contribuindo significativamente para a redu\u00e7\u00e3o da polui\u00e7\u00e3o atmosf\u00e9rica e mitiga\u00e7\u00e3o das mudan\u00e7as clim\u00e1ticas.<\/div>\n<\/div>\n<div dir=\"auto\"><\/div>\n<div dir=\"auto\"><em>Texto e fotos: P\u00e9rsio Basso<\/em><\/div>\n<div class=\"fb-background-color\">\n\t\t\t  <div \n\t\t\t  \tclass = \"fb-comments\" \n\t\t\t  \tdata-href = \"https:\/\/www.entroncamentoonline.pt\/portal\/vn-barquinha-municipio-entrega-viaturas-eletricas-a-unidades-de-saude\/\"\n\t\t\t  \tdata-numposts = \"10\"\n\t\t\t  \tdata-lazy = \"true\"\n\t\t\t\tdata-colorscheme = \"light\"\n\t\t\t\tdata-order-by = \"social\"\n\t\t\t\tdata-mobile=true>\n\t\t\t  <\/div><\/div>\n\t\t  <style>\n\t\t    .fb-background-color {\n\t\t\t\tbackground:  !important;\n\t\t\t}\n\t\t\t.fb_iframe_widget_fluid_desktop iframe {\n\t\t\t    width: 100% !important;\n\t\t\t}\n\t\t  <\/style>\n\t\t  ","protected":false},"excerpt":{"rendered":"<p>O Munic\u00edpio de Vila Nova da Barquinha entregou hoje \u00e0 USF e \u00e1 UCC duas viaturas el\u00e9tricas, marca Citroen, modelo E-Berlingo, matr\u00edculas BH-72-ET e BH-47-EU, para refor\u00e7o da resposta ao n\u00edvel dos Cuidados de Sa\u00fade Prim\u00e1rios no concelho, nomeadamente na promo\u00e7\u00e3o da sa\u00fade, preven\u00e7\u00e3o da doen\u00e7a, diagn\u00f3stico precoce, tratamento adequado e reabilita\u00e7\u00e3o. A entrega destas [&hellip;]<\/p>\n","protected":false},"author":43,"featured_media":63539,"comment_status":"open","ping_status":"closed","sticky":false,"template":"","format":"standard","meta":{"_acf_changed":false,"footnotes":""},"categories":[56,38],"tags":[],"class_list":{"0":"post-63538","1":"post","2":"type-post","3":"status-publish","4":"format-standard","5":"has-post-thumbnail","7":"category-1apagina","8":"category-v-n-barquinha"},"acf":[],"_links":{"self":[{"href":"https:\/\/www.entroncamentoonline.pt\/portal\/wp-json\/wp\/v2\/posts\/63538","targetHints":{"allow":["GET"]}}],"collection":[{"href":"https:\/\/www.entroncamentoonline.pt\/portal\/wp-json\/wp\/v2\/posts"}],"about":[{"href":"https:\/\/www.entroncamentoonline.pt\/portal\/wp-json\/wp\/v2\/types\/post"}],"author":[{"embeddable":true,"href":"https:\/\/www.entroncamentoonline.pt\/portal\/wp-json\/wp\/v2\/users\/43"}],"replies":[{"embeddable":true,"href":"https:\/\/www.entroncamentoonline.pt\/portal\/wp-json\/wp\/v2\/comments?post=63538"}],"version-history":[{"count":0,"href":"https:\/\/www.entroncamentoonline.pt\/portal\/wp-json\/wp\/v2\/posts\/63538\/revisions"}],"wp:featuredmedia":[{"embeddable":true,"href":"https:\/\/www.entroncamentoonline.pt\/portal\/wp-json\/wp\/v2\/media\/63539"}],"wp:attachment":[{"href":"https:\/\/www.entroncamentoonline.pt\/portal\/wp-json\/wp\/v2\/media?parent=63538"}],"wp:term":[{"taxonomy":"category","embeddable":true,"href":"https:\/\/www.entroncamentoonline.pt\/portal\/wp-json\/wp\/v2\/categories?post=63538"},{"taxonomy":"post_tag","embeddable":true,"href":"https:\/\/www.entroncamentoonline.pt\/portal\/wp-json\/wp\/v2\/tags?post=63538"}],"curies":[{"name":"wp","href":"https:\/\/api.w.org\/{rel}","templated":true}]}}