{"id":63525,"date":"2024-07-04T10:03:13","date_gmt":"2024-07-04T09:03:13","guid":{"rendered":"https:\/\/www.entroncamentoonline.pt\/portal\/?p=63525"},"modified":"2024-07-04T10:03:13","modified_gmt":"2024-07-04T09:03:13","slug":"centro-interativo-das-tropas-paraquedistas-podera-nascer-no-poligono-militar-de-tancos","status":"publish","type":"post","link":"https:\/\/www.entroncamentoonline.pt\/portal\/centro-interativo-das-tropas-paraquedistas-podera-nascer-no-poligono-militar-de-tancos\/","title":{"rendered":"Centro Interativo das Tropas Paraquedistas poder\u00e1 nascer no pol\u00edgono militar de Tancos"},"content":{"rendered":"<p class=\"v1MsoNormal\"><span class=\"v1tm5\">\u00c9 um projeto tur\u00edstico ambicioso para Vila Nova da Barquinha e representa um importante passo na<\/span><span class=\"v1x193iq5w\">\u00a0preserva\u00e7\u00e3o da hist\u00f3ria das Tropas Paraquedistas, uma institui\u00e7\u00e3o com uma forte identidade no concelho, no pa\u00eds e no \u00e2mbito da coopera\u00e7\u00e3o internacional.<\/span><\/p>\n<p class=\"v1MsoNormal\"><span class=\"v1x193iq5w\">\u00a0<\/span><span class=\"v1tm5\">O projeto foi alvo de uma candidatura, j\u00e1 submetida \u00e0 Linha + Interior Turismo, do Turismo de Portugal, prevendo-se que represente um investimento de cerca de 700 mil euros, sendo a maior fatia suportada pelo Munic\u00edpio de Vila Nova da Barquinha.<\/span><\/p>\n<p class=\"v1MsoNormal\"><span class=\"v1tm5\">\u00a0<\/span><span class=\"v1tm5\">O \u201cCentro Interativo das Tropas Paraquedistas\u201d poder\u00e1 abrir portas at\u00e9 ao final de 2025 e o primeiro passo para a sua cria\u00e7\u00e3o foi dado no dia 23 de maio, com a\u00a0<\/span>assinatura do Protocolo de Colabora\u00e7\u00e3o entre o Ex\u00e9rcito Portugu\u00eas, a C\u00e2mara Municipal de Vila Nova da Barquinha, o P\u00e1ra-Clube Nacional \u201cOs Boinas Verdes\u201d e a Uni\u00e3o Portuguesa de Paraquedistas, com vista \u00e0 preserva\u00e7\u00e3o, valoriza\u00e7\u00e3o e divulga\u00e7\u00e3o do patrim\u00f3nio das Tropas Paraquedistas.<\/p>\n<p class=\"v1MsoNormal\"><span class=\"v1tm5\">\u00a0<\/span><span class=\"v1tm5\">O dia em que milhares de ex-paraquedistas regressam anualmente \u00e0 \u201ccasa m\u00e3e\u201d, Dia da Unidade do Regimento de Paraquedistas, foi a data escolhida para a cerim\u00f3nia de assinatura do Protocolo, no Pol\u00edgono Militar de Tancos, firmado por Fernando Freire, presidente da C\u00e2mara Municipal de Vila Nova da Barquinha, general Mendes Ferr\u00e3o, Chefe do estado Maior do Ex\u00e9rcito, general Carlos Jer\u00f3nimo, presidente da Dire\u00e7\u00e3o do P\u00e1ra-Clube Nacional \u201cOs Boinas Verdes\u201d e coronel Hil\u00e1rio Peixeiro, presidente da Dire\u00e7\u00e3o da Uni\u00e3o Portuguesa de Paraquedistas.<\/span><\/p>\n<p class=\"v1MsoNormal\">Tendo por base o Museu das Tropas Paraquedistas, inaugurado h\u00e1 34 anos, este protocolo tem como objeto a realiza\u00e7\u00e3o de um projeto de reprograma\u00e7\u00e3o e reorganiza\u00e7\u00e3o museol\u00f3gica da Cole\u00e7\u00e3o Visit\u00e1vel, denominado \u201cCentro Interativo das Tropas Paraquedistas\u201d.<\/p>\n<p class=\"v1MsoNormal\">O projeto nasce do reconhecimento e da import\u00e2ncia de preserva\u00e7\u00e3o de espa\u00e7os de mem\u00f3ria, com elementos agregadores geracionais dos militares que serviram, servem e servir\u00e3o Portugal nas tropas paraquedistas. \u00c9 ele, na sua ess\u00eancia, um s\u00edmbolo de reencontro e rejuvenescimento, um tributo ao esfor\u00e7o e ao derradeiro sacrif\u00edcio dos militares paraquedistas que se pretende perpetuar no tempo, bem como um elemento motivador e de divulga\u00e7\u00e3o desta for\u00e7a especial no quadro nacional e internacional.<\/p>\n<p><img loading=\"lazy\" decoding=\"async\" class=\"alignnone size-medium wp-image-63527\" src=\"https:\/\/www.entroncamentoonline.pt\/portal\/wp-content\/uploads\/2024\/07\/01_MuseuTropaParaquedista-800x413.jpg\" alt=\"\" width=\"800\" height=\"413\" srcset=\"https:\/\/www.entroncamentoonline.pt\/portal\/wp-content\/uploads\/2024\/07\/01_MuseuTropaParaquedista-800x413.jpg 800w, https:\/\/www.entroncamentoonline.pt\/portal\/wp-content\/uploads\/2024\/07\/01_MuseuTropaParaquedista-768x397.jpg 768w, https:\/\/www.entroncamentoonline.pt\/portal\/wp-content\/uploads\/2024\/07\/01_MuseuTropaParaquedista-696x360.jpg 696w, https:\/\/www.entroncamentoonline.pt\/portal\/wp-content\/uploads\/2024\/07\/01_MuseuTropaParaquedista-1068x552.jpg 1068w, https:\/\/www.entroncamentoonline.pt\/portal\/wp-content\/uploads\/2024\/07\/01_MuseuTropaParaquedista-813x420.jpg 813w, https:\/\/www.entroncamentoonline.pt\/portal\/wp-content\/uploads\/2024\/07\/01_MuseuTropaParaquedista.jpg 1200w\" sizes=\"auto, (max-width: 800px) 100vw, 800px\" \/><\/p>\n<p class=\"v1MsoNormal\">Este Centro Interativo ser\u00e1 uma infraestrutura cultural de elevado valor local, regional, nacional e internacional, n\u00e3o s\u00f3 pelo enquadramento geogr\u00e1fico onde est\u00e1 implementado (Regimento de Paraquedistas \u2013 Casa M\u00e3e das Tropas Paraquedistas), mas pelo cluster existente e relacionado com o paraquedismo em Portugal.<\/p>\n<p class=\"v1MsoNormal\">A candidatura pressup\u00f5e a cria\u00e7\u00e3o de uma rede colaborativa, envolvendo 4 entidades (parceiros deste projeto e entidades representativas do paraquedismo militar em Portugal) que disp\u00f5em de patrim\u00f3nio e conhecimento de refer\u00eancia sobre a tem\u00e1tica, tornando este espa\u00e7o \u00fanico a n\u00edvel nacional, com evidentes ganhos de escala, dando resposta \u00e0s necessidades de dinamiza\u00e7\u00e3o, valoriza\u00e7\u00e3o e promo\u00e7\u00e3o das Tropas Paraquedistas.<\/p>\n<p class=\"v1MsoNormal\">A estrat\u00e9gia museogr\u00e1fica do projeto pretende apostar em diferentes tecnologias inovadoras que permitam dar vida \u00e0 hist\u00f3ria, valorizando o passado, a cultura e o patrim\u00f3nio atrav\u00e9s da sua compreens\u00e3o de forma mais visual, apelativa e inclusiva.<\/p>\n<p class=\"v1MsoNormal\">A possibilidade de &#8216;correr&#8217; num t\u00fanel de exerc\u00edcio militar, &#8216;voar&#8217; num avi\u00e3o, &#8216;saltar de paraquedas&#8217; ou vivenciar um cen\u00e1rio de conflito, v\u00e3o ser poss\u00edveis com o acesso a estruturas ou ecr\u00e3s \/ \u00f3culos de realidade virtual. Como experi\u00eancia chave no campo da inova\u00e7\u00e3o neste projeto expositivo, pretende-se recriar uma das tarefas mais reconhec\u00edveis das Tropas Paraquedistas: o salto de paraquedas. Atrav\u00e9s da utiliza\u00e7\u00e3o da estrutura de um Lockheed C-130 Hercules (avi\u00e3o militar), o visitante poder\u00e1 vivenciar toda a experi\u00eancia preparat\u00f3ria dentro da aeronave, e que antecede o salto. Nesta experi\u00eancia imersiva, o barulho dos motores e o cheiro do combust\u00edvel JP-8 ser\u00e3o uma realidade, dando ao visitante a oportunidade de \u201csaltar\u201d e entrar num novo espa\u00e7o sensorial: com recursos a filmagens de saltos, feitas na primeira pessoa por militares paraquedistas, e transmitidas atrav\u00e9s de \u00f3culos de realidade virtual, assim como com recurso a t\u00e9cnicas que simulam o vento em queda, o visitante ter\u00e1 aquilo que \u00e9 a experi\u00eancia mais semelhante a um salto de paraquedas.<\/p>\n<p class=\"v1MsoNormal\">A candidatura submetida ao Turismo de Portugal pretende aliar a hist\u00f3ria \u00e0 inova\u00e7\u00e3o\/ interatividade com o turista, consideradas mais valias de car\u00e1cter nacional e com patentes ganhos de escala a n\u00edvel internacional, refor\u00e7ando a atratividade tur\u00edstica deste concelho de baixa densidade, e do territ\u00f3rio no seu todo.<\/p>\n<p><em>Texto e Fotos: P\u00e9rsio Basso<\/em><\/p>\n<div class=\"fb-background-color\">\n\t\t\t  <div \n\t\t\t  \tclass = \"fb-comments\" \n\t\t\t  \tdata-href = \"https:\/\/www.entroncamentoonline.pt\/portal\/centro-interativo-das-tropas-paraquedistas-podera-nascer-no-poligono-militar-de-tancos\/\"\n\t\t\t  \tdata-numposts = \"10\"\n\t\t\t  \tdata-lazy = \"true\"\n\t\t\t\tdata-colorscheme = \"light\"\n\t\t\t\tdata-order-by = \"social\"\n\t\t\t\tdata-mobile=true>\n\t\t\t  <\/div><\/div>\n\t\t  <style>\n\t\t    .fb-background-color {\n\t\t\t\tbackground:  !important;\n\t\t\t}\n\t\t\t.fb_iframe_widget_fluid_desktop iframe {\n\t\t\t    width: 100% !important;\n\t\t\t}\n\t\t  <\/style>\n\t\t  ","protected":false},"excerpt":{"rendered":"<p>\u00c9 um projeto tur\u00edstico ambicioso para Vila Nova da Barquinha e representa um importante passo na\u00a0preserva\u00e7\u00e3o da hist\u00f3ria das Tropas Paraquedistas, uma institui\u00e7\u00e3o com uma forte identidade no concelho, no pa\u00eds e no \u00e2mbito da coopera\u00e7\u00e3o internacional. \u00a0O projeto foi alvo de uma candidatura, j\u00e1 submetida \u00e0 Linha + Interior Turismo, do Turismo de Portugal, [&hellip;]<\/p>\n","protected":false},"author":43,"featured_media":63526,"comment_status":"open","ping_status":"closed","sticky":false,"template":"","format":"standard","meta":{"_acf_changed":false,"footnotes":""},"categories":[56,38],"tags":[],"class_list":{"0":"post-63525","1":"post","2":"type-post","3":"status-publish","4":"format-standard","5":"has-post-thumbnail","7":"category-1apagina","8":"category-v-n-barquinha"},"acf":[],"_links":{"self":[{"href":"https:\/\/www.entroncamentoonline.pt\/portal\/wp-json\/wp\/v2\/posts\/63525","targetHints":{"allow":["GET"]}}],"collection":[{"href":"https:\/\/www.entroncamentoonline.pt\/portal\/wp-json\/wp\/v2\/posts"}],"about":[{"href":"https:\/\/www.entroncamentoonline.pt\/portal\/wp-json\/wp\/v2\/types\/post"}],"author":[{"embeddable":true,"href":"https:\/\/www.entroncamentoonline.pt\/portal\/wp-json\/wp\/v2\/users\/43"}],"replies":[{"embeddable":true,"href":"https:\/\/www.entroncamentoonline.pt\/portal\/wp-json\/wp\/v2\/comments?post=63525"}],"version-history":[{"count":0,"href":"https:\/\/www.entroncamentoonline.pt\/portal\/wp-json\/wp\/v2\/posts\/63525\/revisions"}],"wp:featuredmedia":[{"embeddable":true,"href":"https:\/\/www.entroncamentoonline.pt\/portal\/wp-json\/wp\/v2\/media\/63526"}],"wp:attachment":[{"href":"https:\/\/www.entroncamentoonline.pt\/portal\/wp-json\/wp\/v2\/media?parent=63525"}],"wp:term":[{"taxonomy":"category","embeddable":true,"href":"https:\/\/www.entroncamentoonline.pt\/portal\/wp-json\/wp\/v2\/categories?post=63525"},{"taxonomy":"post_tag","embeddable":true,"href":"https:\/\/www.entroncamentoonline.pt\/portal\/wp-json\/wp\/v2\/tags?post=63525"}],"curies":[{"name":"wp","href":"https:\/\/api.w.org\/{rel}","templated":true}]}}