{"id":6350,"date":"2019-05-17T09:25:01","date_gmt":"2019-05-17T08:25:01","guid":{"rendered":"https:\/\/www.entroncamentoonline.pt\/portal\/?p=6350"},"modified":"2019-05-18T13:27:40","modified_gmt":"2019-05-18T12:27:40","slug":"entroncamento-flores-cores-e-aromas-da-primavera-alegram-a-cidade","status":"publish","type":"post","link":"https:\/\/www.entroncamentoonline.pt\/portal\/entroncamento-flores-cores-e-aromas-da-primavera-alegram-a-cidade\/","title":{"rendered":"Entroncamento | Flores, Cores e Aromas da Primavera alegram a cidade"},"content":{"rendered":"<p>A cidade do Entroncamento vai estar mais florida entre os dias 17 e 22 de maio, com a VI Edi\u00e7\u00e3o do evento \u201cEntroncamento em Flor\u201d, 6 dias em que as ruas, pra\u00e7as, Associa\u00e7\u00f5es, Escolas, espa\u00e7os e edif\u00edcios p\u00fablicos v\u00e3o estar decorados com flores.<\/p>\n<p>O Munic\u00edpio do Entroncamento lan\u00e7ou o repto para uma cidade com mais cor e aromas da primavera e convidou a popula\u00e7\u00e3o a colocar flores nas janelas, nos canteiros e nos jardins, tendo efetuado, no Mercado Municipal \u00e0 entrega gratuita de flores no \u00e2mbito desta iniciativa.<\/p>\n<p>O programa desta edi\u00e7\u00e3o \u00e9 diversificado com as Comemora\u00e7\u00f5es do Dia Municipal do Idoso, exposi\u00e7\u00f5es, m\u00fasica, artesanato, workshops, ateliers de anima\u00e7\u00e3o infantil, anima\u00e7\u00e3o de rua, est\u00e1tuas vivas, passeios de charrete entre muitas outras.<\/p>\n<p>A par desta programa\u00e7\u00e3o decorrer\u00e1 tamb\u00e9m a IV Semana Gastron\u00f3mica \u201c\u00c0 Descoberta do Bacalhau\u201d, na qual a restaura\u00e7\u00e3o apresenta ementas alusivas \u00e0 gastronomia do Ribatejo, nos quais o rei \u00e9 o bacalhau.<\/p>\n<p>Entroncamento em Flor \u00e9 uma iniciativa cultural e recreativa, que ano ap\u00f3s ano apela ao esp\u00edrito de partilha e envolvimento da comunidade local, com a execu\u00e7\u00e3o de projetos de embelezamento de alguns locais mais emblem\u00e1ticos da cidade.<\/p>\n<p>A inaugura\u00e7\u00e3o est\u00e1 marcada para as 15h00 desta sexta-feira, dia 17 de maio, no Largo Jos\u00e9 Duarte Coelho, seguindo-se uma visita e arruada, pelo centro da cidade, nomeadamente pela Rua Lu\u00eds Falc\u00e3o de Sommer e Pra\u00e7a Salgueiro Maia.<\/p>\n<p><img loading=\"lazy\" decoding=\"async\" class=\"size-full wp-image-6351 aligncenter\" src=\"https:\/\/www.entroncamentoonline.pt\/portal\/wp-content\/uploads\/2019\/05\/FestaFlor_Programa_2019_RD.jpg\" alt=\"\" width=\"477\" height=\"700\" srcset=\"https:\/\/www.entroncamentoonline.pt\/portal\/wp-content\/uploads\/2019\/05\/FestaFlor_Programa_2019_RD.jpg 477w, https:\/\/www.entroncamentoonline.pt\/portal\/wp-content\/uploads\/2019\/05\/FestaFlor_Programa_2019_RD-286x420.jpg 286w\" sizes=\"auto, (max-width: 477px) 100vw, 477px\" \/><\/p>\n<div class=\"fb-background-color\">\n\t\t\t  <div \n\t\t\t  \tclass = \"fb-comments\" \n\t\t\t  \tdata-href = \"https:\/\/www.entroncamentoonline.pt\/portal\/entroncamento-flores-cores-e-aromas-da-primavera-alegram-a-cidade\/\"\n\t\t\t  \tdata-numposts = \"10\"\n\t\t\t  \tdata-lazy = \"true\"\n\t\t\t\tdata-colorscheme = \"light\"\n\t\t\t\tdata-order-by = \"social\"\n\t\t\t\tdata-mobile=true>\n\t\t\t  <\/div><\/div>\n\t\t  <style>\n\t\t    .fb-background-color {\n\t\t\t\tbackground:  !important;\n\t\t\t}\n\t\t\t.fb_iframe_widget_fluid_desktop iframe {\n\t\t\t    width: 100% !important;\n\t\t\t}\n\t\t  <\/style>\n\t\t  ","protected":false},"excerpt":{"rendered":"<p>A cidade do Entroncamento vai estar mais florida entre os dias 17 e 22 de maio, com a VI Edi\u00e7\u00e3o do evento \u201cEntroncamento em Flor\u201d, 6 dias em que as ruas, pra\u00e7as, Associa\u00e7\u00f5es, Escolas, espa\u00e7os e edif\u00edcios p\u00fablicos v\u00e3o estar decorados com flores. O Munic\u00edpio do Entroncamento lan\u00e7ou o repto para uma cidade com mais [&hellip;]<\/p>\n","protected":false},"author":1,"featured_media":6352,"comment_status":"open","ping_status":"closed","sticky":false,"template":"","format":"standard","meta":{"_acf_changed":false,"footnotes":""},"categories":[1],"tags":[],"class_list":{"0":"post-6350","1":"post","2":"type-post","3":"status-publish","4":"format-standard","5":"has-post-thumbnail","7":"category-sem-categoria"},"acf":[],"_links":{"self":[{"href":"https:\/\/www.entroncamentoonline.pt\/portal\/wp-json\/wp\/v2\/posts\/6350","targetHints":{"allow":["GET"]}}],"collection":[{"href":"https:\/\/www.entroncamentoonline.pt\/portal\/wp-json\/wp\/v2\/posts"}],"about":[{"href":"https:\/\/www.entroncamentoonline.pt\/portal\/wp-json\/wp\/v2\/types\/post"}],"author":[{"embeddable":true,"href":"https:\/\/www.entroncamentoonline.pt\/portal\/wp-json\/wp\/v2\/users\/1"}],"replies":[{"embeddable":true,"href":"https:\/\/www.entroncamentoonline.pt\/portal\/wp-json\/wp\/v2\/comments?post=6350"}],"version-history":[{"count":0,"href":"https:\/\/www.entroncamentoonline.pt\/portal\/wp-json\/wp\/v2\/posts\/6350\/revisions"}],"wp:featuredmedia":[{"embeddable":true,"href":"https:\/\/www.entroncamentoonline.pt\/portal\/wp-json\/wp\/v2\/media\/6352"}],"wp:attachment":[{"href":"https:\/\/www.entroncamentoonline.pt\/portal\/wp-json\/wp\/v2\/media?parent=6350"}],"wp:term":[{"taxonomy":"category","embeddable":true,"href":"https:\/\/www.entroncamentoonline.pt\/portal\/wp-json\/wp\/v2\/categories?post=6350"},{"taxonomy":"post_tag","embeddable":true,"href":"https:\/\/www.entroncamentoonline.pt\/portal\/wp-json\/wp\/v2\/tags?post=6350"}],"curies":[{"name":"wp","href":"https:\/\/api.w.org\/{rel}","templated":true}]}}