{"id":63315,"date":"2024-06-21T19:25:23","date_gmt":"2024-06-21T18:25:23","guid":{"rendered":"https:\/\/www.entroncamentoonline.pt\/portal\/?p=63315"},"modified":"2024-06-21T21:57:42","modified_gmt":"2024-06-21T20:57:42","slug":"e-oficial-o-entroncamento-esta-em-festa","status":"publish","type":"post","link":"https:\/\/www.entroncamentoonline.pt\/portal\/e-oficial-o-entroncamento-esta-em-festa\/","title":{"rendered":"\u00c9 oficial. O Entroncamento est\u00e1 em festa!"},"content":{"rendered":"<p><em>As festas de S\u00e3o Jo\u00e3o e da cidade do Entroncamento foram oficialmente inauguradas esta tarde.<\/em><\/p>\n<p>&nbsp;<\/p>\n<p>Jorge Faria, presidente do munic\u00edpio, acompanhado do edil de Vila Nova da Barquinha, entre outras entidades, percorreu a cidade cumprimentando as coletividades e comerciantes presentes.<\/p>\n<p>Hoje, dia 21, as celebra\u00e7\u00f5es t\u00eam um nome de peso, que promete encher o largo Jos\u00e9 Duarte Coelho, em frente \u00e0 c\u00e2mara. Toy \u00e9 o grande protagonista da noite,<\/p>\n<p><img loading=\"lazy\" decoding=\"async\" class=\"alignnone size-medium wp-image-63317\" src=\"https:\/\/www.entroncamentoonline.pt\/portal\/wp-content\/uploads\/2024\/06\/IMG_20240621_182955-800x360.jpg\" alt=\"\" width=\"800\" height=\"360\" srcset=\"https:\/\/www.entroncamentoonline.pt\/portal\/wp-content\/uploads\/2024\/06\/IMG_20240621_182955-800x360.jpg 800w, https:\/\/www.entroncamentoonline.pt\/portal\/wp-content\/uploads\/2024\/06\/IMG_20240621_182955-2024x911.jpg 2024w, https:\/\/www.entroncamentoonline.pt\/portal\/wp-content\/uploads\/2024\/06\/IMG_20240621_182955-768x346.jpg 768w, https:\/\/www.entroncamentoonline.pt\/portal\/wp-content\/uploads\/2024\/06\/IMG_20240621_182955-1536x691.jpg 1536w, https:\/\/www.entroncamentoonline.pt\/portal\/wp-content\/uploads\/2024\/06\/IMG_20240621_182955-2048x922.jpg 2048w, https:\/\/www.entroncamentoonline.pt\/portal\/wp-content\/uploads\/2024\/06\/IMG_20240621_182955-696x313.jpg 696w, https:\/\/www.entroncamentoonline.pt\/portal\/wp-content\/uploads\/2024\/06\/IMG_20240621_182955-1068x481.jpg 1068w, https:\/\/www.entroncamentoonline.pt\/portal\/wp-content\/uploads\/2024\/06\/IMG_20240621_182955-1920x864.jpg 1920w, https:\/\/www.entroncamentoonline.pt\/portal\/wp-content\/uploads\/2024\/06\/IMG_20240621_182955-933x420.jpg 933w\" sizes=\"auto, (max-width: 800px) 100vw, 800px\" \/><\/p>\n<p>S\u00e3o nove dias de m\u00fasica, cultura, artesanato e reencontros.<\/p>\n<p>At\u00e9 29 de junho, a cidade faz-se.<\/p>\n<p>&nbsp;<\/p>\n<div class=\"fb-background-color\">\n\t\t\t  <div \n\t\t\t  \tclass = \"fb-comments\" \n\t\t\t  \tdata-href = \"https:\/\/www.entroncamentoonline.pt\/portal\/e-oficial-o-entroncamento-esta-em-festa\/\"\n\t\t\t  \tdata-numposts = \"10\"\n\t\t\t  \tdata-lazy = \"true\"\n\t\t\t\tdata-colorscheme = \"light\"\n\t\t\t\tdata-order-by = \"social\"\n\t\t\t\tdata-mobile=true>\n\t\t\t  <\/div><\/div>\n\t\t  <style>\n\t\t    .fb-background-color {\n\t\t\t\tbackground:  !important;\n\t\t\t}\n\t\t\t.fb_iframe_widget_fluid_desktop iframe {\n\t\t\t    width: 100% !important;\n\t\t\t}\n\t\t  <\/style>\n\t\t  ","protected":false},"excerpt":{"rendered":"<p>As festas de S\u00e3o Jo\u00e3o e da cidade do Entroncamento foram oficialmente inauguradas esta tarde. &nbsp; Jorge Faria, presidente do munic\u00edpio, acompanhado do edil de Vila Nova da Barquinha, entre outras entidades, percorreu a cidade cumprimentando as coletividades e comerciantes presentes. Hoje, dia 21, as celebra\u00e7\u00f5es t\u00eam um nome de peso, que promete encher o [&hellip;]<\/p>\n","protected":false},"author":43,"featured_media":63316,"comment_status":"open","ping_status":"closed","sticky":false,"template":"","format":"standard","meta":{"_acf_changed":false,"footnotes":""},"categories":[56,26,1],"tags":[],"class_list":{"0":"post-63315","1":"post","2":"type-post","3":"status-publish","4":"format-standard","5":"has-post-thumbnail","7":"category-1apagina","8":"category-entroncamento","9":"category-sem-categoria"},"acf":[],"_links":{"self":[{"href":"https:\/\/www.entroncamentoonline.pt\/portal\/wp-json\/wp\/v2\/posts\/63315","targetHints":{"allow":["GET"]}}],"collection":[{"href":"https:\/\/www.entroncamentoonline.pt\/portal\/wp-json\/wp\/v2\/posts"}],"about":[{"href":"https:\/\/www.entroncamentoonline.pt\/portal\/wp-json\/wp\/v2\/types\/post"}],"author":[{"embeddable":true,"href":"https:\/\/www.entroncamentoonline.pt\/portal\/wp-json\/wp\/v2\/users\/43"}],"replies":[{"embeddable":true,"href":"https:\/\/www.entroncamentoonline.pt\/portal\/wp-json\/wp\/v2\/comments?post=63315"}],"version-history":[{"count":0,"href":"https:\/\/www.entroncamentoonline.pt\/portal\/wp-json\/wp\/v2\/posts\/63315\/revisions"}],"wp:featuredmedia":[{"embeddable":true,"href":"https:\/\/www.entroncamentoonline.pt\/portal\/wp-json\/wp\/v2\/media\/63316"}],"wp:attachment":[{"href":"https:\/\/www.entroncamentoonline.pt\/portal\/wp-json\/wp\/v2\/media?parent=63315"}],"wp:term":[{"taxonomy":"category","embeddable":true,"href":"https:\/\/www.entroncamentoonline.pt\/portal\/wp-json\/wp\/v2\/categories?post=63315"},{"taxonomy":"post_tag","embeddable":true,"href":"https:\/\/www.entroncamentoonline.pt\/portal\/wp-json\/wp\/v2\/tags?post=63315"}],"curies":[{"name":"wp","href":"https:\/\/api.w.org\/{rel}","templated":true}]}}