{"id":63086,"date":"2024-06-08T21:35:06","date_gmt":"2024-06-08T20:35:06","guid":{"rendered":"https:\/\/www.entroncamentoonline.pt\/portal\/?p=63086"},"modified":"2024-06-09T22:08:31","modified_gmt":"2024-06-09T21:08:31","slug":"presidente-da-republica-anuncia-condecoracao-do-certame-e-inaugura-a-maior-feira-agricola-do-pais-numa-edicao-historica","status":"publish","type":"post","link":"https:\/\/www.entroncamentoonline.pt\/portal\/presidente-da-republica-anuncia-condecoracao-do-certame-e-inaugura-a-maior-feira-agricola-do-pais-numa-edicao-historica\/","title":{"rendered":"Presidente da Rep\u00fablica anuncia condecora\u00e7\u00e3o do certame e inaugura a maior Feira Agr\u00edcola do pa\u00eds numa edi\u00e7\u00e3o hist\u00f3rica."},"content":{"rendered":"<p>O Presidente da Rep\u00fablica, Marcelo Rebelo de Sousa, inaugurou hoje. 8 de junho, a Feira Nacional de Agricultura \/ Feira do Ribatejo (FNA 24), certame que decorre no Centro Nacional de Exposi\u00e7\u00f5es, em Santar\u00e9m, e que se prolonga at\u00e9 ao dia 16 de junho. Este ano o evento tem um peso hist\u00f3rico significativo ao comemorar orgulhosamente um<br \/>\ntriplo anivers\u00e1rio: os 70 anos da Feira do Ribatejo, o 60\u00ba anivers\u00e1rio da Feira Nacional de Agricultura e os 30 anos de atividade do CNEMA. Na entrada principal do CNEMA o visitante \u00e9 convidado a viajar numa exibi\u00e7\u00e3o retrospetiva de todo o hist\u00f3rico do evento &#8211; a exposi\u00e7\u00e3o \u201cO In\u00edcio\u201d &#8211; o nosso presidente foi o primeiro a fazer o percurso e a saudar a iniciativa.<br \/>\nPecu\u00e1ria Extensiva, \u00e9 o tema deste ano, atividade que ocupa uma \u00e1rea e 64% da superf\u00edcie agr\u00edcola \u00fatil em territ\u00f3rio nacional, o que por si s\u00f3 \u00e9 facto merecedor de protagonismo no setor, acrescido papel determinante que representa na sustentabilidade e na preserva\u00e7\u00e3o dos espa\u00e7os rurais do pa\u00eds.<\/p>\n<p>Presidente enaltece import\u00e2ncia da FNA para a agricultura No \u00e2mbito da exibi\u00e7\u00e3o de um breve excerto alusivo ao document\u00e1rio sobre a hist\u00f3ria e evolu\u00e7\u00e3o do evento, o Presidente da Rep\u00fablica salientou a import\u00e2ncia do certame para a \u201cagricultura portuguesa\u201d e para os<br \/>\nagricultores.<\/p>\n<p>O chefe de estado portugu\u00eas afirmou que a \u201cfeira representa muito por Portugal, pela agricultura portuguesa, pela riqueza natural portuguesa, pela biodiversidade, ra\u00e7as aut\u00f3ctones, pelo labor pelos agricultores, e por aquilo que \u00e9 uma componente fundamental da riqueza do nosso pa\u00eds&#8221;, disse o chefe de Estado.<\/p>\n<p><strong>Santar\u00e9m acorda em festa<\/strong><\/p>\n<p>Santar\u00e9m recebeu na manh\u00e3 de hoje o habitual desfile de campinos e de gado, que percorreu as ruas do centro da cidade e que contou com a presen\u00e7a de diversas entidades e grupos locais que animaram a manh\u00e3 em pontos estrategicamente definidos.<br \/>\nFNA 24 \u2013 Anima\u00e7\u00e3o do nascer ao p\u00f4r-do-sol.<\/p>\n<p>O primeiro dia da FNA 24 ficou marcado por in\u00fameras atividades de anima\u00e7\u00e3o a cargo de Ranchos Folcl\u00f3ricos e Acordeonistas de v\u00e1rios concelhos.<\/p>\n<p>J\u00e1 o Munic\u00edpio de Rio Maior esteve em destaque no stand da CIMLT com atividades de promo\u00e7\u00e3o tur\u00edstica e Provas de p\u00e3o e enchidos de Rio Maior.<br \/>\nNo final da noite, realce para o concerto dos \u201cExcesso\u201d.<\/p>\n<p>FNA 24 \u2013 Um evento dos 8 aos 80, das fam\u00edlias aos profissionais.<br \/>\nNa Nave A decorreu a Cerim\u00f3nia de Entrega de Pr\u00e9mios dos vencedores dos Concursos Nacionais 2023\/2024 e as a\u00e7\u00f5es de cozinha ao vivo foram bastante concorridas, enquanto os visitantes puderam deliciar-se com algumas das melhores iguarias nacionais.<br \/>\nNa \u00e1rea Pecu\u00e1ria, o centro das aten\u00e7\u00f5es foi o Concurso de Dressageb Nacional \u2013 Ta\u00e7a FNA 2024, o 11\u00ba Concurso Geral de Jovens Reprodutores de Ovinos e a Jornada do Campeonato Nacional de Equita\u00e7\u00e3o do Trabalho.<\/p>\n<p>O novo espa\u00e7o dedicado aos mais pequenos \u201cParque Fnazinha\u201d contou com m\u00faltiplas atividades e bastante ades\u00e3o das fam\u00edlias.<br \/>\nO dia encerrou com as famosas Largadas de Toiros.<\/p>\n<p>9 de junho \u2013 A jornada continua.<\/p>\n<p>Para amanh\u00e3, 9 de junho, Dia dos Munic\u00edpios de Almeirim e Alpiar\u00e7a, lembramos a realiza\u00e7\u00e3o de mais uma prova do Campeoanto Nacional de Equita\u00e7\u00e3o do Trabalho e do Concurso Nacional de Dressage, al\u00e9m das v\u00e1rias atividades do programa tradicional de anima\u00e7\u00e3o, sempre do agrado dos visitantes.<\/p>\n<p><strong>Document\u00e1rio \u201c70 Anos de Feira do Ribatejo \/ 60 Anos Feira Nacional de Agricultura\u201d<\/strong><\/p>\n<p>Em complemento e continuidade \u00e0 exposi\u00e7\u00e3o \u201cO In\u00edcio\u201d presente na entrada principal do CNEMA, a Feira Nacional de Agricultura \/ Feira do Ribatejo exibe em cont\u00ednuo, nos Claustros, uma vers\u00e3o reduzida do document\u00e1rio sobre a hist\u00f3ria e evolu\u00e7\u00e3o do evento e que foi especialmente concebido no \u00e2mbito das comemora\u00e7\u00f5es dos 70 anos da Feira do Ribatejo, do 60\u00ba anivers\u00e1rio da Feira Nacional de Agricultura e dos 30<\/p>\n<p>Revela ao p\u00fablico o olhar de alguns dos protagonistas do evento e da regi\u00e3o sobre esta grande festa nacional e promete levar todos at\u00e9 ao momento em que tudo come\u00e7ou para depois dar a conhecer o caminho percorrido pela Feira Nacional de Agricultura \/ Feira do Ribatejo at\u00e9 ao momento presente.<\/p>\n<p>No pr\u00f3ximo dia 11 de junho, \u00e0s 19h45, haver\u00e1, no mesmo local, uma sess\u00e3o especial que contar\u00e1 com a presen\u00e7a do Sr. Ministro da Agricultura, de v\u00e1rias individualidades e de muitos dos envolvidos nesta grande hist\u00f3ria.<\/p>\n<p>Grande aflu\u00eancia e Prova de Vinhos Licorosos marcam o dia da Feira Nacional de Agricultura<\/p>\n<p>A FNA 24 \u2013 Feira Nacional de Agricultura \/ Feira do Ribatejo que decorre no Centro Nacional de Exposi\u00e7\u00f5es, em Santar\u00e9m, at\u00e9 ao pr\u00f3ximo domingo, 16 de junho, e que tem a pecu\u00e1ria extensiva como tema central, registou hoje uma grande aflu\u00eancia. Em v\u00e9spera de feriado<br \/>\nforam milhares os que se deslocaram at\u00e9 Santar\u00e9m para uma visita \u00e0 maior Feira agr\u00edcola do pa\u00eds.<\/p>\n<p>Durante o dia destaque para a A\u00e7\u00e3o \u201c70 Anos de An\u00e1lise Sensorial: Licorosos 70 \u2013 60 \u2013 30, com grande participa\u00e7\u00e3o do p\u00fablico. V\u00e1rios vinhos fizeram as del\u00edcias dos \u201cprovadores\u201d, como Portos da Casa Porto d\u2019Alva, Porto Cruz, Vinhos da Madeira, Vinhos do Cartaxo, Moscatel de Set\u00fabal, Vinhos da Junta Nacional, da Lagoalva e Ant\u00f3nio Az\u00f3ia Bento.<br \/>\nDegusta\u00e7\u00e3o de Presunto de Porco de Ra\u00e7a Alentejana\u201d, \u201cNovilho \u00e0 Boletos\u201d, \u201cArroz a S\u00e9rio\u201d ou \u201cCarne de Ca\u00e7a\u201d foram outras a\u00e7\u00f5es de cozinha ao vivo do dia.<\/p>\n<p><strong>Anima\u00e7\u00e3o e Atividades Equestres<\/strong><\/p>\n<p>Paralelamente, o certame contou hoje com muita anima\u00e7\u00e3o e real\u00e7ou a import\u00e2ncia do cavalo no certame com a realiza\u00e7\u00e3o de v\u00e1rias provas.<\/p>\n<p>Na \u00e1rea das atividades equestres, relevo para o Concurso Nacional de Dressage \u2013 Ta\u00e7a FNA 2024, Campeonato Nacional de Trabalho (Provas de \u201cManeabilidade\u201d, \u201cVelocidade\u201d e \u201cVaca\u201d), e Prova de Condu\u00e7\u00e3o de Cabrestos \u2013 Prova Casa Agr\u00edcola \u201cSommer de Melo\u201d.<br \/>\nNum dia repleto de muita anima\u00e7\u00e3o Ranchos Folcl\u00f3ricos, Dan\u00e7a Desportiva, Dan\u00e7as de Sal\u00e3o e Concertinas animaram o p\u00fablico durante o dia e in\u00edcio de noite em v\u00e1rias zonas do recinto.<\/p>\n<figure id=\"attachment_63102\" aria-describedby=\"caption-attachment-63102\" style=\"width: 800px\" class=\"wp-caption aligncenter\"><img loading=\"lazy\" decoding=\"async\" class=\"wp-image-63102 size-medium\" src=\"https:\/\/www.entroncamentoonline.pt\/portal\/wp-content\/uploads\/2024\/06\/thumbnail_Licorosos-1-800x533.jpg\" alt=\"\" width=\"800\" height=\"533\" srcset=\"https:\/\/www.entroncamentoonline.pt\/portal\/wp-content\/uploads\/2024\/06\/thumbnail_Licorosos-1-800x533.jpg 800w, https:\/\/www.entroncamentoonline.pt\/portal\/wp-content\/uploads\/2024\/06\/thumbnail_Licorosos-1-768x511.jpg 768w, https:\/\/www.entroncamentoonline.pt\/portal\/wp-content\/uploads\/2024\/06\/thumbnail_Licorosos-1-1536x1022.jpg 1536w, https:\/\/www.entroncamentoonline.pt\/portal\/wp-content\/uploads\/2024\/06\/thumbnail_Licorosos-1-696x463.jpg 696w, https:\/\/www.entroncamentoonline.pt\/portal\/wp-content\/uploads\/2024\/06\/thumbnail_Licorosos-1-1068x711.jpg 1068w, https:\/\/www.entroncamentoonline.pt\/portal\/wp-content\/uploads\/2024\/06\/thumbnail_Licorosos-1-631x420.jpg 631w, https:\/\/www.entroncamentoonline.pt\/portal\/wp-content\/uploads\/2024\/06\/thumbnail_Licorosos-1.jpg 1920w\" sizes=\"auto, (max-width: 800px) 100vw, 800px\" \/><figcaption id=\"caption-attachment-63102\" class=\"wp-caption-text\">Foto FA24<\/figcaption><\/figure>\n<p>No final do dia n\u00e3o podia faltar a \u201cMesa da Tortura\u201d e \u201cLargada de Toiros\u201d. Pela 23h30,<\/p>\n<p style=\"text-align: left;\"><strong> atuaram \u201cOs Quatro e Meia\u201d.Dia dos Munic\u00edpios de Almeirim e Alpiar\u00e7a<\/strong><\/p>\n<p>Almeirim promoveu degusta\u00e7\u00f5es de Sopa de Pedra, Arroz Doce, \u201cCaralhotas\u201d, Provas de Vinhos e exibi\u00e7\u00f5es de ranchos folcl\u00f3ricos ao longo do dia.<\/p>\n<p>Provas de Sorvetes, Vinhos, Cocktails, promo\u00e7\u00e3o do Festival Gastron\u00f3mico Sabores do Campo e \u201cDan\u00e7as e Cangares\u201d foram as apostas de Alpiar\u00e7a.<\/p>\n<p><strong>10 de junho &#8211; Dia de Portugal tamb\u00e9m \u00e9 dia de Feira<\/strong><\/p>\n<p>Amanh\u00e3, 10 de junho, feriado, a solidariedade est\u00e1 na ordem do dia\u00a0 com o espet\u00e1culo \u201cCom Tradi\u00e7\u00e3o se Honra o Ribatejo\u201d, cuja receita reverte a favor de v\u00e1rias institui\u00e7\u00f5es da cidade e do concelho de Santar\u00e9m.<\/p>\n<p>Durante o dia, v\u00e1rios concursos merecem aten\u00e7\u00e3o: \u201c\u00c9gua Afilhada\u201d, \u201cCoudelarias\u201d, \u201cCabra Serrana Ecotipo Ribatejano\u201d e a \u201cEspecializada\u00a0de Ra\u00e7as Portuguesas, organizada pelo Clube Portugu\u00eas de\u00a0Canicultura\u201d.<\/p>\n<div class=\"fb-background-color\">\n\t\t\t  <div \n\t\t\t  \tclass = \"fb-comments\" \n\t\t\t  \tdata-href = \"https:\/\/www.entroncamentoonline.pt\/portal\/presidente-da-republica-anuncia-condecoracao-do-certame-e-inaugura-a-maior-feira-agricola-do-pais-numa-edicao-historica\/\"\n\t\t\t  \tdata-numposts = \"10\"\n\t\t\t  \tdata-lazy = \"true\"\n\t\t\t\tdata-colorscheme = \"light\"\n\t\t\t\tdata-order-by = \"social\"\n\t\t\t\tdata-mobile=true>\n\t\t\t  <\/div><\/div>\n\t\t  <style>\n\t\t    .fb-background-color {\n\t\t\t\tbackground:  !important;\n\t\t\t}\n\t\t\t.fb_iframe_widget_fluid_desktop iframe {\n\t\t\t    width: 100% !important;\n\t\t\t}\n\t\t  <\/style>\n\t\t  ","protected":false},"excerpt":{"rendered":"<p>O Presidente da Rep\u00fablica, Marcelo Rebelo de Sousa, inaugurou hoje. 8 de junho, a Feira Nacional de Agricultura \/ Feira do Ribatejo (FNA 24), certame que decorre no Centro Nacional de Exposi\u00e7\u00f5es, em Santar\u00e9m, e que se prolonga at\u00e9 ao dia 16 de junho. Este ano o evento tem um peso hist\u00f3rico significativo ao comemorar [&hellip;]<\/p>\n","protected":false},"author":1,"featured_media":63087,"comment_status":"open","ping_status":"closed","sticky":false,"template":"","format":"standard","meta":{"_acf_changed":false,"footnotes":""},"categories":[56,51,52,32,71,48],"tags":[],"class_list":{"0":"post-63086","1":"post","2":"type-post","3":"status-publish","4":"format-standard","5":"has-post-thumbnail","7":"category-1apagina","8":"category-breves","9":"category-geral","10":"category-noticias","11":"category-outras-noticias","12":"category-regiao"},"acf":[],"_links":{"self":[{"href":"https:\/\/www.entroncamentoonline.pt\/portal\/wp-json\/wp\/v2\/posts\/63086","targetHints":{"allow":["GET"]}}],"collection":[{"href":"https:\/\/www.entroncamentoonline.pt\/portal\/wp-json\/wp\/v2\/posts"}],"about":[{"href":"https:\/\/www.entroncamentoonline.pt\/portal\/wp-json\/wp\/v2\/types\/post"}],"author":[{"embeddable":true,"href":"https:\/\/www.entroncamentoonline.pt\/portal\/wp-json\/wp\/v2\/users\/1"}],"replies":[{"embeddable":true,"href":"https:\/\/www.entroncamentoonline.pt\/portal\/wp-json\/wp\/v2\/comments?post=63086"}],"version-history":[{"count":0,"href":"https:\/\/www.entroncamentoonline.pt\/portal\/wp-json\/wp\/v2\/posts\/63086\/revisions"}],"wp:featuredmedia":[{"embeddable":true,"href":"https:\/\/www.entroncamentoonline.pt\/portal\/wp-json\/wp\/v2\/media\/63087"}],"wp:attachment":[{"href":"https:\/\/www.entroncamentoonline.pt\/portal\/wp-json\/wp\/v2\/media?parent=63086"}],"wp:term":[{"taxonomy":"category","embeddable":true,"href":"https:\/\/www.entroncamentoonline.pt\/portal\/wp-json\/wp\/v2\/categories?post=63086"},{"taxonomy":"post_tag","embeddable":true,"href":"https:\/\/www.entroncamentoonline.pt\/portal\/wp-json\/wp\/v2\/tags?post=63086"}],"curies":[{"name":"wp","href":"https:\/\/api.w.org\/{rel}","templated":true}]}}