{"id":62838,"date":"2024-05-27T12:42:52","date_gmt":"2024-05-27T11:42:52","guid":{"rendered":"https:\/\/www.entroncamentoonline.pt\/portal\/?p=62838"},"modified":"2024-05-27T12:42:52","modified_gmt":"2024-05-27T11:42:52","slug":"noticias-tri-slb-escola-de-triatlo-vence-duatlo-da-amadora-e-mantem-lideranca-do-campeonato-regional","status":"publish","type":"post","link":"https:\/\/www.entroncamentoonline.pt\/portal\/noticias-tri-slb-escola-de-triatlo-vence-duatlo-da-amadora-e-mantem-lideranca-do-campeonato-regional\/","title":{"rendered":"Not\u00edcias TRI SLB |  Escola de Triatlo vence Duatlo da Amadora e mant\u00e9m lideran\u00e7a do Campeonato Regional"},"content":{"rendered":"<div class=\"x_elementToProof\">Duatlo da Amadora 2024 &#8211; 3\u00aa etapa do Campeonato Regional Jovem &#8211; Classifica\u00e7\u00f5es<\/div>\n<div>Sport Lisboa e Benfica<\/div>\n<div>Louren\u00e7o Martins (Benjamim)<\/div>\n<div>Manuel Reis (Infantis)<\/div>\n<div>Rita Pires (Infantis)<\/div>\n<div>Andr\u00e9 Martins (Iniciados)<\/div>\n<div>Sofia Margarido (Iniciados)<\/div>\n<div>Rodrigo Narigueta (Juvenis)<\/div>\n<div>Sofia Pires (Juvenis)<\/div>\n<div>Duarte Margarido (Cadetes)<\/div>\n<div>Miguel Ferreira (Cadetes)<\/div>\n<div>Na desloca\u00e7\u00e3o \u00e0 Amadora, para a 3\u00aa etapa do Campeonato Regional de Triatlo, desta vez na vertente de Duatlo BTT, o Sport Lisboa e Benfica apresentou-se com o objetivo de manter a lideran\u00e7a no campeonato, ap\u00f3s a vit\u00f3ria em Amora, e o 2\u00ba lugar em Vila Franca de Xira.<\/div>\n<div><\/div>\n<div>Os atletas estiveram mais uma vez em destaque, alcan\u00e7ando a 1\u00aa posi\u00e7\u00e3o coletiva, num p\u00f3dio composto pelo Associa\u00e7\u00e3o Naval Amorense (2\u00ba) e Escola Triatlo Santo Ant\u00f3nio \u00c9vora (3\u00ba). Com este resultado, o Sport Lisboa e Benfica consolida a lideran\u00e7a no campeonato regional jovem de 2024.<\/div>\n<div>Parab\u00e9ns a toda a equipa pela presta\u00e7\u00e3o, onde hoje houve dois \u201cbatismos\u201d de prova (Henrique Cortes\u00e3o e Kelly Godinho).<\/div>\n<div>No pr\u00f3ximo s\u00e1bado o Sport Lisboa e Benfica segue para Peniche, onde ir\u00e1 participar na 3\u00aa etapa do Campeonato Nacional Jovem, em formato de Aquatlo, na comemora\u00e7\u00e3o dos 40 anos do Triatlo em Portugal.<\/div>\n<div><\/div>\n<div>Benjamins Masculinos<\/div>\n<div>1. Louren\u00e7o Martins | 5. Matias Morgado | 15. Pedro Costa | 16. Henrique Cortes\u00e3o<\/div>\n<div>Benjamins Femininos<\/div>\n<div>15. Kelly Godinho<\/div>\n<div>Infantis Masculinos<\/div>\n<div>1. Martim Morgado | 2. Manuel Reis | 12. Rodrigo Pereira<\/div>\n<div>Infantis Femininos<\/div>\n<div>3. Rita Pires | 8. Yara Neves | 9. Matilde Lopes<\/div>\n<div>Iniciados Masculinos<\/div>\n<div>1. Andr\u00e9 Martins | 4. Ivan Fragoso | 5. Santiago Santos. | 6. Bernardo Miranda | 26. Guilherme Cortes\u00e3o<\/div>\n<div>Iniciados Femininos<\/div>\n<div>1. Sofia Margarido | 7. V\u00e2nia Crispim | 8. Luana Coelho | 21. Bruna Esteves<\/div>\n<div>Juvenis Masculinos<\/div>\n<div>1. Rodrigo Narigueta | 7. Francisco Gomes | 10. Manuel Gomes | 19. Tiago Ferreira<\/div>\n<div>Juvenis Femininos<\/div>\n<div>2. Sofia Pires | 4. Gabriela Santos | 6. Camila Franco<\/div>\n<div>Cadetes Masculinos<\/div>\n<div class=\"x_elementToProof\">1. Duarte Margarido | 2. Miguel Ferreira<\/div>\n<div class=\"fb-background-color\">\n\t\t\t  <div \n\t\t\t  \tclass = \"fb-comments\" \n\t\t\t  \tdata-href = \"https:\/\/www.entroncamentoonline.pt\/portal\/noticias-tri-slb-escola-de-triatlo-vence-duatlo-da-amadora-e-mantem-lideranca-do-campeonato-regional\/\"\n\t\t\t  \tdata-numposts = \"10\"\n\t\t\t  \tdata-lazy = \"true\"\n\t\t\t\tdata-colorscheme = \"light\"\n\t\t\t\tdata-order-by = \"social\"\n\t\t\t\tdata-mobile=true>\n\t\t\t  <\/div><\/div>\n\t\t  <style>\n\t\t    .fb-background-color {\n\t\t\t\tbackground:  !important;\n\t\t\t}\n\t\t\t.fb_iframe_widget_fluid_desktop iframe {\n\t\t\t    width: 100% !important;\n\t\t\t}\n\t\t  <\/style>\n\t\t  ","protected":false},"excerpt":{"rendered":"<p>Duatlo da Amadora 2024 &#8211; 3\u00aa etapa do Campeonato Regional Jovem &#8211; Classifica\u00e7\u00f5es Sport Lisboa e Benfica Louren\u00e7o Martins (Benjamim) Manuel Reis (Infantis) Rita Pires (Infantis) Andr\u00e9 Martins (Iniciados) Sofia Margarido (Iniciados) Rodrigo Narigueta (Juvenis) Sofia Pires (Juvenis) Duarte Margarido (Cadetes) Miguel Ferreira (Cadetes) Na desloca\u00e7\u00e3o \u00e0 Amadora, para a 3\u00aa etapa do Campeonato Regional [&hellip;]<\/p>\n","protected":false},"author":1,"featured_media":62848,"comment_status":"open","ping_status":"closed","sticky":false,"template":"","format":"standard","meta":{"_acf_changed":false,"footnotes":""},"categories":[25,26,32,1],"tags":[],"class_list":{"0":"post-62838","1":"post","2":"type-post","3":"status-publish","4":"format-standard","5":"has-post-thumbnail","7":"category-desporto","8":"category-entroncamento","9":"category-noticias","10":"category-sem-categoria"},"acf":[],"_links":{"self":[{"href":"https:\/\/www.entroncamentoonline.pt\/portal\/wp-json\/wp\/v2\/posts\/62838","targetHints":{"allow":["GET"]}}],"collection":[{"href":"https:\/\/www.entroncamentoonline.pt\/portal\/wp-json\/wp\/v2\/posts"}],"about":[{"href":"https:\/\/www.entroncamentoonline.pt\/portal\/wp-json\/wp\/v2\/types\/post"}],"author":[{"embeddable":true,"href":"https:\/\/www.entroncamentoonline.pt\/portal\/wp-json\/wp\/v2\/users\/1"}],"replies":[{"embeddable":true,"href":"https:\/\/www.entroncamentoonline.pt\/portal\/wp-json\/wp\/v2\/comments?post=62838"}],"version-history":[{"count":0,"href":"https:\/\/www.entroncamentoonline.pt\/portal\/wp-json\/wp\/v2\/posts\/62838\/revisions"}],"wp:featuredmedia":[{"embeddable":true,"href":"https:\/\/www.entroncamentoonline.pt\/portal\/wp-json\/wp\/v2\/media\/62848"}],"wp:attachment":[{"href":"https:\/\/www.entroncamentoonline.pt\/portal\/wp-json\/wp\/v2\/media?parent=62838"}],"wp:term":[{"taxonomy":"category","embeddable":true,"href":"https:\/\/www.entroncamentoonline.pt\/portal\/wp-json\/wp\/v2\/categories?post=62838"},{"taxonomy":"post_tag","embeddable":true,"href":"https:\/\/www.entroncamentoonline.pt\/portal\/wp-json\/wp\/v2\/tags?post=62838"}],"curies":[{"name":"wp","href":"https:\/\/api.w.org\/{rel}","templated":true}]}}