{"id":62821,"date":"2024-05-26T12:44:35","date_gmt":"2024-05-26T11:44:35","guid":{"rendered":"https:\/\/www.entroncamentoonline.pt\/portal\/?p=62821"},"modified":"2024-05-26T13:13:55","modified_gmt":"2024-05-26T12:13:55","slug":"centenas-de-bombeiros-no-entroncamento-em-comemoracao","status":"publish","type":"post","link":"https:\/\/www.entroncamentoonline.pt\/portal\/centenas-de-bombeiros-no-entroncamento-em-comemoracao\/","title":{"rendered":"Centenas de bombeiros no Entroncamento em comemora\u00e7\u00e3o"},"content":{"rendered":"<p><em>Centenas de bombeiros e bombeiras desfilaram esta manh\u00e3, na Pra\u00e7a da Rep\u00fablica, em frente \u00e0 esta\u00e7\u00e3o ferrovi\u00e1ria perante outras centenas de populares e representantes oficiais no dia Nacional Do Bombeiro<\/em><\/p>\n<p><img loading=\"lazy\" decoding=\"async\" class=\"size-medium wp-image-62823 aligncenter\" src=\"https:\/\/www.entroncamentoonline.pt\/portal\/wp-content\/uploads\/2024\/05\/IMG_1733-533x800.jpg\" alt=\"\" width=\"533\" height=\"800\" srcset=\"https:\/\/www.entroncamentoonline.pt\/portal\/wp-content\/uploads\/2024\/05\/IMG_1733-533x800.jpg 533w, https:\/\/www.entroncamentoonline.pt\/portal\/wp-content\/uploads\/2024\/05\/IMG_1733-1349x2024.jpg 1349w, https:\/\/www.entroncamentoonline.pt\/portal\/wp-content\/uploads\/2024\/05\/IMG_1733-768x1152.jpg 768w, https:\/\/www.entroncamentoonline.pt\/portal\/wp-content\/uploads\/2024\/05\/IMG_1733-1024x1536.jpg 1024w, https:\/\/www.entroncamentoonline.pt\/portal\/wp-content\/uploads\/2024\/05\/IMG_1733-1365x2048.jpg 1365w, https:\/\/www.entroncamentoonline.pt\/portal\/wp-content\/uploads\/2024\/05\/IMG_1733-696x1044.jpg 696w, https:\/\/www.entroncamentoonline.pt\/portal\/wp-content\/uploads\/2024\/05\/IMG_1733-1068x1602.jpg 1068w, https:\/\/www.entroncamentoonline.pt\/portal\/wp-content\/uploads\/2024\/05\/IMG_1733-1920x2880.jpg 1920w, https:\/\/www.entroncamentoonline.pt\/portal\/wp-content\/uploads\/2024\/05\/IMG_1733-280x420.jpg 280w, https:\/\/www.entroncamentoonline.pt\/portal\/wp-content\/uploads\/2024\/05\/IMG_1733-scaled.jpg 1707w\" sizes=\"auto, (max-width: 533px) 100vw, 533px\" \/><\/p>\n<p><img loading=\"lazy\" decoding=\"async\" class=\"alignnone size-medium wp-image-62830\" src=\"https:\/\/www.entroncamentoonline.pt\/portal\/wp-content\/uploads\/2024\/05\/IMG_1720-1-800x533.jpg\" alt=\"\" width=\"800\" height=\"533\" srcset=\"https:\/\/www.entroncamentoonline.pt\/portal\/wp-content\/uploads\/2024\/05\/IMG_1720-1-800x533.jpg 800w, https:\/\/www.entroncamentoonline.pt\/portal\/wp-content\/uploads\/2024\/05\/IMG_1720-1-2024x1349.jpg 2024w, https:\/\/www.entroncamentoonline.pt\/portal\/wp-content\/uploads\/2024\/05\/IMG_1720-1-768x512.jpg 768w, https:\/\/www.entroncamentoonline.pt\/portal\/wp-content\/uploads\/2024\/05\/IMG_1720-1-1536x1024.jpg 1536w, https:\/\/www.entroncamentoonline.pt\/portal\/wp-content\/uploads\/2024\/05\/IMG_1720-1-2048x1365.jpg 2048w, https:\/\/www.entroncamentoonline.pt\/portal\/wp-content\/uploads\/2024\/05\/IMG_1720-1-696x464.jpg 696w, https:\/\/www.entroncamentoonline.pt\/portal\/wp-content\/uploads\/2024\/05\/IMG_1720-1-1068x712.jpg 1068w, https:\/\/www.entroncamentoonline.pt\/portal\/wp-content\/uploads\/2024\/05\/IMG_1720-1-1920x1280.jpg 1920w, https:\/\/www.entroncamentoonline.pt\/portal\/wp-content\/uploads\/2024\/05\/IMG_1720-1-630x420.jpg 630w\" sizes=\"auto, (max-width: 800px) 100vw, 800px\" \/><\/p>\n<p>Ao som de tambores, dezenas de corpora\u00e7\u00f5es de todo o pa\u00eds desfilaram hoje, dia 26 de maio, junto \u00e0 pra\u00e7a onde, tamb\u00e9m, esta instalada a pira que assinala a data, e onde estiveram presentes autarcas do munic\u00edpio, deputados \u00e0 assembleia da rep\u00fablica e governantes.<\/p>\n<p><img loading=\"lazy\" decoding=\"async\" class=\"alignnone size-medium wp-image-62824\" src=\"https:\/\/www.entroncamentoonline.pt\/portal\/wp-content\/uploads\/2024\/05\/IMG_1709-800x533.jpg\" alt=\"\" width=\"800\" height=\"533\" srcset=\"https:\/\/www.entroncamentoonline.pt\/portal\/wp-content\/uploads\/2024\/05\/IMG_1709-800x533.jpg 800w, https:\/\/www.entroncamentoonline.pt\/portal\/wp-content\/uploads\/2024\/05\/IMG_1709-2024x1349.jpg 2024w, https:\/\/www.entroncamentoonline.pt\/portal\/wp-content\/uploads\/2024\/05\/IMG_1709-768x512.jpg 768w, https:\/\/www.entroncamentoonline.pt\/portal\/wp-content\/uploads\/2024\/05\/IMG_1709-1536x1024.jpg 1536w, https:\/\/www.entroncamentoonline.pt\/portal\/wp-content\/uploads\/2024\/05\/IMG_1709-2048x1365.jpg 2048w, https:\/\/www.entroncamentoonline.pt\/portal\/wp-content\/uploads\/2024\/05\/IMG_1709-696x464.jpg 696w, https:\/\/www.entroncamentoonline.pt\/portal\/wp-content\/uploads\/2024\/05\/IMG_1709-1068x712.jpg 1068w, https:\/\/www.entroncamentoonline.pt\/portal\/wp-content\/uploads\/2024\/05\/IMG_1709-1920x1280.jpg 1920w, https:\/\/www.entroncamentoonline.pt\/portal\/wp-content\/uploads\/2024\/05\/IMG_1709-630x420.jpg 630w\" sizes=\"auto, (max-width: 800px) 100vw, 800px\" \/><\/p>\n<p>O maior aplauso da parada foi para os dois grupos de crian\u00e7as vestidas a rigor que se juntaram \u00e0 marcha.<\/p>\n<p><img loading=\"lazy\" decoding=\"async\" class=\"alignnone size-medium wp-image-62825\" src=\"https:\/\/www.entroncamentoonline.pt\/portal\/wp-content\/uploads\/2024\/05\/IMG_1712-800x533.jpg\" alt=\"\" width=\"800\" height=\"533\" srcset=\"https:\/\/www.entroncamentoonline.pt\/portal\/wp-content\/uploads\/2024\/05\/IMG_1712-800x533.jpg 800w, https:\/\/www.entroncamentoonline.pt\/portal\/wp-content\/uploads\/2024\/05\/IMG_1712-2024x1349.jpg 2024w, https:\/\/www.entroncamentoonline.pt\/portal\/wp-content\/uploads\/2024\/05\/IMG_1712-768x512.jpg 768w, https:\/\/www.entroncamentoonline.pt\/portal\/wp-content\/uploads\/2024\/05\/IMG_1712-1536x1024.jpg 1536w, https:\/\/www.entroncamentoonline.pt\/portal\/wp-content\/uploads\/2024\/05\/IMG_1712-2048x1365.jpg 2048w, https:\/\/www.entroncamentoonline.pt\/portal\/wp-content\/uploads\/2024\/05\/IMG_1712-696x464.jpg 696w, https:\/\/www.entroncamentoonline.pt\/portal\/wp-content\/uploads\/2024\/05\/IMG_1712-1068x712.jpg 1068w, https:\/\/www.entroncamentoonline.pt\/portal\/wp-content\/uploads\/2024\/05\/IMG_1712-1920x1280.jpg 1920w, https:\/\/www.entroncamentoonline.pt\/portal\/wp-content\/uploads\/2024\/05\/IMG_1712-630x420.jpg 630w\" sizes=\"auto, (max-width: 800px) 100vw, 800px\" \/><\/p>\n<p>As celebra\u00e7\u00f5es mudaram-se depois para o Museu Nacional Ferrovi\u00e1rio onde decorreu a sess\u00e3o solene. Refira-se que o Museu Nacional Ferrovi\u00e1rio ir\u00e1 ter entradas gratuitas para bombeiros e familiares durante o dia.<\/p>\n<p><img loading=\"lazy\" decoding=\"async\" class=\"alignnone size-medium wp-image-62827\" src=\"https:\/\/www.entroncamentoonline.pt\/portal\/wp-content\/uploads\/2024\/05\/IMG_1719-800x533.jpg\" alt=\"\" width=\"800\" height=\"533\" srcset=\"https:\/\/www.entroncamentoonline.pt\/portal\/wp-content\/uploads\/2024\/05\/IMG_1719-800x533.jpg 800w, https:\/\/www.entroncamentoonline.pt\/portal\/wp-content\/uploads\/2024\/05\/IMG_1719-2024x1349.jpg 2024w, https:\/\/www.entroncamentoonline.pt\/portal\/wp-content\/uploads\/2024\/05\/IMG_1719-768x512.jpg 768w, https:\/\/www.entroncamentoonline.pt\/portal\/wp-content\/uploads\/2024\/05\/IMG_1719-1536x1024.jpg 1536w, https:\/\/www.entroncamentoonline.pt\/portal\/wp-content\/uploads\/2024\/05\/IMG_1719-2048x1365.jpg 2048w, https:\/\/www.entroncamentoonline.pt\/portal\/wp-content\/uploads\/2024\/05\/IMG_1719-696x464.jpg 696w, https:\/\/www.entroncamentoonline.pt\/portal\/wp-content\/uploads\/2024\/05\/IMG_1719-1068x712.jpg 1068w, https:\/\/www.entroncamentoonline.pt\/portal\/wp-content\/uploads\/2024\/05\/IMG_1719-1920x1280.jpg 1920w, https:\/\/www.entroncamentoonline.pt\/portal\/wp-content\/uploads\/2024\/05\/IMG_1719-630x420.jpg 630w\" sizes=\"auto, (max-width: 800px) 100vw, 800px\" \/><\/p>\n<p>O encerramento das cerim\u00f3nias vai decorrer, novamente, na Pra\u00e7a da Rep\u00fablica pelas 16h00.<\/p>\n<p><em>Texto e Fotos: Ricardo Alves<\/em><\/p>\n<div class=\"fb-background-color\">\n\t\t\t  <div \n\t\t\t  \tclass = \"fb-comments\" \n\t\t\t  \tdata-href = \"https:\/\/www.entroncamentoonline.pt\/portal\/centenas-de-bombeiros-no-entroncamento-em-comemoracao\/\"\n\t\t\t  \tdata-numposts = \"10\"\n\t\t\t  \tdata-lazy = \"true\"\n\t\t\t\tdata-colorscheme = \"light\"\n\t\t\t\tdata-order-by = \"social\"\n\t\t\t\tdata-mobile=true>\n\t\t\t  <\/div><\/div>\n\t\t  <style>\n\t\t    .fb-background-color {\n\t\t\t\tbackground:  !important;\n\t\t\t}\n\t\t\t.fb_iframe_widget_fluid_desktop iframe {\n\t\t\t    width: 100% !important;\n\t\t\t}\n\t\t  <\/style>\n\t\t  ","protected":false},"excerpt":{"rendered":"<p>Centenas de bombeiros e bombeiras desfilaram esta manh\u00e3, na Pra\u00e7a da Rep\u00fablica, em frente \u00e0 esta\u00e7\u00e3o ferrovi\u00e1ria perante outras centenas de populares e representantes oficiais no dia Nacional Do Bombeiro Ao som de tambores, dezenas de corpora\u00e7\u00f5es de todo o pa\u00eds desfilaram hoje, dia 26 de maio, junto \u00e0 pra\u00e7a onde, tamb\u00e9m, esta instalada a [&hellip;]<\/p>\n","protected":false},"author":43,"featured_media":62822,"comment_status":"open","ping_status":"closed","sticky":false,"template":"","format":"standard","meta":{"_acf_changed":false,"footnotes":""},"categories":[56,26,1],"tags":[],"class_list":{"0":"post-62821","1":"post","2":"type-post","3":"status-publish","4":"format-standard","5":"has-post-thumbnail","7":"category-1apagina","8":"category-entroncamento","9":"category-sem-categoria"},"acf":[],"_links":{"self":[{"href":"https:\/\/www.entroncamentoonline.pt\/portal\/wp-json\/wp\/v2\/posts\/62821","targetHints":{"allow":["GET"]}}],"collection":[{"href":"https:\/\/www.entroncamentoonline.pt\/portal\/wp-json\/wp\/v2\/posts"}],"about":[{"href":"https:\/\/www.entroncamentoonline.pt\/portal\/wp-json\/wp\/v2\/types\/post"}],"author":[{"embeddable":true,"href":"https:\/\/www.entroncamentoonline.pt\/portal\/wp-json\/wp\/v2\/users\/43"}],"replies":[{"embeddable":true,"href":"https:\/\/www.entroncamentoonline.pt\/portal\/wp-json\/wp\/v2\/comments?post=62821"}],"version-history":[{"count":0,"href":"https:\/\/www.entroncamentoonline.pt\/portal\/wp-json\/wp\/v2\/posts\/62821\/revisions"}],"wp:featuredmedia":[{"embeddable":true,"href":"https:\/\/www.entroncamentoonline.pt\/portal\/wp-json\/wp\/v2\/media\/62822"}],"wp:attachment":[{"href":"https:\/\/www.entroncamentoonline.pt\/portal\/wp-json\/wp\/v2\/media?parent=62821"}],"wp:term":[{"taxonomy":"category","embeddable":true,"href":"https:\/\/www.entroncamentoonline.pt\/portal\/wp-json\/wp\/v2\/categories?post=62821"},{"taxonomy":"post_tag","embeddable":true,"href":"https:\/\/www.entroncamentoonline.pt\/portal\/wp-json\/wp\/v2\/tags?post=62821"}],"curies":[{"name":"wp","href":"https:\/\/api.w.org\/{rel}","templated":true}]}}