{"id":6193,"date":"2019-04-30T14:39:20","date_gmt":"2019-04-30T13:39:20","guid":{"rendered":"https:\/\/www.entroncamentoonline.pt\/portal\/?p=6193"},"modified":"2019-04-30T14:52:27","modified_gmt":"2019-04-30T13:52:27","slug":"assembleia-municipal-do-entroncamento-presidente-dos-bombeiros-exige-mais-apoio-a-autarquia-ameacando-com-demissao","status":"publish","type":"post","link":"https:\/\/www.entroncamentoonline.pt\/portal\/assembleia-municipal-do-entroncamento-presidente-dos-bombeiros-exige-mais-apoio-a-autarquia-ameacando-com-demissao\/","title":{"rendered":"Assembleia Municipal do Entroncamento | Presidente dos Bombeiros exige mais apoio \u00e0 Autarquia, amea\u00e7ando com demiss\u00e3o"},"content":{"rendered":"<p>Jos\u00e9 Salvado, Presidente da Associa\u00e7\u00e3o Humanit\u00e1ria dos Bombeiros Volunt\u00e1rios do Entroncamento foi \u00e0 Assembleia Municipal e no per\u00edodo de interven\u00e7\u00e3o do p\u00fablico exigiu \u00e0 autarquia \u201cuma interven\u00e7\u00e3o financeira que urge p\u00f4r em pr\u00e1tica e que ir\u00e1 certamente facilitar a aquisi\u00e7\u00e3o de equipamentos para atualiza\u00e7\u00e3o dos existentes\u201d.<\/p>\n<p>Para Jos\u00e9 Salvado, \u201cAs ocorr\u00eancias de prote\u00e7\u00e3o civil s\u00e3o uma \u00e1rea em que a Associa\u00e7\u00e3o \u00e9 penalizada, em nenhum dos casos tem comparticipa\u00e7\u00e3o financeira adequada, o que d\u00e1 origem a que a situa\u00e7\u00e3o econ\u00f3mico-financeira se mantenha em permanente desequil\u00edbrio\u201d.<\/p>\n<p><img loading=\"lazy\" decoding=\"async\" class=\"size-full wp-image-6196 aligncenter\" src=\"https:\/\/www.entroncamentoonline.pt\/portal\/wp-content\/uploads\/2019\/04\/SubsidiosBombeiros0001.jpg\" alt=\"\" width=\"567\" height=\"440\" srcset=\"https:\/\/www.entroncamentoonline.pt\/portal\/wp-content\/uploads\/2019\/04\/SubsidiosBombeiros0001.jpg 567w, https:\/\/www.entroncamentoonline.pt\/portal\/wp-content\/uploads\/2019\/04\/SubsidiosBombeiros0001-541x420.jpg 541w\" sizes=\"auto, (max-width: 567px) 100vw, 567px\" \/>O Presidente dos Bombeiros do Entroncamento reivindica a necessidade de ter \u201cprotocolos bem definidos com a nossa autarquia, que perante os cidad\u00e3os, tem a responsabilidade primeira de responder a essas necessidades\u201d.<\/p>\n<p>A terminar Jos\u00e9 Salvado afirmou que \u201cN\u00e3o temos condi\u00e7\u00f5es econ\u00f3micas para continuar a garantir um servi\u00e7o de excel\u00eancia, prontid\u00e3o por muito mais tempo, sem um assumir da responsabilidade de comparticipa\u00e7\u00e3o financeira por parte da nossa autarquia, arriscando assim a continuidade desta Dire\u00e7\u00e3o \u00e0 frente dos destinos desta nossa nobre institui\u00e7\u00e3o\u201d, continuando a afirmar que \u201csomos a Associa\u00e7\u00e3o com o menor subs\u00eddio financeiro do Distrito de Santar\u00e9m, e qui\u00e7\u00e1 do pa\u00eds, como o senhor Presidente da C\u00e2mara bem sabe\u201d.<\/p>\n<figure id=\"attachment_6197\" aria-describedby=\"caption-attachment-6197\" style=\"width: 663px\" class=\"wp-caption aligncenter\"><img loading=\"lazy\" decoding=\"async\" class=\"size-full wp-image-6197\" src=\"https:\/\/www.entroncamentoonline.pt\/portal\/wp-content\/uploads\/2019\/04\/Jos\u00e9SalvadoAM2.jpg\" alt=\"\" width=\"663\" height=\"376\" \/><figcaption id=\"caption-attachment-6197\" class=\"wp-caption-text\">Foto EOL<\/figcaption><\/figure>\n<p>Na resposta, Jorge Faria, Presidente da C\u00e2mara Municipal do Entroncamento, que tamb\u00e9m \u00e9 Presidente do Conselho Fiscal da AHBVE, estranhou \u201ca forma como est\u00e1 a colocar os problemas, na medida em que, os seis anos em que temos trabalhado, eu enquanto Presidente do Munic\u00edpio e o Senhor Presidente, enquanto Presidente da AHBVE, que eu sou o Presidente do Conselho Fiscal, sempre o fizemos com uma transpar\u00eancia total, no pressuposto de resolver os problemas dos bombeiros e da cidade\u201d.<\/p>\n<p>Jorge Faria afirmou ainda que, \u201ceu sou o Presidente do Conselho Fiscal e n\u00e3o tenho conhecimento que a Associa\u00e7\u00e3o Volunt\u00e1ria dos Bombeiros Volunt\u00e1rios do Entroncamento tenha uma situa\u00e7\u00e3o financeira desequilibrada, e garanto-vos que estou atento \u00e0 situa\u00e7\u00e3o financeira. A n\u00e3o ser que tenha sido no \u00faltimo m\u00eas que tenha havido alguma situa\u00e7\u00e3o de descalabro\u201d.<\/p>\n<p>O Presidente da C\u00e2mara Municipal do Entroncamento, Jorge Faria, desagradado com a interven\u00e7\u00e3o do Presidente dos Bombeiros, sublinhou que, \u201ctem sido pr\u00e1tica at\u00e9 hoje, quando h\u00e1 um problema, quando h\u00e1 uma situa\u00e7\u00e3o, temos encontrado sempre solu\u00e7\u00f5es em nome dos bombeiros e da cidade\u201d.<\/p>\n<p>A finalizar Jorge Faria concluiu que \u201ceu s\u00f3 vejo isto com alguma tentativa de protagonismo, com alguma agenda que o senhor Presidente da AHBVE possa ter, e querer usar os bombeiros com esse fim. Comigo n\u00e3o conta senhor Presidente dos bombeiros. Estou aqui para trabalhar pela cidade e estou aqui para trabalhar pelos bombeiros e vamos resolver, de facto, os problemas que possam existir\u201d.<\/p>\n<p><a href=\"https:\/\/youtu.be\/zZb2sJN5jAE\"><img loading=\"lazy\" decoding=\"async\" class=\"aligncenter wp-image-6204 size-full\" src=\"https:\/\/www.entroncamentoonline.pt\/portal\/wp-content\/uploads\/2019\/04\/VideoPresidentes.jpg\" alt=\"\" width=\"604\" height=\"337\" \/><\/a><\/p>\n<div class=\"fb-background-color\">\n\t\t\t  <div \n\t\t\t  \tclass = \"fb-comments\" \n\t\t\t  \tdata-href = \"https:\/\/www.entroncamentoonline.pt\/portal\/assembleia-municipal-do-entroncamento-presidente-dos-bombeiros-exige-mais-apoio-a-autarquia-ameacando-com-demissao\/\"\n\t\t\t  \tdata-numposts = \"10\"\n\t\t\t  \tdata-lazy = \"true\"\n\t\t\t\tdata-colorscheme = \"light\"\n\t\t\t\tdata-order-by = \"social\"\n\t\t\t\tdata-mobile=true>\n\t\t\t  <\/div><\/div>\n\t\t  <style>\n\t\t    .fb-background-color {\n\t\t\t\tbackground:  !important;\n\t\t\t}\n\t\t\t.fb_iframe_widget_fluid_desktop iframe {\n\t\t\t    width: 100% !important;\n\t\t\t}\n\t\t  <\/style>\n\t\t  ","protected":false},"excerpt":{"rendered":"<p>Jos\u00e9 Salvado, Presidente da Associa\u00e7\u00e3o Humanit\u00e1ria dos Bombeiros Volunt\u00e1rios do Entroncamento foi \u00e0 Assembleia Municipal e no per\u00edodo de interven\u00e7\u00e3o do p\u00fablico exigiu \u00e0 autarquia \u201cuma interven\u00e7\u00e3o financeira que urge p\u00f4r em pr\u00e1tica e que ir\u00e1 certamente facilitar a aquisi\u00e7\u00e3o de equipamentos para atualiza\u00e7\u00e3o dos existentes\u201d. Para Jos\u00e9 Salvado, \u201cAs ocorr\u00eancias de prote\u00e7\u00e3o civil s\u00e3o [&hellip;]<\/p>\n","protected":false},"author":1,"featured_media":6195,"comment_status":"open","ping_status":"closed","sticky":false,"template":"","format":"standard","meta":{"_acf_changed":false,"footnotes":""},"categories":[26,32],"tags":[],"class_list":{"0":"post-6193","1":"post","2":"type-post","3":"status-publish","4":"format-standard","5":"has-post-thumbnail","7":"category-entroncamento","8":"category-noticias"},"acf":[],"_links":{"self":[{"href":"https:\/\/www.entroncamentoonline.pt\/portal\/wp-json\/wp\/v2\/posts\/6193","targetHints":{"allow":["GET"]}}],"collection":[{"href":"https:\/\/www.entroncamentoonline.pt\/portal\/wp-json\/wp\/v2\/posts"}],"about":[{"href":"https:\/\/www.entroncamentoonline.pt\/portal\/wp-json\/wp\/v2\/types\/post"}],"author":[{"embeddable":true,"href":"https:\/\/www.entroncamentoonline.pt\/portal\/wp-json\/wp\/v2\/users\/1"}],"replies":[{"embeddable":true,"href":"https:\/\/www.entroncamentoonline.pt\/portal\/wp-json\/wp\/v2\/comments?post=6193"}],"version-history":[{"count":0,"href":"https:\/\/www.entroncamentoonline.pt\/portal\/wp-json\/wp\/v2\/posts\/6193\/revisions"}],"wp:featuredmedia":[{"embeddable":true,"href":"https:\/\/www.entroncamentoonline.pt\/portal\/wp-json\/wp\/v2\/media\/6195"}],"wp:attachment":[{"href":"https:\/\/www.entroncamentoonline.pt\/portal\/wp-json\/wp\/v2\/media?parent=6193"}],"wp:term":[{"taxonomy":"category","embeddable":true,"href":"https:\/\/www.entroncamentoonline.pt\/portal\/wp-json\/wp\/v2\/categories?post=6193"},{"taxonomy":"post_tag","embeddable":true,"href":"https:\/\/www.entroncamentoonline.pt\/portal\/wp-json\/wp\/v2\/tags?post=6193"}],"curies":[{"name":"wp","href":"https:\/\/api.w.org\/{rel}","templated":true}]}}