{"id":6189,"date":"2019-04-30T10:17:35","date_gmt":"2019-04-30T09:17:35","guid":{"rendered":"https:\/\/www.entroncamentoonline.pt\/portal\/?p=6189"},"modified":"2019-04-30T10:17:35","modified_gmt":"2019-04-30T09:17:35","slug":"entroncamento-mercado-municipal-reinaugurado-a-7-de-junho-com-a-presenca-do-sec-estado-das-autarquias-locais","status":"publish","type":"post","link":"https:\/\/www.entroncamentoonline.pt\/portal\/entroncamento-mercado-municipal-reinaugurado-a-7-de-junho-com-a-presenca-do-sec-estado-das-autarquias-locais\/","title":{"rendered":"ENTRONCAMENTO | Mercado Municipal reinaugurado a 7 de junho com a presen\u00e7a do Sec. Estado das Autarquias Locais"},"content":{"rendered":"<p>O Mercado Municipal do Entroncamento vai ser reinaugurado ap\u00f3s as obras de requalifica\u00e7\u00e3o a que foi sujeito no dia 7 de junho pelas 11 horas com a presen\u00e7a do Secret\u00e1rio de Estado das Autarquias Locais, Carlos Miguel.<\/p>\n<p>O an\u00fancio foi feito por Jorge Faria, Presidente da C\u00e2mara Municipal, na Assembleia Municipal que se realizou na segunda-feira.<\/p>\n<p>Jorge Faria referiu ainda, que em princ\u00edpio, ser\u00e3o tamb\u00e9m inaugurados os dois novos espa\u00e7os interiores de restaura\u00e7\u00e3o e respetiva zona de esplanada.<\/p>\n<div class=\"fb-background-color\">\n\t\t\t  <div \n\t\t\t  \tclass = \"fb-comments\" \n\t\t\t  \tdata-href = \"https:\/\/www.entroncamentoonline.pt\/portal\/entroncamento-mercado-municipal-reinaugurado-a-7-de-junho-com-a-presenca-do-sec-estado-das-autarquias-locais\/\"\n\t\t\t  \tdata-numposts = \"10\"\n\t\t\t  \tdata-lazy = \"true\"\n\t\t\t\tdata-colorscheme = \"light\"\n\t\t\t\tdata-order-by = \"social\"\n\t\t\t\tdata-mobile=true>\n\t\t\t  <\/div><\/div>\n\t\t  <style>\n\t\t    .fb-background-color {\n\t\t\t\tbackground:  !important;\n\t\t\t}\n\t\t\t.fb_iframe_widget_fluid_desktop iframe {\n\t\t\t    width: 100% !important;\n\t\t\t}\n\t\t  <\/style>\n\t\t  ","protected":false},"excerpt":{"rendered":"<p>O Mercado Municipal do Entroncamento vai ser reinaugurado ap\u00f3s as obras de requalifica\u00e7\u00e3o a que foi sujeito no dia 7 de junho pelas 11 horas com a presen\u00e7a do Secret\u00e1rio de Estado das Autarquias Locais, Carlos Miguel. O an\u00fancio foi feito por Jorge Faria, Presidente da C\u00e2mara Municipal, na Assembleia Municipal que se realizou na [&hellip;]<\/p>\n","protected":false},"author":1,"featured_media":6190,"comment_status":"open","ping_status":"closed","sticky":false,"template":"","format":"standard","meta":{"_acf_changed":false,"footnotes":""},"categories":[26,32],"tags":[],"class_list":{"0":"post-6189","1":"post","2":"type-post","3":"status-publish","4":"format-standard","5":"has-post-thumbnail","7":"category-entroncamento","8":"category-noticias"},"acf":[],"_links":{"self":[{"href":"https:\/\/www.entroncamentoonline.pt\/portal\/wp-json\/wp\/v2\/posts\/6189","targetHints":{"allow":["GET"]}}],"collection":[{"href":"https:\/\/www.entroncamentoonline.pt\/portal\/wp-json\/wp\/v2\/posts"}],"about":[{"href":"https:\/\/www.entroncamentoonline.pt\/portal\/wp-json\/wp\/v2\/types\/post"}],"author":[{"embeddable":true,"href":"https:\/\/www.entroncamentoonline.pt\/portal\/wp-json\/wp\/v2\/users\/1"}],"replies":[{"embeddable":true,"href":"https:\/\/www.entroncamentoonline.pt\/portal\/wp-json\/wp\/v2\/comments?post=6189"}],"version-history":[{"count":0,"href":"https:\/\/www.entroncamentoonline.pt\/portal\/wp-json\/wp\/v2\/posts\/6189\/revisions"}],"wp:featuredmedia":[{"embeddable":true,"href":"https:\/\/www.entroncamentoonline.pt\/portal\/wp-json\/wp\/v2\/media\/6190"}],"wp:attachment":[{"href":"https:\/\/www.entroncamentoonline.pt\/portal\/wp-json\/wp\/v2\/media?parent=6189"}],"wp:term":[{"taxonomy":"category","embeddable":true,"href":"https:\/\/www.entroncamentoonline.pt\/portal\/wp-json\/wp\/v2\/categories?post=6189"},{"taxonomy":"post_tag","embeddable":true,"href":"https:\/\/www.entroncamentoonline.pt\/portal\/wp-json\/wp\/v2\/tags?post=6189"}],"curies":[{"name":"wp","href":"https:\/\/api.w.org\/{rel}","templated":true}]}}