{"id":61476,"date":"2024-03-14T10:22:31","date_gmt":"2024-03-14T10:22:31","guid":{"rendered":"https:\/\/www.entroncamentoonline.pt\/portal\/?p=61476"},"modified":"2024-03-14T14:25:18","modified_gmt":"2024-03-14T14:25:18","slug":"rota-dos-templarios-no-medio-tejo-ja-esta-disponivel-ao-publico","status":"publish","type":"post","link":"https:\/\/www.entroncamentoonline.pt\/portal\/rota-dos-templarios-no-medio-tejo-ja-esta-disponivel-ao-publico\/","title":{"rendered":"Rota dos Templ\u00e1rios no M\u00e9dio Tejo j\u00e1 est\u00e1 dispon\u00edvel ao p\u00fablico"},"content":{"rendered":"<p class=\"x_MsoNormal\">\u201cQueremos acreditar, que hoje damos o primeiro passo para que este projeto deixe de ser um projeto, para iniciar o seu caminho enquanto produto tur\u00edstico integrado desta regi\u00e3o, no Centro de Portugal\u201d.<\/p>\n<p class=\"x_MsoNormal\">Foi deste modo que o presidente da CIM M\u00e9dio Tejo, Manuel Jorge Valamatos, iniciou o seu discurso na cerim\u00f3nia de apresenta\u00e7\u00e3o p\u00fablica da Rota dos Templ\u00e1rio no M\u00e9dio Tejo, que decorreu ontem, no Convento de Cristo, em Tomar, perante uma sala cheia de entidades parceiras do projeto.<\/p>\n<p class=\"x_MsoNormal\">O dia 13 de mar\u00e7o revestiu-se de grande import\u00e2ncia para a CIM M\u00e9dio Tejo, pois ontem a CIM e os seus munic\u00edpios apresentaram ao p\u00fablico a Rota dos Templ\u00e1rios, que\u00a0\u00e9 assim uma nova oferta tur\u00edstica para quem visita a regi\u00e3o e representa o primeiro passo para uma rota de express\u00e3o nacional.<\/p>\n<p>A ocasi\u00e3o foi marcada\u00a0pela abertura de uma das experi\u00eancias desta rota, a \u201cReconstitui\u00e7\u00e3o do Cerco ao Castelo de Tomar\u201d, numa das salas do Convento de Cristo, atrav\u00e9s de videoproje\u00e7\u00e3o, em maquete 3D e tamb\u00e9m de um espa\u00e7o imersivo dedicado \u00e0 regi\u00e3o do M\u00e9dio Tejo.<\/p>\n<p>\u201cAcreditamos que s\u00e3o experi\u00eancias que potenciam e melhoram a experi\u00eancia de visita\u00e7\u00e3o dos recursos e monumentos templ\u00e1rios do nosso territ\u00f3rio, atrativos para todas as idades e para p\u00fablicos diversos, desde os mais novos, aos mais velhos e que decerto v\u00e3o atrair mais turistas e visitantes \u00e0 nossa regi\u00e3o\u201d, evidenciou o presidente da CIM M\u00e9dio Tejo, deixando o convite \u00e0 visita.<\/p>\n<p>A cerim\u00f3nia foi marcada por v\u00e1rios discursos que exaltaram as potencialidades desta Rota e o quanto ela vai \u201cqualificar o M\u00e9dio Tejo e a regi\u00e3o Centro como destino\u201d e permitir \u201cinterliga\u00e7\u00f5es com o turismo religioso, a gastronomia, o turismo industrial\u201d e outros, tal como mencionou a vice-presidente da Entidade Regional do Turismo do Centro, Anabela Freitas.<\/p>\n<p>J\u00e1 o presidente do Turismo de Portugal, Carlos Abade, destacou o trabalho de parceria entre a entidade que preside, a CIM M\u00e9dio Tejo e os munic\u00edpios, tendo feito notar que o desafio do setor do Turismo \u00e9 \u201ccontinuar a crescer\u201d em qualidade e esta Rota vai tamb\u00e9m contribuir para esse des\u00edgnio.<\/p>\n<p>A diretora do Convento de Cristo, Andreia Galv\u00e3o, e o presidente da CM de Tomar, Hugo Crist\u00f3v\u00e3o, tamb\u00e9m destacaram as mais valias desta Rota, n\u00e3o s\u00f3 para a dinamiza\u00e7\u00e3o do Convento, como tamb\u00e9m, numa perspetiva de dinamiza\u00e7\u00e3o tur\u00edstica de toda a regi\u00e3o.<\/p>\n<p>O presidente da CM de Tomar salientou \u201ca import\u00e2ncia de trabalharmos em conjunto e olharmos para o territ\u00f3rio numa perspetiva de redes, ganhando escala\u201d, disse Hugo Crist\u00f3v\u00e3o, tendo recordado que, h\u00e1 cerca de uma d\u00e9cada, o munic\u00edpio de Tomar iniciou a cria\u00e7\u00e3o da Rota Europeia, das cidades templ\u00e1rias, que se tem vindo a desenvolver com um conjunto de parceiros internacionais e que a Rota dos Templ\u00e1rios no M\u00e9dio Tejo \u00e9 mais um contributo para este grande projeto.<\/p>\n<p>Neste territ\u00f3rio, a Rota abrange sete munic\u00edpios, s\u00e3o eles: Abrantes, Ferreira do Z\u00eazere, Our\u00e9m, Sert\u00e3, Tomar, Torres Novas e Vila Nova da Barquinha.<\/p>\n<p>Nestes concelhos, a Rota agrega v\u00e1rios recursos patrimoniais com v\u00ednculo \u00e0 tem\u00e1tica templ\u00e1ria e algumas experi\u00eancias imersivas. Em Vila Nova da Barquinha, no Centro de Interpreta\u00e7\u00e3o Templ\u00e1rio de Almourol, encontra-se uma visita virtual ao Castelo de Almourol, que apresenta em detalhe, num ecr\u00e3 180\u00ba, aquele monumento templ\u00e1rio.<\/p>\n<p>Em Ferreira do Z\u00eazere, a CIM M\u00e9dio Tejo e o munic\u00edpio contam disponibilizar na torre templ\u00e1ria de Dornes, uma experi\u00eancia de v\u00eddeo mapping que ir\u00e1 retratar as lendas da Torre de Dornes e de Nossa Senhora do Pranto. Experi\u00eancia essa que ficar\u00e1 dispon\u00edvel ao p\u00fablico ap\u00f3s o t\u00e9rmino das atuais obras que a torre est\u00e1 a ser alvo.<\/p>\n<p>Est\u00e1 tamb\u00e9m dispon\u00edvel, com conte\u00fados bastante ricos sobre esta tem\u00e1tica, o novo site\u00a0<a href=\"https:\/\/templarportugal.com\/pt\/\" data-auth=\"NotApplicable\" data-linkindex=\"0\">templarportugal.com<\/a>\u00a0, a APP Rota dos Templ\u00e1rios, e outras ferramentas de comunica\u00e7\u00e3o. Nestes suportes \u00e9 poss\u00edvel conhecer todos os detalhes desta nova oferta tur\u00edstica, construir um percurso de visita e saber mais sobre os templ\u00e1rios.<\/p>\n<p>A Rota dos Templ\u00e1rios no M\u00e9dio Tejo resultou das candidaturas da CIM M\u00e9dio Tejo e dos munic\u00edpios, aprovadas na Linha de Apoio \u00e0 Valoriza\u00e7\u00e3o Tur\u00edstica do Interior do Turismo de Portugal, representado um investimento total de cerca de 1,4 milh\u00f5es de euros.<\/p>\n<div class=\"fb-background-color\">\n\t\t\t  <div \n\t\t\t  \tclass = \"fb-comments\" \n\t\t\t  \tdata-href = \"https:\/\/www.entroncamentoonline.pt\/portal\/rota-dos-templarios-no-medio-tejo-ja-esta-disponivel-ao-publico\/\"\n\t\t\t  \tdata-numposts = \"10\"\n\t\t\t  \tdata-lazy = \"true\"\n\t\t\t\tdata-colorscheme = \"light\"\n\t\t\t\tdata-order-by = \"social\"\n\t\t\t\tdata-mobile=true>\n\t\t\t  <\/div><\/div>\n\t\t  <style>\n\t\t    .fb-background-color {\n\t\t\t\tbackground:  !important;\n\t\t\t}\n\t\t\t.fb_iframe_widget_fluid_desktop iframe {\n\t\t\t    width: 100% !important;\n\t\t\t}\n\t\t  <\/style>\n\t\t  ","protected":false},"excerpt":{"rendered":"<p>\u201cQueremos acreditar, que hoje damos o primeiro passo para que este projeto deixe de ser um projeto, para iniciar o seu caminho enquanto produto tur\u00edstico integrado desta regi\u00e3o, no Centro de Portugal\u201d. Foi deste modo que o presidente da CIM M\u00e9dio Tejo, Manuel Jorge Valamatos, iniciou o seu discurso na cerim\u00f3nia de apresenta\u00e7\u00e3o p\u00fablica da [&hellip;]<\/p>\n","protected":false},"author":1,"featured_media":61478,"comment_status":"open","ping_status":"closed","sticky":false,"template":"","format":"standard","meta":{"_acf_changed":false,"footnotes":""},"categories":[32,1],"tags":[],"class_list":{"0":"post-61476","1":"post","2":"type-post","3":"status-publish","4":"format-standard","5":"has-post-thumbnail","7":"category-noticias","8":"category-sem-categoria"},"acf":[],"_links":{"self":[{"href":"https:\/\/www.entroncamentoonline.pt\/portal\/wp-json\/wp\/v2\/posts\/61476","targetHints":{"allow":["GET"]}}],"collection":[{"href":"https:\/\/www.entroncamentoonline.pt\/portal\/wp-json\/wp\/v2\/posts"}],"about":[{"href":"https:\/\/www.entroncamentoonline.pt\/portal\/wp-json\/wp\/v2\/types\/post"}],"author":[{"embeddable":true,"href":"https:\/\/www.entroncamentoonline.pt\/portal\/wp-json\/wp\/v2\/users\/1"}],"replies":[{"embeddable":true,"href":"https:\/\/www.entroncamentoonline.pt\/portal\/wp-json\/wp\/v2\/comments?post=61476"}],"version-history":[{"count":0,"href":"https:\/\/www.entroncamentoonline.pt\/portal\/wp-json\/wp\/v2\/posts\/61476\/revisions"}],"wp:featuredmedia":[{"embeddable":true,"href":"https:\/\/www.entroncamentoonline.pt\/portal\/wp-json\/wp\/v2\/media\/61478"}],"wp:attachment":[{"href":"https:\/\/www.entroncamentoonline.pt\/portal\/wp-json\/wp\/v2\/media?parent=61476"}],"wp:term":[{"taxonomy":"category","embeddable":true,"href":"https:\/\/www.entroncamentoonline.pt\/portal\/wp-json\/wp\/v2\/categories?post=61476"},{"taxonomy":"post_tag","embeddable":true,"href":"https:\/\/www.entroncamentoonline.pt\/portal\/wp-json\/wp\/v2\/tags?post=61476"}],"curies":[{"name":"wp","href":"https:\/\/api.w.org\/{rel}","templated":true}]}}