{"id":61004,"date":"2024-02-23T20:08:47","date_gmt":"2024-02-23T20:08:47","guid":{"rendered":"https:\/\/www.entroncamentoonline.pt\/portal\/?p=61004"},"modified":"2024-03-02T10:20:35","modified_gmt":"2024-03-02T10:20:35","slug":"campanha-da-iniciativa-liberal-ruma-ao-distrito-de-santarem","status":"publish","type":"post","link":"https:\/\/www.entroncamentoonline.pt\/portal\/campanha-da-iniciativa-liberal-ruma-ao-distrito-de-santarem\/","title":{"rendered":"Campanha da Iniciativa Liberal ruma ao Distrito de Santar\u00e9m"},"content":{"rendered":"<p><strong>A campanha \u201cSabes quem pode mudar Portugal?&#8221; e a Rota Liberal arranca em for\u00e7a no Distrito de Santar\u00e9m em que, atrav\u00e9s de um espelho, pretende envolver diretamente a popula\u00e7\u00e3o em quest\u00f5es pol\u00edticas, demonstrando que a mudan\u00e7a come\u00e7a com a a\u00e7\u00e3o e participa\u00e7\u00e3o individual de cada um. Rui Rocha, o Presidente da Iniciativa Liberal marcar\u00e1 presen\u00e7a do distrito no pr\u00f3ximo s\u00e1bado, dia 24 de fevereiro, ao lado do n\u00facleo de Santar\u00e9m, encabe\u00e7ado por Jo\u00e3o Seil\u00e1, a aposta do partido para acelerar a mudan\u00e7a pelo pa\u00eds e pela regi\u00e3o. No dia 25 a Rota liberal mant\u00e9m-se a circular. (programa abaixo) <\/strong><\/p>\n<p>A Iniciativa Liberal apostou numa campanha que promete, literalmente, mobilizar o distrito de Santar\u00e9m: o Autocarro Liberal ser\u00e1 o ve\u00edculo para chegar aos cidad\u00e3os dos 21 munic\u00edpios da regi\u00e3o, ilustrando toda a for\u00e7a de um pa\u00eds mais liberal e de uma regi\u00e3o digna de um novo olhar, ora n\u00e3o fosse Santar\u00e9m o distrito mais a centro e no cora\u00e7\u00e3o de Portugal.<\/p>\n<p>A Rota Liberal, prevista para este s\u00e1bado, dia 24 de fevereiro, contar\u00e1 com a presen\u00e7a de Rui Rocha, o Presidente da Iniciativa Liberal, entre as 10h e as 13h. Ao lado de <a href=\"https:\/\/www.instagram.com\/joaoseila\/\">Jo\u00e3o Seil\u00e1<\/a>, o candidato independente e cabe\u00e7a de lista do N\u00facleo de Santar\u00e9m pela Iniciativa Liberal, e os militantes e entusiastas da regi\u00e3o, Rui Rocha arranca a sua visita, pelas 10h, na Quinta da Atela, em Alpiar\u00e7a para viver o esp\u00edrito escalabitano num territ\u00f3rio agr\u00edcola e de vinha.<\/p>\n<p>Agendada para as 11h45, a Arruada Liberal vai passar pela art\u00e9ria central de Almeirim, na Rua de Coruche, circulando junto dos restaurantes da regi\u00e3o e culmina, pelas 12h20 na inaugura\u00e7\u00e3o do Palco Liberal, junto aos restaurantes de Almeirim, celebrando com os cidad\u00e3os o esp\u00edrito Liberal com os sabores dos t\u00edpicos pampilhos e vinho da regi\u00e3o, uma festa que termina pelas 15h00, estando Rui Rocha presente at\u00e9 \u00e0s 13h00. A campanha m\u00f3vel da Iniciativa Liberal segue, entre as 15h00 e as 17h00 para Alpiar\u00e7a, seguindo-se a Chamusca. No dia 25 de fevereiro, domingo, a Rota Liberal circula pelas zonas centrais de Tomar, Abrantes, Const\u00e2ncia e Torres Novas.<\/p>\n<p>Toda a a\u00e7\u00e3o de divulga\u00e7\u00e3o dos valores liberais conta ainda com uma din\u00e2mica que envolve as pessoas na rua com um cartaz que pergunta: &#8220;Sabes quem pode mudar Portugal?&#8221;. Ap\u00f3s captar a aten\u00e7\u00e3o e curiosidade, o cartaz \u00e9 virado, revelando um espelho que mostra o reflexo da pessoa. Com o objetivo de criar uma conex\u00e3o pessoal e direta com as pessoas, esta a\u00e7\u00e3o pretende despertar para um envolvimento pol\u00edtico e a consci\u00eancia de que a mudan\u00e7a est\u00e1 nas m\u00e3os de cada um dos cidad\u00e3os do distrito de Santar\u00e9m, procurando diminuir a resist\u00eancia \u00e0 abordagem pol\u00edtica e abrindo-se a um di\u00e1logo mais acess\u00edvel e genu\u00edno, para al\u00e9m de empoderar a responsabilidade c\u00edvica das pessoas.<\/p>\n<p>Tendo uma forte componente digital, a campanha far\u00e1 uma verdadeira ronda ao distrito de Santar\u00e9m para recolher rea\u00e7\u00f5es e testemunhos das pessoas, independentemente da sua linha pol\u00edtica pois, no final do dia, \u201c<em>queremos que as pessoas saibam do seu papel crucial no rumo do pa\u00eds e, claro, que a Iniciativa Liberal \u00e9 a chave da mudan\u00e7a. A democracia n\u00e3o se faz sozinha e queremos envolver as pessoas e destacar a import\u00e2ncia da sua participa\u00e7\u00e3o individual na constru\u00e7\u00e3o de um futuro melhor para Portugal e para combater o \u2018mais do mesmo\u2019. Vamos juntos inspirar mudan\u00e7as reais, uma pessoa de cada vez, nesta verdadeira Rota Liberal que vamos levar ao distrito nas pr\u00f3ximas semanas<\/em>\u201d, refor\u00e7a Jo\u00e3o Seil\u00e1.A campanha &#8220;Sabes quem pode mudar Portugal?&#8221; arrancou este fim-de-semana, tendo passado por F\u00e1tima, Entroncamento, Barquinha e Goleg\u00e3. Nas pr\u00f3ximas semanas ir\u00e1 passar por outras regi\u00f5es, programa que pode ser acompanhado nas redes sociais do <a href=\"https:\/\/www.instagram.com\/santaremliberal\/\">N\u00facleo do Distrito de Santar\u00e9m do Iniciativa Liberal<\/a>, bem como o resultado dos v\u00eddeos e imagens recolhidas durante as iniciativas.<\/p>\n<p>Natural de Santar\u00e9m e residente em Rio Maior, <a href=\"https:\/\/www.instagram.com\/joaoseila\/\">Jo\u00e3o Seil\u00e1<\/a> \u00e9 gestor com mais de 10 anos de experi\u00eancia numa PME do setor da constru\u00e7\u00e3o, representa os ideais pol\u00edticos da Iniciativa Liberal como independente, trazendo consigo uma paix\u00e3o pela m\u00fasica e um compromisso firme com os valores do liberalismo. O candidato independente de 32 anos estar\u00e1 ao lado de Afonso Claudino das Neves e In\u00eas Louren\u00e7o como cabe\u00e7as de uma lista, uma nova gera\u00e7\u00e3o de candidatos que est\u00e1 comprometida em eleger um deputado do Iniciativa Liberal por Santar\u00e9m para representar na Assembleia da Rep\u00fablica, n\u00e3o s\u00f3 um pa\u00eds mais liberal, como uma regi\u00e3o digna de um novo olhar, ora n\u00e3o fosse Santar\u00e9m o distrito mais a centro e no cora\u00e7\u00e3o de Portugal.<\/p>\n<p>O N\u00facleo do Iniciativa Liberal do distrito de Santar\u00e9m conta com uma lista de 14 figuras proeminentes e competentes para as elei\u00e7\u00f5es legislativas de 2024, uma equipa diversificada e comprometida para contribuir ativamente para o desenvolvimento e progresso do pa\u00eds.<\/p>\n<p>O programa do Iniciativa Liberal \u201cPor um Portugal com Futuro\u201d pode ser lido na \u00edntegra <a href=\"https:\/\/iniciativaliberal.pt\/portugalcomfuturo\/?fbclid=PAAaYBKyttyLMJBeD-VbFKcE2hC9rRaFJ5SOKPZXBbZNQ49NGDxXgbAGN-FOk_aem_Ad-Q4Y8r4MnsUGIdg6cTS9HofSR9ICz6V2Rxuey_XQ9oaK7Z4agGbQNAciioPppFG4w\">aqui.<\/a><\/p>\n<p><strong>Programa Rota Liberal | S\u00e1bado, 24 de fevereiro <\/strong><\/p>\n<p><strong>10h00 -11h30<\/strong> | Visita \u00e0 Quinta da Atela, em Alpiar\u00e7a<\/p>\n<p><strong>11h45min-12h20<\/strong>| Arruada na art\u00e9ria central de Almeirim, na Rua de Coruche, circulando junto dos restaurantes da regi\u00e3o<\/p>\n<p><strong>12h20min \u2013 15h00<\/strong> | Inaugura\u00e7\u00e3o do Palco Liberal junto aos restaurantes de Almeirim<\/p>\n<p><strong>15h00 \u2013 15h45<\/strong> | O autocarro da Iniciativa Liberal faz uma paragem no centro de Alpiar\u00e7a e na Barragem dos Patudos.<\/p>\n<p><strong>16h15-17h00<\/strong> |Chegada \u00e0 Chamusca, circulando pelo centro e seguindo-se uma paragem na ponte da Chamusca<\/p>\n<p><strong>Programa Rota Liberal | Domingo, 25 de fevereiro <\/strong><\/p>\n<p><strong>10h00<\/strong> | Circula\u00e7\u00e3o por Tomar, centro<\/p>\n<p><strong>14h00<\/strong> | Circula\u00e7\u00e3o por Abrantes, centro<\/p>\n<p><strong>15h00<\/strong> | Circula\u00e7\u00e3o por Const\u00e2ncia, centro<\/p>\n<p><strong>16h00<\/strong> | Circula\u00e7\u00e3o por Torres Novas, centro<\/p>\n<div class=\"fb-background-color\">\n\t\t\t  <div \n\t\t\t  \tclass = \"fb-comments\" \n\t\t\t  \tdata-href = \"https:\/\/www.entroncamentoonline.pt\/portal\/campanha-da-iniciativa-liberal-ruma-ao-distrito-de-santarem\/\"\n\t\t\t  \tdata-numposts = \"10\"\n\t\t\t  \tdata-lazy = \"true\"\n\t\t\t\tdata-colorscheme = \"light\"\n\t\t\t\tdata-order-by = \"social\"\n\t\t\t\tdata-mobile=true>\n\t\t\t  <\/div><\/div>\n\t\t  <style>\n\t\t    .fb-background-color {\n\t\t\t\tbackground:  !important;\n\t\t\t}\n\t\t\t.fb_iframe_widget_fluid_desktop iframe {\n\t\t\t    width: 100% !important;\n\t\t\t}\n\t\t  <\/style>\n\t\t  ","protected":false},"excerpt":{"rendered":"<p>A campanha \u201cSabes quem pode mudar Portugal?&#8221; e a Rota Liberal arranca em for\u00e7a no Distrito de Santar\u00e9m em que, atrav\u00e9s de um espelho, pretende envolver diretamente a popula\u00e7\u00e3o em quest\u00f5es pol\u00edticas, demonstrando que a mudan\u00e7a come\u00e7a com a a\u00e7\u00e3o e participa\u00e7\u00e3o individual de cada um. Rui Rocha, o Presidente da Iniciativa Liberal marcar\u00e1 presen\u00e7a [&hellip;]<\/p>\n","protected":false},"author":1,"featured_media":61005,"comment_status":"open","ping_status":"closed","sticky":false,"template":"","format":"standard","meta":{"_acf_changed":false,"footnotes":""},"categories":[1],"tags":[],"class_list":{"0":"post-61004","1":"post","2":"type-post","3":"status-publish","4":"format-standard","5":"has-post-thumbnail","7":"category-sem-categoria"},"acf":[],"_links":{"self":[{"href":"https:\/\/www.entroncamentoonline.pt\/portal\/wp-json\/wp\/v2\/posts\/61004","targetHints":{"allow":["GET"]}}],"collection":[{"href":"https:\/\/www.entroncamentoonline.pt\/portal\/wp-json\/wp\/v2\/posts"}],"about":[{"href":"https:\/\/www.entroncamentoonline.pt\/portal\/wp-json\/wp\/v2\/types\/post"}],"author":[{"embeddable":true,"href":"https:\/\/www.entroncamentoonline.pt\/portal\/wp-json\/wp\/v2\/users\/1"}],"replies":[{"embeddable":true,"href":"https:\/\/www.entroncamentoonline.pt\/portal\/wp-json\/wp\/v2\/comments?post=61004"}],"version-history":[{"count":0,"href":"https:\/\/www.entroncamentoonline.pt\/portal\/wp-json\/wp\/v2\/posts\/61004\/revisions"}],"wp:featuredmedia":[{"embeddable":true,"href":"https:\/\/www.entroncamentoonline.pt\/portal\/wp-json\/wp\/v2\/media\/61005"}],"wp:attachment":[{"href":"https:\/\/www.entroncamentoonline.pt\/portal\/wp-json\/wp\/v2\/media?parent=61004"}],"wp:term":[{"taxonomy":"category","embeddable":true,"href":"https:\/\/www.entroncamentoonline.pt\/portal\/wp-json\/wp\/v2\/categories?post=61004"},{"taxonomy":"post_tag","embeddable":true,"href":"https:\/\/www.entroncamentoonline.pt\/portal\/wp-json\/wp\/v2\/tags?post=61004"}],"curies":[{"name":"wp","href":"https:\/\/api.w.org\/{rel}","templated":true}]}}